{"id":1094,"date":"2009-06-10T00:59:25","date_gmt":"2009-06-10T00:59:25","guid":{"rendered":"http:\/\/orthodoxonline.org\/theology\/faith-and-theology\/jesus-christ\/christology-of-john-of-damascus\/talk-about-the-christ\/"},"modified":"2009-06-10T00:59:25","modified_gmt":"2009-06-10T00:59:25","slug":"talk-about-the-christ","status":"publish","type":"post","link":"http:\/\/www.orthodoxonline.org\/theology\/da\/faith-and-theology\/the-son\/christology-of-john-of-damascus\/talk-about-the-christ\/","title":{"rendered":"Kategorier i Kristus"},"content":{"rendered":"<p><strong><span style=\"text-decoration: underline;\">Der er fire grundl\u00e6ggende typer af ordsprog om Kristus:<\/span><\/strong> Kategorierne om Kristus er opdelt i fire oprindelige kategorier, i forhold til f\u00f8r hans inkarnation, under hans inkarnation, efter hans inkarnation og efter hans opstandelse.<\/p>\n<p style=\"text-align: center;\"><span style=\"text-decoration: underline;\">De ting, der blev sagt om ham, f\u00f8r han blev menneske, er opdelt i seks tilf\u00e6lde:<\/span><\/p>\n<p>  <!--more-->  <\/p>\n<ol>\n<li>A) Blandt dem er dem, der indikerer forbindelsen mellem hans natur og dens lighed med Faderen, s\u00e5som hans ordsprog: &quot;Jeg og Faderen er \u00e9t&quot; (Joh 10:30), og &quot;Den, der har set mig, har set Fader&quot; (Johannes 14:9), og &quot;Han, der er i Guds skikkelse.&quot; (Filipperne 2:6) og lignende.<\/li>\n<li>b) Og andre indikerer fuldkommenheden af hans hypostase, s\u00e5som dit ordsprog: &quot;Guds s\u00f8n&quot; og &quot;billedet af hans v\u00e6sen&quot; (Hebr\u00e6erne 1:3), og &quot;En budbringer med stort r\u00e5d, en vidunderlig r\u00e5dgiver&quot; ( Esajas 9:5) og s\u00e5 videre.<\/li>\n<li>c) Og andre indikerer p\u00e5virkningen af hypostaserne p\u00e5 hinanden, s\u00e5som hans ordsprog: &quot;Jeg er i Faderen og Faderen i mig&quot; (Joh 14:10), og en ul\u00f8selig forbindelse, s\u00e5som ordet, magt, visdom og pragt. Ordet er i sindet, jeg mener det er en v\u00e6sentlig kvalitet i det. Og ogs\u00e5 visdom. Styrken er i det st\u00e6rke. Pragt er i lyset.<\/li>\n<li>d) Og andre indikerer, at S\u00f8nnen er fra Faderen, s\u00e5som hans ordsprog: &quot;Faderen er st\u00f8rre end jeg&quot; (Joh 14:28), for S\u00f8nnens eksistens og alt, hvad han har, er fra Faderen. Men hans eksistens er fra Faderen ved f\u00f8dslen, ikke af skabelsen, som i hans ordsprog: &quot;Jeg kom fra Faderen&quot; (Joh 16:27) og &quot;Jeg lever p\u00e5 grund af Faderen&quot; (Joh 6:57). Og alt, hvad der tilh\u00f8rer S\u00f8nnen, er ikke hans ved gave eller bel\u00e6ring, men af hans sag, som han siger: &quot;S\u00f8nnen kan ikke g\u00f8re noget af sig selv, undtagen hvad han ser Faderen g\u00f8re&quot; (Joh 5,19). Hvis Faderen ikke havde eksisteret, ville S\u00f8nnen ikke have eksisteret. For S\u00f8nnen er fra Faderen, i Faderen og hos Faderen. Men han er ikke efter Faderen. Ligeledes er det, han g\u00f8r, fra ham og med ham, fordi viljen, handlingen og kraften er den samme - og ikke ens - men de er snarere de samme for Faderen, S\u00f8nnen og Hellig\u00e5nden.<\/li>\n<li>e) Og andre angiver, hvordan den faderlige forn\u00f8jelse opn\u00e5s ved S\u00f8nnens handling, ikke at han er et lem eller en tjener, men snarere at han er hans ord, hans visdom og hans v\u00e6sentlige og hypostatiske kraft, af den grund, at bev\u00e6gelsen ses som \u00e9t i Faderen og S\u00f8nnen. For eksempel: &quot;Alt blev til ved ham&quot; (Joh 1:3), &quot;Han sendte sit ord og helbredte dem&quot; (Salme 106:20), og ogs\u00e5 &quot;for at de skulle tro, at du har sendt mig&quot; (Joh 11: 42).<\/li>\n<li>f) Og andre er profetiske. Nogle af disse er tilsyneladende futuristiske. For eksempel: &quot;Vor Gud kommer&quot; (Salme 49:2). Og hvad Zakarias siger: &quot;Se, dit rige kommer til dig...&quot; (Zakarias 9:9), og hvad Mika siger: &quot;Se, Herren vil g\u00e5 ud af sit sted og komme ned og tr\u00e6de p\u00e5 h\u00f8jene af jorden\u201d (Mika 1:3). Nogle af dem er ogs\u00e5 fremtidige, men i datid, for eksempel: &quot;Se vor Gud.&quot; Han viste sig p\u00e5 jorden og spredte sig blandt mennesker\u201d (Baruk 3:31-34). Og ogs\u00e5: &quot;Herren beskyttede mig p\u00e5 sin f\u00f8rste vej, f\u00f8r det han havde gjort fra begyndelsen&quot; (Ordsprogene 8:22). Og ogs\u00e5: &quot;Derfor har Gud, din Gud, salvet dig med gl\u00e6dens olie, bedre end dine partnere&quot; (Salme 44:8), og kursiv.<\/li>\n<\/ol>\n<p>Derfor siges det, der siges om Kristus f\u00f8r foreningen, ogs\u00e5 om ham efter foreningen. Hvad der siges om det efter foreningen, s\u00e5 skal det aldrig siges om det f\u00f8r foreningen, o Gud, hvis det er gennem profeti, som det tidligere blev sagt.<\/p>\n<p style=\"text-align: center;\"><span style=\"text-decoration: underline;\">Udsagn om Kristus i forening er opdelt i tre tilf\u00e6lde:<\/span><\/p>\n<p>Hvis vi taler om Kristus med udgangspunkt i hans h\u00f8jeste del, taler vi om guddommeligg\u00f8relsen af hans legeme og hans &quot;tale&quot; (Kristi legeme talte = forenes med Ordet), hans oph\u00f8jede overlegenhed og lignende, der forklarer den rigdom, som krop erhvervet som et resultat af dets forening og sammensmeltning med Ordet, den H\u00f8jeste Gud. N\u00e5r vi f\u00e5r talen om Kristus til at rejse sig fra hans nederste del, taler vi om inkarnationen af Gud Ordet, hans menneskeligg\u00f8relse, hans t\u00f8mning af sig selv, hans fattigdom og hans ydmyghed. Disse og andre som dem taler om menneskeheden i sindet af Gud Ordet. Men hvis vi taler om Kristus ud fra begge dele sammen, s\u00e5 fort\u00e6ller vi om forening, f\u00e6llesskab, salvelse, sammenh\u00e6ngen mellem de to naturer, sammenh\u00e6ngen mellem de to former og lignende. Det er derfor for denne tredje sag, der tales om de to foreg\u00e5ende sager. Gennem forening afsl\u00f8res den harmoni og indflydelse, som hver af dem besad. P\u00e5 grund af kroppens forening til en hypostase, siges det, at Han blev guddommeliggjort, at han blev Gud, og at han blev \u00e9n Gud med Ordet. S\u00e5 siges det, at Gud, Ordet, blev inkarneret, blev et menneske. blev en skabelse, og blev &quot;til sidst kaldet&quot; (se Esajas 53:3), og det er ikke det, at han blev en forvandling af to naturer til \u00e9n sammensat natur - det er ikke muligt for to naturlige mods\u00e6tninger at blive sammen til \u00e9n natur - det er snarere fra to naturer. De er forenet i \u00e9n hypostase og har indflydelse p\u00e5 hinanden uden sammenblanding eller forvirring. Indflydelsen var ikke af kroppen, men af guddommeligheden, fordi kroppen ikke har nogen magt til at tr\u00e6nge ind i det guddommelige, men derimod tr\u00e6ngte den guddommelige natur alene ind i kroppen og gav kroppen dens mirakul\u00f8se og klare indflydelse. Det er det, vi kalder fagforening.<\/p>\n<p><strong>Udskiftning af adjektiver:<\/strong> Vid, at i det f\u00f8rste og andet tilf\u00e6lde af forening opst\u00e5r en omvendt scene: n\u00e5r vi taler om kroppen, siger vi guddommeligg\u00f8relse, guddommeligg\u00f8relse, transcendens og salvelse, fordi at se p\u00e5 kroppen vedr\u00f8rende disse emner stammer fra teologi. N\u00e5r talen vender sig til ordet, siger vi om dets tomhed, inkarnation, menneskeligg\u00f8relse, ydmygelse og lignende. Det, vi sagde i talen, med udgangspunkt i k\u00f8det og reflekterede over Gud Ordet, var fordi han selv var villig til at b\u00e6re det.<\/p>\n<p style=\"text-align: center;\"><span style=\"text-decoration: underline;\">Der er tre typer ordsprog om Kristus efter foreningen:<\/span><\/p>\n<p><strong>den f\u00f8rste<\/strong> Han tydeligg\u00f8r sin guddommelige natur, for eksempel: &quot;Jeg er i Faderen, og Faderen er i mig&quot; (Joh 14:10), og &quot;Jeg og Faderen er \u00e9t&quot; (Joh 10:30), og alt, hvad der bliver sagt. om ham, f\u00f8r han blev menneske, siges ogs\u00e5 efter han blev menneske, bortset fra at han endnu ikke havde Han tog kroppen og dens naturlige symptomer.<\/p>\n<p><strong>den anden<\/strong> Han forklarer sin menneskelige natur, for eksempel: &quot;Hvorfor s\u00f8ger du at dr\u00e6be mig, da jeg er en mand, som har talt sandheden til dig&quot; (Joh 8:40) og &quot;S\u00e5ledes skal Menneskes\u00f8nnen oph\u00f8jes&quot; ( Johannes 3:14) og lignende.<\/p>\n<ul>\n<li>De ordsprog, der er skrevet om Frelseren Kristus, som i ord eller gerning indikerer, at han er et menneske, er af seks typer: - Blandt dem er, hvad der skete eller blev sagt naturligt og som et m\u00e5l for vores frelse. For eksempel: -Hans f\u00f8dsel fra en jomfru, hans v\u00e6kst, hans h\u00f8je alder, hans angst, hans t\u00f8rst, hans tr\u00e6thed, hans gr\u00e5d og hans s\u00f8vn. Og at han blev s\u00e5ret med s\u00f8m og d\u00f8de osv. De er alle naturlige og uskyldige lidelser, og de er alle sammen en blanding af det guddommelige og det menneskelige, selvom de - det erkendes - i virkeligheden vedr\u00f8rer kroppen, og at de det guddommelige i dem led slet ikke, men han gennemf\u00f8rte vores frelse gennem disse lidelser.<\/li>\n<li>Blandt ordsprogene er dem, der siges at foregive at g\u00f8re noget. For eksempel: Hans sp\u00f8rgsm\u00e5l: &quot;Hvor satte du Lazarus&quot; (Joh 11:34). Hans tilgang til figentr\u00e6et og hans tilbagetog fra det (Matt 21:19). Og hans b\u00f8nner. Og han &quot;lod som om han gik til et fjernere sted&quot; (Luk 24:28). Disse og lignende handlinger havde Kristus ikke brug for, hverken som Gud eller som menneske. Men han brugte det som en undskyldning - som folk g\u00f8r - for at opn\u00e5 det n\u00f8dvendige og brugbare. For eksempel: Han bad for at vise med sit sp\u00f8rgsm\u00e5l, at han ikke var fjendtlig over for Gud, og at han \u00e6rede Faderen som sin sag. Han spurgte \u2013 ikke fordi han var uvidende \u2013 men for at vise, at han faktisk var et menneske p\u00e5 trods af at han var en gud. Han trak sig tilbage fra figentr\u00e6et for at l\u00e6re os ikke at turde og overgive os til os selv.<\/li>\n<li>Nogle af ordsprogene er en anmodning om hj\u00e6lp og redning. For eksempel: &quot;Min Gud, min Gud, hvorfor har du forladt mig&quot; (Matt 27:46), &quot;Han gjorde ham til synd for os, som ikke kendte synd&quot; (2 Kor 5:21), &quot;Han blev en forbandelse for os&quot; (Galaterne 3:13), og &quot;S\u00f8nnen underordner sig ham, som har lagt alt under ham&quot; (1 Kor 15:28). Faktum er, at Faderen aldrig forlod sin s\u00f8n, hverken i det omfang, han er Gud, eller i det omfang, han er menneske. S\u00f8nnen var aldrig en synd eller en forbandelse, og han beh\u00f8vede heller ikke at underkaste sig Faderen. Da han er Gud, er han lig med Faderen og er hverken fjendtlig over for ham eller underlagt ham. Som menneske var han aldrig s\u00e5 modstandsdygtig over for sin far, at han blev tvunget til at underkaste sig ham. Han sagde kun dette, fordi han identificerede vores person og gjorde sig selv p\u00e5 vores niveau, fordi vi var underlagt synd og forbandelse. S\u00e5 vi blev efterladt.<\/li>\n<li>Blandt kategorierne er, hvad der kommer af skelnen i tanken. Hvis du i dit sind skelner, hvad det er - alts\u00e5 kroppen - som ikke er adskilt i virkeligheden fra Ordet, s\u00e5 kan du tale om en slave og en uvidende - fordi kroppen i sin natur er en slave og en uvidende. Hvis han ikke havde forenet sig med Gud Ordet, ville han have v\u00e6ret en slave og en uvidende person. Men eftersom han var hypostatisk forenet med Gud Ordet, var han aldrig en slave eller en uvidende person. Derfor kaldte han Faderen sin Gud.<\/li>\n<li>Blandt ordsprogene er, at hans \u00e5benbaring af sig selv for os styrker vores tro p\u00e5 ham. For eksempel: &quot;Nu, Fader, herligg\u00f8r mig med dig med den herlighed, som jeg havde, f\u00f8r verden eksisterede&quot; (Joh 17,5), for han var selv herliggjort og er det stadig. Men hans herlighed var ikke synlig for os, og tvang os til at tro det. Dette er endnu et eksempel p\u00e5 apostlens ordsprog: &quot;Jesus Kristus, vor Herre, som besluttede at v\u00e6re Guds s\u00f8n efter hellighedens \u00c5nd ved opstandelse fra de d\u00f8de&quot; (Rom 1:4). Han viste sig gennem sine mirakler, sin opstandelse og udgydelsen af sin Hellig\u00e5nd, og verden blev tvunget til at tro, at han er Guds s\u00f8n. Til sidst siger evangelisten: &quot;Og han voksede i visdom og n\u00e5de&quot; (Luk 2:52).<\/li>\n<li>Blandt ordsprogene er dem, der vedr\u00f8rer hans person som j\u00f8de. Han identificerede sig med j\u00f8derne, da han sagde til den samaritanske kvinde: &quot;Du tilbeder det, du ikke kender, og vi tilbeder det, vi kender, for frelsen er fra j\u00f8derne&quot; (Joh 4:22).<\/li>\n<\/ul>\n<p><strong>den tredje<\/strong> Han er den, der afsl\u00f8rer hypostasens enhed og bekr\u00e6fter foreningen af de to naturer. For eksempel: &quot;Jeg lever p\u00e5 grund af Faderen, s\u00e5 den, der spiser mig, skal ogs\u00e5 leve for mig&quot; (Joh 6:57), og &quot;Jeg g\u00e5r til Faderen, og I skal ikke se mig mere&quot; (Joh 16) :10). &quot;Hvis de havde vidst det, ville de ikke have korsf\u00e6stet herlighedens Herre&quot; (1 Kor 2:8). &quot;Ingen er steget op til himlen undtagen den, der kom ned fra himlen, Menneskes\u00f8nnen, som er i himlen&quot; (Joh 3:13). Og hvad er der galt med det?<\/p>\n<p style=\"text-align: center;\"><span style=\"text-decoration: underline;\">Udsagn om Kristus efter hans opstandelse:<\/span><\/p>\n<p>Nogle af dem passer til hans guddommelighed. For eksempel: &quot;D\u00f8b dem i Faderens og S\u00f8nnens og Hellig\u00e5ndens navn&quot; (Matt 28:19), hvilket indikerer, at S\u00f8nnen er Gud. For eksempel: &quot;Se, jeg er med jer alle dage indtil verdens ende&quot; (Matt 28:20). Og hvad er der galt med det? For han er med os som Gud. Blandt disse ordsprog er dem, der er passende som menneske. For eksempel: &quot;Tag fat om hans f\u00f8dder&quot; (Matt 28:9). &quot;Der skal de se mig&quot; (Matt 28:10). Og hvad er der galt med det?<\/p>\n<p>De ord om Kristus efter hans opstandelse, der passer til hans menneskelighed, er af forskellige typer. Nogle af dem skete i virkeligheden, men ikke i overensstemmelse med naturen af (herliggjorte legemer), men snarere efter vores frelsesplan for at bekr\u00e6fte troen p\u00e5, at det legeme, der selv havde lidt, var rejst, s\u00e5som virkningerne af s\u00e5r og Kristi spiser og drikker efter hans opstandelse. Nogle af dem opstod i virkeligheden og i kraft af glorificeret natur, s\u00e5som at flytte fra et sted til et andet uden stress og g\u00e5 ind i lukkede d\u00f8re; Nogle af dem lod som om de gjorde noget, som der st\u00e5r i verset: &quot;Han lod som om han gik til et fjernere sted&quot; (Luk 24:28). Nogle af dem skyldtes hans natur, for eksempel: &quot;Jeg stiger op til min Fader og din Fader og til min Gud og din Gud&quot; (Joh 20:17), og &quot;lader herlighedens Konge komme ind&quot; (Salme 23: 7), og &quot;han sidder ved Majest\u00e6tens h\u00f8jre h\u00e5nd i det h\u00f8je&quot; (Hebr\u00e6erne 1:3). Nogle af dem - som om de sluttede sig til vores klasse - var adskilt fra os p\u00e5 et h\u00f8jere niveau af t\u00e6nkning, som i: &quot;Min Gud, min Gud!&quot;<\/p>\n<p>Derfor m\u00e5 vi tilskrive Kristi h\u00f8je handlinger til hans guddommelige natur, fri for smerte og krop, og tilskrive hans ydmyge handlinger til hans menneskelige natur. Hvad ang\u00e5r hans f\u00e6lles handlinger, g\u00e5r de tilbage til sammens\u00e6tningen, det vil sige til den ene Kristus, som er Gud og menneske, vel vidende at de begge tilskrives vor ene Herre Jesus Kristus selv. Hvis vi ved, hvad der er specifikt for hver natur af dem og ser, at begge handlinger stammer fra den samme person, vil vores tro v\u00e6re retskaffen, og vi vil ikke fare vild. Fra alt dette kender vi sandheden om forskellen mellem de to forenede naturer, for ikke, som Cyril, der udm\u00e6rkede sig i teologi, siger, at vi g\u00f8r guddommelighed og menneskelighed til \u00e9n ting p\u00e5 niveauet med naturlige egenskaber. Ja, S\u00f8nnen, Kristus og Herren er \u00e9t, og da han er fra \u00e9n, er hans person ogs\u00e5 \u00e9n, og hans hypostatiske enhed er ikke splittet p\u00e5 nogen m\u00e5de p\u00e5 grund af viden om deres naturlige forskel.<\/p>","protected":false},"excerpt":{"rendered":"<p>\u0627\u0644\u0645\u0642\u0648\u0644\u0627\u062a \u0641\u064a \u0627\u0644\u0645\u0633\u064a\u062d \u0623\u0631\u0628\u0639\u0629 \u0623\u0646\u0648\u0627\u0639 \u0623\u0635\u0644\u064a\u0651\u0629: \u062a\u064f\u0642\u0633\u0645 \u0627\u0644\u0645\u0642\u0648\u0644\u0627\u062a \u0641\u064a \u0627\u0644\u0645\u0633\u064a\u062d \u0625\u0644\u0649 \u0623\u0631\u0628\u0639\u0629 \u0623\u0642\u0633\u0627\u0645 \u0623\u0635\u0644\u064a\u0651\u0629\u060c \u0630\u0644\u0643 \u0646\u0633\u0628\u0629\u064b \u0625\u0644\u0649 \u0645\u0627 \u0642\u0628\u0644 \u062a\u0623\u0646\u0651\u0633\u0647 [&hellip;]<\/p>\n","protected":false},"author":21,"featured_media":3449,"comment_status":"closed","ping_status":"closed","sticky":false,"template":"","format":"standard","meta":{"_relevanssi_hide_post":"","_relevanssi_hide_content":"","_relevanssi_pin_for_all":"","_relevanssi_pin_keywords":"","_relevanssi_unpin_keywords":"","_relevanssi_related_keywords":"","_relevanssi_related_include_ids":"","_relevanssi_related_exclude_ids":"","_relevanssi_related_no_append":"","_relevanssi_related_not_related":"","_relevanssi_related_posts":"2566,1325,1132,1040,810,660,2840,4993,721,1098,2568,2576","_relevanssi_noindex_reason":"","site-sidebar-layout":"default","site-content-layout":"","ast-site-content-layout":"default","site-content-style":"default","site-sidebar-style":"default","ast-global-header-display":"","ast-banner-title-visibility":"","ast-main-header-display":"","ast-hfb-above-header-display":"","ast-hfb-below-header-display":"","ast-hfb-mobile-header-display":"","site-post-title":"","ast-breadcrumbs-content":"","ast-featured-img":"","footer-sml-layout":"","ast-disable-related-posts":"","theme-transparent-header-meta":"","adv-header-id-meta":"","stick-header-meta":"","header-above-stick-meta":"","header-main-stick-meta":"","header-below-stick-meta":"","astra-migrate-meta-layouts":"default","ast-page-background-enabled":"default","ast-page-background-meta":{"desktop":{"background-color":"var(--ast-global-color-4)","background-image":"","background-repeat":"repeat","background-position":"center center","background-size":"auto","background-attachment":"scroll","background-type":"","background-media":"","overlay-type":"","overlay-color":"","overlay-opacity":"","overlay-gradient":""},"tablet":{"background-color":"","background-image":"","background-repeat":"repeat","background-position":"center center","background-size":"auto","background-attachment":"scroll","background-type":"","background-media":"","overlay-type":"","overlay-color":"","overlay-opacity":"","overlay-gradient":""},"mobile":{"background-color":"","background-image":"","background-repeat":"repeat","background-position":"center center","background-size":"auto","background-attachment":"scroll","background-type":"","background-media":"","overlay-type":"","overlay-color":"","overlay-opacity":"","overlay-gradient":""}},"ast-content-background-meta":{"desktop":{"background-color":"var(--ast-global-color-5)","background-image":"","background-repeat":"repeat","background-position":"center center","background-size":"auto","background-attachment":"scroll","background-type":"","background-media":"","overlay-type":"","overlay-color":"","overlay-opacity":"","overlay-gradient":""},"tablet":{"background-color":"var(--ast-global-color-5)","background-image":"","background-repeat":"repeat","background-position":"center center","background-size":"auto","background-attachment":"scroll","background-type":"","background-media":"","overlay-type":"","overlay-color":"","overlay-opacity":"","overlay-gradient":""},"mobile":{"background-color":"var(--ast-global-color-5)","background-image":"","background-repeat":"repeat","background-position":"center center","background-size":"auto","background-attachment":"scroll","background-type":"","background-media":"","overlay-type":"","overlay-color":"","overlay-opacity":"","overlay-gradient":""}},"footnotes":""},"categories":[38],"tags":[419,289,1002,2059,296],"class_list":["post-1094","post","type-post","status-publish","format-standard","has-post-thumbnail","hentry","category-christology-of-john-of-damascus","tag-419","tag-289","tag-1002","tag-2059","tag-296"],"yoast_head":"<!-- This site is optimized with the Yoast SEO Premium plugin v27.4 (Yoast SEO v27.4) - https:\/\/yoast.com\/product\/yoast-seo-premium-wordpress\/ -->\n<title>\u0627\u0644\u0645\u0642\u0648\u0644\u0627\u062a \u0641\u064a \u0627\u0644\u0645\u0633\u064a\u062d - \u062e\u0631\u064a\u0633\u062a\u0648\u0644\u0648\u062c\u064a\u0629 \u0627\u0644\u0642\u062f\u064a\u0633 \u064a\u0648\u062d\u0646\u0627 \u0627\u0644\u062f\u0645\u0634\u0642\u064a - \u0634\u0628\u0643\u0629 \u0623\u0631\u062b\u0648\u0630\u0643\u0633 \u0623\u0648\u0646\u0644\u0627\u064a\u0646<\/title>\n<meta name=\"description\" content=\": \u0627\u0644\u0645\u0642\u0648\u0644\u0627\u062a \u0641\u064a \u0627\u0644\u0645\u0633\u064a\u062d \u0623\u0631\u0628\u0639\u0629 \u0623\u0646\u0648\u0627\u0639 \u0623\u0635\u0644\u064a\u0651\u0629: \u062a\u064f\u0642\u0633\u0645 \u0627\u0644\u0645\u0642\u0648\u0644\u0627\u062a \u0641\u064a \u0627\u0644\u0645\u0633\u064a\u062d \u0625\u0644\u0649 \u0623\u0631\u0628\u0639\u0629 \u0623\u0642\u0633\u0627\u0645 \u0623\u0635\u0644\u064a\u0651\u0629\u060c \u0630\u0644\u0643 \u0646\u0633\u0628\u0629\u064b \u0625\u0644\u0649 \u0645\u0627 \u0642\u0628\u0644 \u062a\u0623\u0646\u0651\u0633\u0647 \u0648\u0641\u064a \u062d\u0627\u0644 \u062a\u0623\u0646\u0651\u0633\u0647 \u0648\u0628\u0639\u062f \u062a\u0623\u0646\u0651\u0633\u0647 \u0648\u0628\u0639\u062f. \u0645\u0648\u0627\u0636\u064a\u0639 \u0645\u062a\u0635\u0644\u0629: \u0627\u0644\u062a\u0623\u0644\u0647, \u0627\u0644\u062a\u062c\u0633\u062f, \u0627\u0644\u0637\u0628\u064a\u0639\u062a\u064a\u0646, \u0627\u0644\u0645\u0633\u0627\u0648\u064d \u0641\u064a \u0627\u0644\u062c\u0648\u0647\u0631, \u0627\u0644\u0645\u0633\u064a\u062d\" \/>\n<meta name=\"robots\" content=\"index, follow, max-snippet:-1, max-image-preview:large, max-video-preview:-1\" \/>\n<link rel=\"canonical\" href=\"https:\/\/www.orthodoxonline.org\/theology\/da\/faith-and-theology\/the-son\/christology-of-john-of-damascus\/talk-about-the-christ\/\" \/>\n<meta property=\"og:locale\" content=\"da_DK\" \/>\n<meta property=\"og:type\" content=\"article\" \/>\n<meta property=\"og:title\" content=\"\u0627\u0644\u0645\u0642\u0648\u0644\u0627\u062a \u0641\u064a \u0627\u0644\u0645\u0633\u064a\u062d - \u0634\u0628\u0643\u0629 \u0623\u0631\u062b\u0648\u0630\u0643\u0633 \u0623\u0648\u0646\u0644\u0627\u064a\u0646\" \/>\n<meta property=\"og:description\" content=\":\u0627\u0644\u0645\u0642\u0648\u0644\u0627\u062a \u0641\u064a \u0627\u0644\u0645\u0633\u064a\u062d \u0623\u0631\u0628\u0639\u0629 \u0623\u0646\u0648\u0627\u0639 \u0623\u0635\u0644\u064a\u0651\u0629: \u062a\u064f\u0642\u0633\u0645 \u0627\u0644\u0645\u0642\u0648\u0644\u0627\u062a \u0641\u064a \u0627\u0644\u0645\u0633\u064a\u062d \u0625\u0644\u0649 \u0623\u0631\u0628\u0639\u0629 \u0623\u0642\u0633\u0627\u0645 \u0623\u0635\u0644\u064a\u0651\u0629\u060c \u0630\u0644\u0643 \u0646\u0633\u0628\u0629\u064b \u0625\u0644\u0649 \u0645\u0627 \u0642\u0628\u0644 \u062a\u0623\u0646\u0651\u0633\u0647 \u0648\u0641\u064a \u062d\u0627\u0644 \u062a\u0623\u0646\u0651\u0633\u0647 \u0648\u0628\u0639\u062f \u062a\u0623\u0646\u0651\u0633\u0647 \u0648\u0628\u0639\u062f. \u0645\u0648\u0627\u0636\u064a\u0639 \u0645\u062a\u0635\u0644\u0629: \u0627\u0644\u062a\u0623\u0644\u0647, \u0627\u0644\u062a\u062c\u0633\u062f, \u0627\u0644\u0637\u0628\u064a\u0639\u062a\u064a\u0646, \u0627\u0644\u0645\u0633\u0627\u0648\u064d \u0641\u064a \u0627\u0644\u062c\u0648\u0647\u0631, \u0627\u0644\u0645\u0633\u064a\u062d\" \/>\n<meta property=\"og:url\" content=\"https:\/\/www.orthodoxonline.org\/theology\/da\/faith-and-theology\/the-son\/christology-of-john-of-damascus\/talk-about-the-christ\/\" \/>\n<meta property=\"og:site_name\" content=\"\u0634\u0628\u0643\u0629 \u0623\u0631\u062b\u0648\u0630\u0643\u0633 \u0623\u0648\u0646\u0644\u0627\u064a\u0646\" \/>\n<meta property=\"article:publisher\" content=\"https:\/\/facebook.com\/orthodoxonline\" \/>\n<meta property=\"article:published_time\" content=\"2009-06-10T00:59:25+00:00\" \/>\n<meta property=\"og:image\" content=\"https:\/\/www.orthodoxonline.org\/theology\/wp-content\/uploads\/sites\/3\/2015\/03\/Orthodoxonline-Logo-Featured-Post.png\" \/>\n\t<meta property=\"og:image:width\" content=\"919\" \/>\n\t<meta property=\"og:image:height\" content=\"400\" \/>\n\t<meta property=\"og:image:type\" content=\"image\/png\" \/>\n<meta name=\"author\" content=\"\u064a\u0648\u062d\u0646\u0627 \u0627\u0644\u062f\u0645\u0634\u0642\u064a\u060c \u0627\u0644\u0642\u062f\u064a\u0633\" \/>\n<meta name=\"twitter:card\" content=\"summary_large_image\" \/>\n<meta name=\"twitter:creator\" content=\"@orthodoxonline\" \/>\n<meta name=\"twitter:site\" content=\"@orthodoxonline\" \/>\n<meta name=\"twitter:label1\" content=\"Skrevet af\" \/>\n\t<meta name=\"twitter:data1\" content=\"\u064a\u0648\u062d\u0646\u0627 \u0627\u0644\u062f\u0645\u0634\u0642\u064a\u060c \u0627\u0644\u0642\u062f\u064a\u0633\" \/>\n<script type=\"application\/ld+json\" class=\"yoast-schema-graph\">{\"@context\":\"https:\\\/\\\/schema.org\",\"@graph\":[{\"@type\":\"Article\",\"@id\":\"https:\\\/\\\/www.orthodoxonline.org\\\/theology\\\/faith-and-theology\\\/the-son\\\/christology-of-john-of-damascus\\\/talk-about-the-christ\\\/#article\",\"isPartOf\":{\"@id\":\"https:\\\/\\\/www.orthodoxonline.org\\\/theology\\\/faith-and-theology\\\/the-son\\\/christology-of-john-of-damascus\\\/talk-about-the-christ\\\/\"},\"author\":{\"name\":\"\u064a\u0648\u062d\u0646\u0627 \u0627\u0644\u062f\u0645\u0634\u0642\u064a\u060c \u0627\u0644\u0642\u062f\u064a\u0633\",\"@id\":\"https:\\\/\\\/www.orthodoxonline.org\\\/theology\\\/#\\\/schema\\\/person\\\/496293ceeee203b98d7843ea2133f8a8\"},\"headline\":\"\u0627\u0644\u0645\u0642\u0648\u0644\u0627\u062a \u0641\u064a \u0627\u0644\u0645\u0633\u064a\u062d\",\"datePublished\":\"2009-06-10T00:59:25+00:00\",\"mainEntityOfPage\":{\"@id\":\"https:\\\/\\\/www.orthodoxonline.org\\\/theology\\\/faith-and-theology\\\/the-son\\\/christology-of-john-of-damascus\\\/talk-about-the-christ\\\/\"},\"wordCount\":19,\"publisher\":{\"@id\":\"https:\\\/\\\/www.orthodoxonline.org\\\/theology\\\/#organization\"},\"image\":{\"@id\":\"https:\\\/\\\/www.orthodoxonline.org\\\/theology\\\/faith-and-theology\\\/the-son\\\/christology-of-john-of-damascus\\\/talk-about-the-christ\\\/#primaryimage\"},\"thumbnailUrl\":\"https:\\\/\\\/www.orthodoxonline.org\\\/theology\\\/wp-content\\\/uploads\\\/sites\\\/3\\\/2015\\\/03\\\/Orthodoxonline-Logo-Featured-Post.png\",\"keywords\":[\"\u0627\u0644\u062a\u0623\u0644\u0647\",\"\u0627\u0644\u062a\u062c\u0633\u062f\",\"\u0627\u0644\u0637\u0628\u064a\u0639\u062a\u064a\u0646\",\"\u0627\u0644\u0645\u0633\u0627\u0648\u064d \u0641\u064a \u0627\u0644\u062c\u0648\u0647\u0631\",\"\u0627\u0644\u0645\u0633\u064a\u062d\"],\"articleSection\":[\"\u062e\u0631\u064a\u0633\u062a\u0648\u0644\u0648\u062c\u064a\u0629 \u0627\u0644\u0642\u062f\u064a\u0633 \u064a\u0648\u062d\u0646\u0627 \u0627\u0644\u062f\u0645\u0634\u0642\u064a\"],\"inLanguage\":\"da-DK\"},{\"@type\":\"WebPage\",\"@id\":\"https:\\\/\\\/www.orthodoxonline.org\\\/theology\\\/faith-and-theology\\\/the-son\\\/christology-of-john-of-damascus\\\/talk-about-the-christ\\\/\",\"url\":\"https:\\\/\\\/www.orthodoxonline.org\\\/theology\\\/faith-and-theology\\\/the-son\\\/christology-of-john-of-damascus\\\/talk-about-the-christ\\\/\",\"name\":\"\u0627\u0644\u0645\u0642\u0648\u0644\u0627\u062a \u0641\u064a \u0627\u0644\u0645\u0633\u064a\u062d - \u062e\u0631\u064a\u0633\u062a\u0648\u0644\u0648\u062c\u064a\u0629 \u0627\u0644\u0642\u062f\u064a\u0633 \u064a\u0648\u062d\u0646\u0627 \u0627\u0644\u062f\u0645\u0634\u0642\u064a - \u0634\u0628\u0643\u0629 \u0623\u0631\u062b\u0648\u0630\u0643\u0633 \u0623\u0648\u0646\u0644\u0627\u064a\u0646\",\"isPartOf\":{\"@id\":\"https:\\\/\\\/www.orthodoxonline.org\\\/theology\\\/#website\"},\"primaryImageOfPage\":{\"@id\":\"https:\\\/\\\/www.orthodoxonline.org\\\/theology\\\/faith-and-theology\\\/the-son\\\/christology-of-john-of-damascus\\\/talk-about-the-christ\\\/#primaryimage\"},\"image\":{\"@id\":\"https:\\\/\\\/www.orthodoxonline.org\\\/theology\\\/faith-and-theology\\\/the-son\\\/christology-of-john-of-damascus\\\/talk-about-the-christ\\\/#primaryimage\"},\"thumbnailUrl\":\"https:\\\/\\\/www.orthodoxonline.org\\\/theology\\\/wp-content\\\/uploads\\\/sites\\\/3\\\/2015\\\/03\\\/Orthodoxonline-Logo-Featured-Post.png\",\"datePublished\":\"2009-06-10T00:59:25+00:00\",\"description\":\": \u0627\u0644\u0645\u0642\u0648\u0644\u0627\u062a \u0641\u064a \u0627\u0644\u0645\u0633\u064a\u062d \u0623\u0631\u0628\u0639\u0629 \u0623\u0646\u0648\u0627\u0639 \u0623\u0635\u0644\u064a\u0651\u0629: \u062a\u064f\u0642\u0633\u0645 \u0627\u0644\u0645\u0642\u0648\u0644\u0627\u062a \u0641\u064a \u0627\u0644\u0645\u0633\u064a\u062d \u0625\u0644\u0649 \u0623\u0631\u0628\u0639\u0629 \u0623\u0642\u0633\u0627\u0645 \u0623\u0635\u0644\u064a\u0651\u0629\u060c \u0630\u0644\u0643 \u0646\u0633\u0628\u0629\u064b \u0625\u0644\u0649 \u0645\u0627 \u0642\u0628\u0644 \u062a\u0623\u0646\u0651\u0633\u0647 \u0648\u0641\u064a \u062d\u0627\u0644 \u062a\u0623\u0646\u0651\u0633\u0647 \u0648\u0628\u0639\u062f \u062a\u0623\u0646\u0651\u0633\u0647 \u0648\u0628\u0639\u062f. \u0645\u0648\u0627\u0636\u064a\u0639 \u0645\u062a\u0635\u0644\u0629: \u0627\u0644\u062a\u0623\u0644\u0647, \u0627\u0644\u062a\u062c\u0633\u062f, \u0627\u0644\u0637\u0628\u064a\u0639\u062a\u064a\u0646, \u0627\u0644\u0645\u0633\u0627\u0648\u064d \u0641\u064a \u0627\u0644\u062c\u0648\u0647\u0631, \u0627\u0644\u0645\u0633\u064a\u062d\",\"breadcrumb\":{\"@id\":\"https:\\\/\\\/www.orthodoxonline.org\\\/theology\\\/faith-and-theology\\\/the-son\\\/christology-of-john-of-damascus\\\/talk-about-the-christ\\\/#breadcrumb\"},\"inLanguage\":\"da-DK\",\"potentialAction\":[{\"@type\":\"ReadAction\",\"target\":[\"https:\\\/\\\/www.orthodoxonline.org\\\/theology\\\/faith-and-theology\\\/the-son\\\/christology-of-john-of-damascus\\\/talk-about-the-christ\\\/\"]}]},{\"@type\":\"ImageObject\",\"inLanguage\":\"da-DK\",\"@id\":\"https:\\\/\\\/www.orthodoxonline.org\\\/theology\\\/faith-and-theology\\\/the-son\\\/christology-of-john-of-damascus\\\/talk-about-the-christ\\\/#primaryimage\",\"url\":\"https:\\\/\\\/www.orthodoxonline.org\\\/theology\\\/wp-content\\\/uploads\\\/sites\\\/3\\\/2015\\\/03\\\/Orthodoxonline-Logo-Featured-Post.png\",\"contentUrl\":\"https:\\\/\\\/www.orthodoxonline.org\\\/theology\\\/wp-content\\\/uploads\\\/sites\\\/3\\\/2015\\\/03\\\/Orthodoxonline-Logo-Featured-Post.png\",\"width\":919,\"height\":400},{\"@type\":\"BreadcrumbList\",\"@id\":\"https:\\\/\\\/www.orthodoxonline.org\\\/theology\\\/faith-and-theology\\\/the-son\\\/christology-of-john-of-damascus\\\/talk-about-the-christ\\\/#breadcrumb\",\"itemListElement\":[{\"@type\":\"ListItem\",\"position\":1,\"name\":\"\u0627\u0644\u0631\u0626\u064a\u0633\u064a\u0629\",\"item\":\"https:\\\/\\\/www.orthodoxonline.org\\\/theology\\\/\"},{\"@type\":\"ListItem\",\"position\":2,\"name\":\"\u0627\u0644\u0625\u064a\u0645\u0627\u0646 \u0648\u0627\u0644\u0644\u0627\u0647\u0648\u062a \u0627\u0644\u0623\u0631\u062b\u0648\u0630\u0643\u0633\u064a\",\"item\":\"https:\\\/\\\/www.orthodoxonline.org\\\/theology\\\/faith-and-theology\\\/\"},{\"@type\":\"ListItem\",\"position\":3,\"name\":\"\u0627\u0642\u0646\u0648\u0645 \u0627\u0644\u0627\u0628\u0646\",\"item\":\"https:\\\/\\\/www.orthodoxonline.org\\\/theology\\\/faith-and-theology\\\/the-son\\\/\"},{\"@type\":\"ListItem\",\"position\":4,\"name\":\"\u062e\u0631\u064a\u0633\u062a\u0648\u0644\u0648\u062c\u064a\u0629 \u0627\u0644\u0642\u062f\u064a\u0633 \u064a\u0648\u062d\u0646\u0627 \u0627\u0644\u062f\u0645\u0634\u0642\u064a\",\"item\":\"https:\\\/\\\/www.orthodoxonline.org\\\/theology\\\/faith-and-theology\\\/the-son\\\/christology-of-john-of-damascus\\\/\"},{\"@type\":\"ListItem\",\"position\":5,\"name\":\"\u0627\u0644\u0645\u0642\u0648\u0644\u0627\u062a \u0641\u064a \u0627\u0644\u0645\u0633\u064a\u062d\"}]},{\"@type\":\"WebSite\",\"@id\":\"https:\\\/\\\/www.orthodoxonline.org\\\/theology\\\/#website\",\"url\":\"https:\\\/\\\/www.orthodoxonline.org\\\/theology\\\/\",\"name\":\"\u0623\u0631\u062b\u0648\u0630\u0643\u0633 \u0623\u0648\u0646\u0644\u0627\u064a\u0646\",\"description\":\"\u0625\u064a\u0645\u0627\u0646\u060c \u0639\u0642\u0627\u0626\u062f\u060c \u062a\u0627\u0631\u064a\u062e\u060c \u0644\u064a\u062a\u0648\u0631\u062c\u064a\u0629 \u0648\u062d\u064a\u0627\u0629 \u0627\u0644\u0643\u0646\u064a\u0633\u0629 \u0627\u0644\u0623\u0631\u062b\u0648\u0630\u0643\u0633\u064a\u0629 - \u0627\u0644\u0631\u0648\u0645 \u0627\u0644\u0623\u0631\u062b\u0648\u0630\u0643\u0633\",\"publisher\":{\"@id\":\"https:\\\/\\\/www.orthodoxonline.org\\\/theology\\\/#organization\"},\"alternateName\":\"\u0634\u0628\u0643\u0629 \u0623\u0631\u062b\u0648\u0630\u0643\u0633 \u0623\u0648\u0646\u0644\u0627\u064a\u0646\",\"potentialAction\":[{\"@type\":\"SearchAction\",\"target\":{\"@type\":\"EntryPoint\",\"urlTemplate\":\"https:\\\/\\\/www.orthodoxonline.org\\\/theology\\\/?s={search_term_string}\"},\"query-input\":{\"@type\":\"PropertyValueSpecification\",\"valueRequired\":true,\"valueName\":\"search_term_string\"}}],\"inLanguage\":\"da-DK\"},{\"@type\":\"Organization\",\"@id\":\"https:\\\/\\\/www.orthodoxonline.org\\\/theology\\\/#organization\",\"name\":\"\u0634\u0628\u0643\u0629 \u0623\u0631\u062b\u0648\u0630\u0643\u0633 \u0623\u0648\u0646\u0644\u0627\u064a\u0646\",\"url\":\"https:\\\/\\\/www.orthodoxonline.org\\\/theology\\\/\",\"logo\":{\"@type\":\"ImageObject\",\"inLanguage\":\"da-DK\",\"@id\":\"https:\\\/\\\/www.orthodoxonline.org\\\/theology\\\/#\\\/schema\\\/logo\\\/image\\\/\",\"url\":\"https:\\\/\\\/www.orthodoxonline.org\\\/theology\\\/wp-content\\\/uploads\\\/sites\\\/3\\\/2023\\\/07\\\/Logo-Header.png\",\"contentUrl\":\"https:\\\/\\\/www.orthodoxonline.org\\\/theology\\\/wp-content\\\/uploads\\\/sites\\\/3\\\/2023\\\/07\\\/Logo-Header.png\",\"width\":200,\"height\":200,\"caption\":\"\u0634\u0628\u0643\u0629 \u0623\u0631\u062b\u0648\u0630\u0643\u0633 \u0623\u0648\u0646\u0644\u0627\u064a\u0646\"},\"image\":{\"@id\":\"https:\\\/\\\/www.orthodoxonline.org\\\/theology\\\/#\\\/schema\\\/logo\\\/image\\\/\"},\"sameAs\":[\"https:\\\/\\\/facebook.com\\\/orthodoxonline\",\"https:\\\/\\\/x.com\\\/orthodoxonline\",\"https:\\\/\\\/www.instagram.com\\\/orthodoxonline\\\/\",\"https:\\\/\\\/www.youtube.com\\\/orthodoxonline\"],\"foundingDate\":\"2006-09-20\"},{\"@type\":\"Person\",\"@id\":\"https:\\\/\\\/www.orthodoxonline.org\\\/theology\\\/#\\\/schema\\\/person\\\/496293ceeee203b98d7843ea2133f8a8\",\"name\":\"\u064a\u0648\u062d\u0646\u0627 \u0627\u0644\u062f\u0645\u0634\u0642\u064a\u060c \u0627\u0644\u0642\u062f\u064a\u0633\",\"image\":{\"@type\":\"ImageObject\",\"inLanguage\":\"da-DK\",\"@id\":\"https:\\\/\\\/www.orthodoxonline.org\\\/theology\\\/wp-content\\\/litespeed\\\/avatar\\\/3\\\/d0d33b1b0c6be3f0ee5709a3a6244013.jpg?ver=1776857397\",\"url\":\"https:\\\/\\\/www.orthodoxonline.org\\\/theology\\\/wp-content\\\/litespeed\\\/avatar\\\/3\\\/d0d33b1b0c6be3f0ee5709a3a6244013.jpg?ver=1776857397\",\"contentUrl\":\"https:\\\/\\\/www.orthodoxonline.org\\\/theology\\\/wp-content\\\/litespeed\\\/avatar\\\/3\\\/d0d33b1b0c6be3f0ee5709a3a6244013.jpg?ver=1776857397\",\"caption\":\"\u064a\u0648\u062d\u0646\u0627 \u0627\u0644\u062f\u0645\u0634\u0642\u064a\u060c \u0627\u0644\u0642\u062f\u064a\u0633\"},\"url\":\"http:\\\/\\\/www.orthodoxonline.org\\\/theology\\\/da\\\/author\\\/st-john-of-damascus\\\/\"}]}<\/script>\n<!-- \/ Yoast SEO Premium plugin. -->","yoast_head_json":{"title":"Kategorier i Kristus - The Christology of Saint John of Damaskus - Orthodox Online Network","description":": \u0627\u0644\u0645\u0642\u0648\u0644\u0627\u062a \u0641\u064a \u0627\u0644\u0645\u0633\u064a\u062d \u0623\u0631\u0628\u0639\u0629 \u0623\u0646\u0648\u0627\u0639 \u0623\u0635\u0644\u064a\u0651\u0629: \u062a\u064f\u0642\u0633\u0645 \u0627\u0644\u0645\u0642\u0648\u0644\u0627\u062a \u0641\u064a \u0627\u0644\u0645\u0633\u064a\u062d \u0625\u0644\u0649 \u0623\u0631\u0628\u0639\u0629 \u0623\u0642\u0633\u0627\u0645 \u0623\u0635\u0644\u064a\u0651\u0629\u060c \u0630\u0644\u0643 \u0646\u0633\u0628\u0629\u064b \u0625\u0644\u0649 \u0645\u0627 \u0642\u0628\u0644 \u062a\u0623\u0646\u0651\u0633\u0647 \u0648\u0641\u064a \u062d\u0627\u0644 \u062a\u0623\u0646\u0651\u0633\u0647 \u0648\u0628\u0639\u062f \u062a\u0623\u0646\u0651\u0633\u0647 \u0648\u0628\u0639\u062f. \u0645\u0648\u0627\u0636\u064a\u0639 \u0645\u062a\u0635\u0644\u0629: \u0627\u0644\u062a\u0623\u0644\u0647, \u0627\u0644\u062a\u062c\u0633\u062f, \u0627\u0644\u0637\u0628\u064a\u0639\u062a\u064a\u0646, \u0627\u0644\u0645\u0633\u0627\u0648\u064d \u0641\u064a \u0627\u0644\u062c\u0648\u0647\u0631, \u0627\u0644\u0645\u0633\u064a\u062d","robots":{"index":"index","follow":"follow","max-snippet":"max-snippet:-1","max-image-preview":"max-image-preview:large","max-video-preview":"max-video-preview:-1"},"canonical":"https:\/\/www.orthodoxonline.org\/theology\/da\/faith-and-theology\/the-son\/christology-of-john-of-damascus\/talk-about-the-christ\/","og_locale":"da_DK","og_type":"article","og_title":"\u0627\u0644\u0645\u0642\u0648\u0644\u0627\u062a \u0641\u064a \u0627\u0644\u0645\u0633\u064a\u062d - \u0634\u0628\u0643\u0629 \u0623\u0631\u062b\u0648\u0630\u0643\u0633 \u0623\u0648\u0646\u0644\u0627\u064a\u0646","og_description":":\u0627\u0644\u0645\u0642\u0648\u0644\u0627\u062a \u0641\u064a \u0627\u0644\u0645\u0633\u064a\u062d \u0623\u0631\u0628\u0639\u0629 \u0623\u0646\u0648\u0627\u0639 \u0623\u0635\u0644\u064a\u0651\u0629: \u062a\u064f\u0642\u0633\u0645 \u0627\u0644\u0645\u0642\u0648\u0644\u0627\u062a \u0641\u064a \u0627\u0644\u0645\u0633\u064a\u062d \u0625\u0644\u0649 \u0623\u0631\u0628\u0639\u0629 \u0623\u0642\u0633\u0627\u0645 \u0623\u0635\u0644\u064a\u0651\u0629\u060c \u0630\u0644\u0643 \u0646\u0633\u0628\u0629\u064b \u0625\u0644\u0649 \u0645\u0627 \u0642\u0628\u0644 \u062a\u0623\u0646\u0651\u0633\u0647 \u0648\u0641\u064a \u062d\u0627\u0644 \u062a\u0623\u0646\u0651\u0633\u0647 \u0648\u0628\u0639\u062f \u062a\u0623\u0646\u0651\u0633\u0647 \u0648\u0628\u0639\u062f. \u0645\u0648\u0627\u0636\u064a\u0639 \u0645\u062a\u0635\u0644\u0629: \u0627\u0644\u062a\u0623\u0644\u0647, \u0627\u0644\u062a\u062c\u0633\u062f, \u0627\u0644\u0637\u0628\u064a\u0639\u062a\u064a\u0646, \u0627\u0644\u0645\u0633\u0627\u0648\u064d \u0641\u064a \u0627\u0644\u062c\u0648\u0647\u0631, \u0627\u0644\u0645\u0633\u064a\u062d","og_url":"https:\/\/www.orthodoxonline.org\/theology\/da\/faith-and-theology\/the-son\/christology-of-john-of-damascus\/talk-about-the-christ\/","og_site_name":"\u0634\u0628\u0643\u0629 \u0623\u0631\u062b\u0648\u0630\u0643\u0633 \u0623\u0648\u0646\u0644\u0627\u064a\u0646","article_publisher":"https:\/\/facebook.com\/orthodoxonline","article_published_time":"2009-06-10T00:59:25+00:00","og_image":[{"width":919,"height":400,"url":"https:\/\/www.orthodoxonline.org\/theology\/wp-content\/uploads\/sites\/3\/2015\/03\/Orthodoxonline-Logo-Featured-Post.png","type":"image\/png"}],"author":"\u064a\u0648\u062d\u0646\u0627 \u0627\u0644\u062f\u0645\u0634\u0642\u064a\u060c \u0627\u0644\u0642\u062f\u064a\u0633","twitter_card":"summary_large_image","twitter_creator":"@orthodoxonline","twitter_site":"@orthodoxonline","twitter_misc":{"Skrevet af":"\u064a\u0648\u062d\u0646\u0627 \u0627\u0644\u062f\u0645\u0634\u0642\u064a\u060c \u0627\u0644\u0642\u062f\u064a\u0633"},"schema":{"@context":"https:\/\/schema.org","@graph":[{"@type":"Article","@id":"https:\/\/www.orthodoxonline.org\/theology\/faith-and-theology\/the-son\/christology-of-john-of-damascus\/talk-about-the-christ\/#article","isPartOf":{"@id":"https:\/\/www.orthodoxonline.org\/theology\/faith-and-theology\/the-son\/christology-of-john-of-damascus\/talk-about-the-christ\/"},"author":{"name":"\u064a\u0648\u062d\u0646\u0627 \u0627\u0644\u062f\u0645\u0634\u0642\u064a\u060c \u0627\u0644\u0642\u062f\u064a\u0633","@id":"https:\/\/www.orthodoxonline.org\/theology\/#\/schema\/person\/496293ceeee203b98d7843ea2133f8a8"},"headline":"\u0627\u0644\u0645\u0642\u0648\u0644\u0627\u062a \u0641\u064a \u0627\u0644\u0645\u0633\u064a\u062d","datePublished":"2009-06-10T00:59:25+00:00","mainEntityOfPage":{"@id":"https:\/\/www.orthodoxonline.org\/theology\/faith-and-theology\/the-son\/christology-of-john-of-damascus\/talk-about-the-christ\/"},"wordCount":19,"publisher":{"@id":"https:\/\/www.orthodoxonline.org\/theology\/#organization"},"image":{"@id":"https:\/\/www.orthodoxonline.org\/theology\/faith-and-theology\/the-son\/christology-of-john-of-damascus\/talk-about-the-christ\/#primaryimage"},"thumbnailUrl":"https:\/\/www.orthodoxonline.org\/theology\/wp-content\/uploads\/sites\/3\/2015\/03\/Orthodoxonline-Logo-Featured-Post.png","keywords":["\u0627\u0644\u062a\u0623\u0644\u0647","\u0627\u0644\u062a\u062c\u0633\u062f","\u0627\u0644\u0637\u0628\u064a\u0639\u062a\u064a\u0646","\u0627\u0644\u0645\u0633\u0627\u0648\u064d \u0641\u064a \u0627\u0644\u062c\u0648\u0647\u0631","\u0627\u0644\u0645\u0633\u064a\u062d"],"articleSection":["\u062e\u0631\u064a\u0633\u062a\u0648\u0644\u0648\u062c\u064a\u0629 \u0627\u0644\u0642\u062f\u064a\u0633 \u064a\u0648\u062d\u0646\u0627 \u0627\u0644\u062f\u0645\u0634\u0642\u064a"],"inLanguage":"da-DK"},{"@type":"WebPage","@id":"https:\/\/www.orthodoxonline.org\/theology\/faith-and-theology\/the-son\/christology-of-john-of-damascus\/talk-about-the-christ\/","url":"https:\/\/www.orthodoxonline.org\/theology\/faith-and-theology\/the-son\/christology-of-john-of-damascus\/talk-about-the-christ\/","name":"Kategorier i Kristus - The Christology of Saint John of Damaskus - Orthodox Online Network","isPartOf":{"@id":"https:\/\/www.orthodoxonline.org\/theology\/#website"},"primaryImageOfPage":{"@id":"https:\/\/www.orthodoxonline.org\/theology\/faith-and-theology\/the-son\/christology-of-john-of-damascus\/talk-about-the-christ\/#primaryimage"},"image":{"@id":"https:\/\/www.orthodoxonline.org\/theology\/faith-and-theology\/the-son\/christology-of-john-of-damascus\/talk-about-the-christ\/#primaryimage"},"thumbnailUrl":"https:\/\/www.orthodoxonline.org\/theology\/wp-content\/uploads\/sites\/3\/2015\/03\/Orthodoxonline-Logo-Featured-Post.png","datePublished":"2009-06-10T00:59:25+00:00","description":": \u0627\u0644\u0645\u0642\u0648\u0644\u0627\u062a \u0641\u064a \u0627\u0644\u0645\u0633\u064a\u062d \u0623\u0631\u0628\u0639\u0629 \u0623\u0646\u0648\u0627\u0639 \u0623\u0635\u0644\u064a\u0651\u0629: \u062a\u064f\u0642\u0633\u0645 \u0627\u0644\u0645\u0642\u0648\u0644\u0627\u062a \u0641\u064a \u0627\u0644\u0645\u0633\u064a\u062d \u0625\u0644\u0649 \u0623\u0631\u0628\u0639\u0629 \u0623\u0642\u0633\u0627\u0645 \u0623\u0635\u0644\u064a\u0651\u0629\u060c \u0630\u0644\u0643 \u0646\u0633\u0628\u0629\u064b \u0625\u0644\u0649 \u0645\u0627 \u0642\u0628\u0644 \u062a\u0623\u0646\u0651\u0633\u0647 \u0648\u0641\u064a \u062d\u0627\u0644 \u062a\u0623\u0646\u0651\u0633\u0647 \u0648\u0628\u0639\u062f \u062a\u0623\u0646\u0651\u0633\u0647 \u0648\u0628\u0639\u062f. \u0645\u0648\u0627\u0636\u064a\u0639 \u0645\u062a\u0635\u0644\u0629: \u0627\u0644\u062a\u0623\u0644\u0647, \u0627\u0644\u062a\u062c\u0633\u062f, \u0627\u0644\u0637\u0628\u064a\u0639\u062a\u064a\u0646, \u0627\u0644\u0645\u0633\u0627\u0648\u064d \u0641\u064a \u0627\u0644\u062c\u0648\u0647\u0631, \u0627\u0644\u0645\u0633\u064a\u062d","breadcrumb":{"@id":"https:\/\/www.orthodoxonline.org\/theology\/faith-and-theology\/the-son\/christology-of-john-of-damascus\/talk-about-the-christ\/#breadcrumb"},"inLanguage":"da-DK","potentialAction":[{"@type":"ReadAction","target":["https:\/\/www.orthodoxonline.org\/theology\/faith-and-theology\/the-son\/christology-of-john-of-damascus\/talk-about-the-christ\/"]}]},{"@type":"ImageObject","inLanguage":"da-DK","@id":"https:\/\/www.orthodoxonline.org\/theology\/faith-and-theology\/the-son\/christology-of-john-of-damascus\/talk-about-the-christ\/#primaryimage","url":"https:\/\/www.orthodoxonline.org\/theology\/wp-content\/uploads\/sites\/3\/2015\/03\/Orthodoxonline-Logo-Featured-Post.png","contentUrl":"https:\/\/www.orthodoxonline.org\/theology\/wp-content\/uploads\/sites\/3\/2015\/03\/Orthodoxonline-Logo-Featured-Post.png","width":919,"height":400},{"@type":"BreadcrumbList","@id":"https:\/\/www.orthodoxonline.org\/theology\/faith-and-theology\/the-son\/christology-of-john-of-damascus\/talk-about-the-christ\/#breadcrumb","itemListElement":[{"@type":"ListItem","position":1,"name":"\u0627\u0644\u0631\u0626\u064a\u0633\u064a\u0629","item":"https:\/\/www.orthodoxonline.org\/theology\/"},{"@type":"ListItem","position":2,"name":"\u0627\u0644\u0625\u064a\u0645\u0627\u0646 \u0648\u0627\u0644\u0644\u0627\u0647\u0648\u062a \u0627\u0644\u0623\u0631\u062b\u0648\u0630\u0643\u0633\u064a","item":"https:\/\/www.orthodoxonline.org\/theology\/faith-and-theology\/"},{"@type":"ListItem","position":3,"name":"\u0627\u0642\u0646\u0648\u0645 \u0627\u0644\u0627\u0628\u0646","item":"https:\/\/www.orthodoxonline.org\/theology\/faith-and-theology\/the-son\/"},{"@type":"ListItem","position":4,"name":"\u062e\u0631\u064a\u0633\u062a\u0648\u0644\u0648\u062c\u064a\u0629 \u0627\u0644\u0642\u062f\u064a\u0633 \u064a\u0648\u062d\u0646\u0627 \u0627\u0644\u062f\u0645\u0634\u0642\u064a","item":"https:\/\/www.orthodoxonline.org\/theology\/faith-and-theology\/the-son\/christology-of-john-of-damascus\/"},{"@type":"ListItem","position":5,"name":"\u0627\u0644\u0645\u0642\u0648\u0644\u0627\u062a \u0641\u064a \u0627\u0644\u0645\u0633\u064a\u062d"}]},{"@type":"WebSite","@id":"https:\/\/www.orthodoxonline.org\/theology\/#website","url":"https:\/\/www.orthodoxonline.org\/theology\/","name":"Ortodokse online","description":"\u0625\u064a\u0645\u0627\u0646\u060c \u0639\u0642\u0627\u0626\u062f\u060c \u062a\u0627\u0631\u064a\u062e\u060c \u0644\u064a\u062a\u0648\u0631\u062c\u064a\u0629 \u0648\u062d\u064a\u0627\u0629 \u0627\u0644\u0643\u0646\u064a\u0633\u0629 \u0627\u0644\u0623\u0631\u062b\u0648\u0630\u0643\u0633\u064a\u0629 - \u0627\u0644\u0631\u0648\u0645 \u0627\u0644\u0623\u0631\u062b\u0648\u0630\u0643\u0633","publisher":{"@id":"https:\/\/www.orthodoxonline.org\/theology\/#organization"},"alternateName":"\u0634\u0628\u0643\u0629 \u0623\u0631\u062b\u0648\u0630\u0643\u0633 \u0623\u0648\u0646\u0644\u0627\u064a\u0646","potentialAction":[{"@type":"SearchAction","target":{"@type":"EntryPoint","urlTemplate":"https:\/\/www.orthodoxonline.org\/theology\/?s={search_term_string}"},"query-input":{"@type":"PropertyValueSpecification","valueRequired":true,"valueName":"search_term_string"}}],"inLanguage":"da-DK"},{"@type":"Organization","@id":"https:\/\/www.orthodoxonline.org\/theology\/#organization","name":"Ortodokse online netv\u00e6rk","url":"https:\/\/www.orthodoxonline.org\/theology\/","logo":{"@type":"ImageObject","inLanguage":"da-DK","@id":"https:\/\/www.orthodoxonline.org\/theology\/#\/schema\/logo\/image\/","url":"https:\/\/www.orthodoxonline.org\/theology\/wp-content\/uploads\/sites\/3\/2023\/07\/Logo-Header.png","contentUrl":"https:\/\/www.orthodoxonline.org\/theology\/wp-content\/uploads\/sites\/3\/2023\/07\/Logo-Header.png","width":200,"height":200,"caption":"\u0634\u0628\u0643\u0629 \u0623\u0631\u062b\u0648\u0630\u0643\u0633 \u0623\u0648\u0646\u0644\u0627\u064a\u0646"},"image":{"@id":"https:\/\/www.orthodoxonline.org\/theology\/#\/schema\/logo\/image\/"},"sameAs":["https:\/\/facebook.com\/orthodoxonline","https:\/\/x.com\/orthodoxonline","https:\/\/www.instagram.com\/orthodoxonline\/","https:\/\/www.youtube.com\/orthodoxonline"],"foundingDate":"2006-09-20"},{"@type":"Person","@id":"https:\/\/www.orthodoxonline.org\/theology\/#\/schema\/person\/496293ceeee203b98d7843ea2133f8a8","name":"Johannes af Damaskus, Sankt","image":{"@type":"ImageObject","inLanguage":"da-DK","@id":"https:\/\/www.orthodoxonline.org\/theology\/wp-content\/litespeed\/avatar\/3\/d0d33b1b0c6be3f0ee5709a3a6244013.jpg?ver=1776857397","url":"https:\/\/www.orthodoxonline.org\/theology\/wp-content\/litespeed\/avatar\/3\/d0d33b1b0c6be3f0ee5709a3a6244013.jpg?ver=1776857397","contentUrl":"https:\/\/www.orthodoxonline.org\/theology\/wp-content\/litespeed\/avatar\/3\/d0d33b1b0c6be3f0ee5709a3a6244013.jpg?ver=1776857397","caption":"\u064a\u0648\u062d\u0646\u0627 \u0627\u0644\u062f\u0645\u0634\u0642\u064a\u060c \u0627\u0644\u0642\u062f\u064a\u0633"},"url":"http:\/\/www.orthodoxonline.org\/theology\/da\/author\/st-john-of-damascus\/"}]}},"wps_subtitle":"","amp_enabled":true,"_links":{"self":[{"href":"http:\/\/www.orthodoxonline.org\/theology\/da\/wp-json\/wp\/v2\/posts\/1094","targetHints":{"allow":["GET"]}}],"collection":[{"href":"http:\/\/www.orthodoxonline.org\/theology\/da\/wp-json\/wp\/v2\/posts"}],"about":[{"href":"http:\/\/www.orthodoxonline.org\/theology\/da\/wp-json\/wp\/v2\/types\/post"}],"author":[{"embeddable":true,"href":"http:\/\/www.orthodoxonline.org\/theology\/da\/wp-json\/wp\/v2\/users\/21"}],"replies":[{"embeddable":true,"href":"http:\/\/www.orthodoxonline.org\/theology\/da\/wp-json\/wp\/v2\/comments?post=1094"}],"version-history":[{"count":0,"href":"http:\/\/www.orthodoxonline.org\/theology\/da\/wp-json\/wp\/v2\/posts\/1094\/revisions"}],"wp:featuredmedia":[{"embeddable":true,"href":"http:\/\/www.orthodoxonline.org\/theology\/da\/wp-json\/wp\/v2\/media\/3449"}],"wp:attachment":[{"href":"http:\/\/www.orthodoxonline.org\/theology\/da\/wp-json\/wp\/v2\/media?parent=1094"}],"wp:term":[{"taxonomy":"category","embeddable":true,"href":"http:\/\/www.orthodoxonline.org\/theology\/da\/wp-json\/wp\/v2\/categories?post=1094"},{"taxonomy":"post_tag","embeddable":true,"href":"http:\/\/www.orthodoxonline.org\/theology\/da\/wp-json\/wp\/v2\/tags?post=1094"}],"curies":[{"name":"wp","href":"https:\/\/api.w.org\/{rel}","templated":true}]}}