{"id":1113,"date":"2009-06-16T16:02:26","date_gmt":"2009-06-16T16:02:26","guid":{"rendered":"http:\/\/orthodoxonline.org\/theology\/faith-and-theology\/studies-and-articles-about-orthodox-faith-and-theology\/the-sacrament-of-cross\/"},"modified":"2009-06-16T16:02:26","modified_gmt":"2009-06-16T16:02:26","slug":"the-sacrament-of-cross","status":"publish","type":"post","link":"http:\/\/www.orthodoxonline.org\/theology\/es\/faith-and-theology\/studies-and-articles-about-orthodox-faith-and-theology\/the-sacrament-of-cross\/","title":{"rendered":"El secreto de la bondad"},"content":{"rendered":"<p>Es el secreto del amor que Dios predestin\u00f3 antes de los siglos para nuestra gloria, y lo revel\u00f3 en la plenitud de los tiempos para que todos los hombres puedan participar de la vida eterna. Este misterio, que es \u201cuna verdad que trasciende toda interpretaci\u00f3n humana\u201d, es explorado por todo aquel que se humill\u00f3 con sinceridad de coraz\u00f3n ante el crucificado desnudo, y para quien la muerte del Salvador fue fuente de vida nueva.<\/p>\n<p>  <!--more-->  <\/p>\n<p>El tema de la cruz tom\u00f3 un lugar importante en los escritos del Nuevo Testamento, especialmente en las cartas de San Pablo, y gira en torno a dos puntos importantes: el primero es que la muerte de Cristo en la cruz es un acontecimiento que en realidad tuvo lugar lugar en la historia, y la segunda es que este evento es la vida del mundo. El primer vers\u00edculo que nos atrapa, en nuestro contexto, es lo que dijo el Ap\u00f3stol en su primera carta a la Iglesia de Corinto, que es: \u201cNo me propuse saber entre vosotros nada sino a Jesucristo, y \u00e9ste crucificado\u201d (2:2), lo que sin duda significa que este acontecimiento salvador no queda detenido en el pasado, sino que su acci\u00f3n contin\u00faa en la historia, y posteriormente indica lo que el Mensajero espera ver en esta comunidad emergente, que es que crea en aceptar a Jes\u00fas como Se\u00f1or y Salvador, y esto significa obedecer la Palabra de Dios en su vida diaria. Esto es porque la buena noticia con la que el Vaso Elegido los ha impregnado no puede satisfacerse s\u00f3lo con palabras, sino con la conversi\u00f3n completa a Dios y la crucificaci\u00f3n de todo deseo nocivo para imaginar al Cristo victorioso en quienes creen en \u00c9l. En su carta a los G\u00e1latas, el Ap\u00f3stol cita un testimonio maravilloso que nos ayuda a comprender mejor el significado con el que abrimos aqu\u00ed el discurso: \u201cEstoy crucificado con Cristo, y ya no vivo yo, sino Cristo vive en m\u00ed\u201d. Todo lo que vivo ahora en la carne, lo vivo por la fe, en la fe del Hijo de Dios, el cual me am\u00f3 y se entreg\u00f3 a s\u00ed mismo por m\u00ed\u201d (2:20). Por supuesto, Pablo no habla como habla la gente, ni vive como vive el mundo, comprendi\u00f3 el secreto y su vida fue la mejor expresi\u00f3n de su realizaci\u00f3n, porque cre\u00eda que Cristo lo amaba con un amor personal e incomparable. Amor. Quer\u00eda decir aqu\u00ed: Si no hubiera ning\u00fan ser humano en el mundo... Fuera de \u00c9l, el \u00fanico Hijo de Dios habr\u00eda venido y se habr\u00eda entregado por \u00c9l. Cristo muri\u00f3 por \u00e9l y \u00e9l no puede ser neutral ante este terrible acontecimiento. Si dice que fue crucificado \u201ccon Cristo\u201d, es, sin duda, un creyente, es decir, que Cristo (Pablo) lo llev\u00f3 consigo en su cruz. Este conocimiento indica que el Mensajero acept\u00f3 la salvaci\u00f3n que Cristo logr\u00f3 en el mundo y, en consecuencia, confirma que este \u201camor loco\u201d, que es fuente de una vida nueva y es aceptado todos los d\u00edas, se ha convertido en toda su vida. Ser crucificados con Cristo no significa que tengamos nuestras propias cruces como individuos separados de \u00c9l, sino que creemos que Jes\u00fas nos llev\u00f3 con \u00e9l en su misma cruz y elimin\u00f3 todo pecado en nosotros y en el mundo y nos resucit\u00f3 con \u00e9l para una nueva vida.<\/p>\n<p>Quien no ha probado el fruto de la victoria de la Cruz de Cristo en su vida, \u201cpecado, salvaci\u00f3n o redenci\u00f3n\u201d no puede tener sentido para \u00e9l. Quien considere que la vida no tiene valor sin disfrutar de los placeres de este mundo, que es \u201cese campo fr\u00edo y abstracto\u201d, como lo describe el padre Leif Gelleh, cae en pecado. Es cierto que el mundo tiene un brillo tentador, y si no fuera por \u00e9l nadie habr\u00eda ca\u00eddo en su enga\u00f1o, sin embargo, el amor que los creyentes saborean en sus corazones es m\u00e1s fuerte y brillante, y su barco que los lleva a \u00e9l. el puerto de la salvaci\u00f3n es la cruz. No quiero que mi lector entienda que el Se\u00f1or Jes\u00fas es vencedor (\u00bfc\u00f3mo puede ser vencedor Aquel que fue crucificado por amor a la humanidad?), y que busca a las personas en contra de su voluntad. Su grandeza, en cualquier caso, es que su amor desinteresado es una llamada que, si se acepta, tiene plena potencia para aniquilar la persistencia de quien est\u00e1 inmerso en sus pecados y renovarlos. Para vivir basta que la persona acepte, sin desesperarse, dejarse vencer por el amor asombroso del Se\u00f1or. Esto se debe a que Aquel que descendi\u00f3 al fondo del Infierno y con su muerte venci\u00f3 a la muerte es capaz - si lo deseamos - de &quot;salvarnos de toda ca\u00edda y de toda tristeza&quot;, y en consecuencia, de eliminar toda contradicci\u00f3n entre su amor por nosotros y nuestro amor. fracaso en obedecer su amor.<\/p>\n<p>No es sorprendente que encuentren en este mundo muchas tentaciones y consideraciones que contradicen la esencia de la verdad y van en contra de ella, sino m\u00e1s bien que encuentren cristianos ahog\u00e1ndose en el mundo y apresur\u00e1ndose hacia lo que creen que es gozo y gloria en el mundo. \u00e9l. Puede resultar molesto decir que lo que hace de la cruz de Cristo un acontecimiento de juicio es que los creyentes en Dios anhelan el poder del mundo que ha sido anulado y buscan la gloria que se ha desvanecido y est\u00e1 vaciada de su significado. \u00bfC\u00f3mo es la crucifixi\u00f3n de Jes\u00fas la realidad de nuestras vidas? Este es el desaf\u00edo de quien (Jes\u00fas) obedeci\u00f3 a su Padre hasta el fin. Cristo muri\u00f3 \u201cpor nosotros\u201d, y esto significa que la vida aparte de \u00c9l no tiene valor, y no hay valor para la rebeli\u00f3n y la desobediencia, porque cada rebeli\u00f3n fue derrotada por la luz que brot\u00f3 de la tumba al tercer d\u00eda (ver el conversi\u00f3n). Las tinieblas no pueden resistir a la luz, ni el pecado puede resistir a la justicia, ni el odio puede resistir al amor... y toda rebeli\u00f3n es estupidez, independientemente de su interpretaci\u00f3n. Sin embargo, los justos conf\u00edan en que la verdad prevalece por muchos enemigos que tenga, y que \u00c9l es capaz, en todo momento, de establecer Su reino en obediencia a la historia. La muerte del Salvador resumi\u00f3 la historia humana, y el juicio del mundo parec\u00eda una victoria segura y ocurri\u00f3 \u00edntegramente en ese momento en que el mundo pensaba que el Hijo de Dios hab\u00eda muerto derrotado. No, el n\u00famero no es nada, y el poder del mundo no es nada: la belleza, la raz\u00f3n, el dinero, el poder..., y todo lo que se pensaba que era algo se ha convertido en nada, porque Jes\u00fas \u201cel poder y la sabidur\u00eda de Dios\u201d (1 Corintios 1:24) expuso al mundo, trastorn\u00f3 sus conceptos e hizo in\u00fatiles las normas del mundo. Y solo \u00c9l lleg\u00f3 a ser todo y en todos.<\/p>\n<p>Cristo sale victorioso en sus seres amados, este es su secreto. \u00c9l no s\u00f3lo venci\u00f3 su muerte en la cruz, sino la muerte, y esto significa que a trav\u00e9s de su muerte venci\u00f3 la muerte de todos nosotros y cada inacci\u00f3n y pecado en nosotros y en el mundo... y esta victoria es el secreto de la nueva existencia, y es que toda luz y virtud, en cada generaci\u00f3n, se hizo posible a trav\u00e9s de \u00e9l. Cristo, que condescendi\u00f3 a revelar su fuerza y belleza en la \u201capertura y fealdad\u201d, nos permiti\u00f3 a nosotros, que no \u00e9ramos nada antes de su encarnaci\u00f3n y crucifixi\u00f3n, convertirnos a trav\u00e9s de \u00c9l y de aquellos que pens\u00e1bamos que eran inexistentes y nada, presentes y en todo.<\/p>\n<p>El mundo se estaba ahogando en el lodo del pecado cuando el Hijo de Dios vino y nos am\u00f3 hasta el fin y nos dio el camino de la victoria y la garant\u00eda de la vida verdadera: este es el secreto que \u201capareci\u00f3\u201d y se hizo disponible para cada persona en el mundo para revelarlo y vivir.<\/p>\n<p style=\"text-align: left;\">De mi bolet\u00edn parroquial 2000<\/p>","protected":false},"excerpt":{"rendered":"<p>\u0647\u0648 \u0633\u0631\u0651 \u0627\u0644\u062d\u0628 \u0627\u0644\u0630\u064a \u0633\u0628\u0642 \u0627\u0644\u0644\u0647 \u0641\u0639\u064a\u0651\u0646\u0647 \u0642\u0628\u0644 \u0627\u0644\u062f\u0647\u0648\u0631 \u0644\u0645\u062c\u062f\u0646\u0627\u060c \u0648\u0643\u0634\u0641\u0647 \u0641\u064a \u0645\u0644\u0621 \u0627\u0644\u0632\u0645\u0627\u0646 \u0644\u062a\u0643\u0648\u0646 \u0644\u062c\u0645\u064a\u0639 \u0627\u0644\u0646\u0627\u0633 \u0634\u0631\u0643\u0629 \u0627\u0644\u062d\u064a\u0627\u0629 \u0627\u0644\u0623\u0628\u062f\u064a\u0629. [&hellip;]<\/p>\n","protected":false},"author":8,"featured_media":3449,"comment_status":"closed","ping_status":"closed","sticky":false,"template":"","format":"standard","meta":{"_relevanssi_hide_post":"","_relevanssi_hide_content":"","_relevanssi_pin_for_all":"","_relevanssi_pin_keywords":"","_relevanssi_unpin_keywords":"","_relevanssi_related_keywords":"","_relevanssi_related_include_ids":"","_relevanssi_related_exclude_ids":"","_relevanssi_related_no_append":"","_relevanssi_related_not_related":"","_relevanssi_related_posts":"2534,1040,2262,2489,2891,2458,2843,2815,2544,2800,1862,5014","_relevanssi_noindex_reason":"","site-sidebar-layout":"default","site-content-layout":"","ast-site-content-layout":"default","site-content-style":"default","site-sidebar-style":"default","ast-global-header-display":"","ast-banner-title-visibility":"","ast-main-header-display":"","ast-hfb-above-header-display":"","ast-hfb-below-header-display":"","ast-hfb-mobile-header-display":"","site-post-title":"","ast-breadcrumbs-content":"","ast-featured-img":"","footer-sml-layout":"","ast-disable-related-posts":"","theme-transparent-header-meta":"","adv-header-id-meta":"","stick-header-meta":"","header-above-stick-meta":"","header-main-stick-meta":"","header-below-stick-meta":"","astra-migrate-meta-layouts":"default","ast-page-background-enabled":"default","ast-page-background-meta":{"desktop":{"background-color":"var(--ast-global-color-4)","background-image":"","background-repeat":"repeat","background-position":"center center","background-size":"auto","background-attachment":"scroll","background-type":"","background-media":"","overlay-type":"","overlay-color":"","overlay-opacity":"","overlay-gradient":""},"tablet":{"background-color":"","background-image":"","background-repeat":"repeat","background-position":"center center","background-size":"auto","background-attachment":"scroll","background-type":"","background-media":"","overlay-type":"","overlay-color":"","overlay-opacity":"","overlay-gradient":""},"mobile":{"background-color":"","background-image":"","background-repeat":"repeat","background-position":"center center","background-size":"auto","background-attachment":"scroll","background-type":"","background-media":"","overlay-type":"","overlay-color":"","overlay-opacity":"","overlay-gradient":""}},"ast-content-background-meta":{"desktop":{"background-color":"var(--ast-global-color-5)","background-image":"","background-repeat":"repeat","background-position":"center center","background-size":"auto","background-attachment":"scroll","background-type":"","background-media":"","overlay-type":"","overlay-color":"","overlay-opacity":"","overlay-gradient":""},"tablet":{"background-color":"var(--ast-global-color-5)","background-image":"","background-repeat":"repeat","background-position":"center center","background-size":"auto","background-attachment":"scroll","background-type":"","background-media":"","overlay-type":"","overlay-color":"","overlay-opacity":"","overlay-gradient":""},"mobile":{"background-color":"var(--ast-global-color-5)","background-image":"","background-repeat":"repeat","background-position":"center center","background-size":"auto","background-attachment":"scroll","background-type":"","background-media":"","overlay-type":"","overlay-color":"","overlay-opacity":"","overlay-gradient":""}},"footnotes":""},"categories":[52],"tags":[558],"class_list":["post-1113","post","type-post","status-publish","format-standard","has-post-thumbnail","hentry","category-studies-and-articles-about-orthodox-faith-and-theology","tag-558"],"yoast_head":"<!-- This site is optimized with the Yoast SEO Premium plugin v27.4 (Yoast SEO v27.5) - https:\/\/yoast.com\/product\/yoast-seo-premium-wordpress\/ -->\n<title>\u0633\u0631 \u0627\u0644\u0635\u064a\u0628 - \u062f\u0631\u0627\u0633\u0627\u062a \u0648\u0645\u0642\u0627\u0644\u0627\u062a \u0644\u0627\u0647\u0648\u062a\u064a\u0629 \u0639\u0642\u0627\u0626\u062f\u064a\u0629 - \u0634\u0628\u0643\u0629 \u0623\u0631\u062b\u0648\u0630\u0643\u0633 \u0623\u0648\u0646\u0644\u0627\u064a\u0646<\/title>\n<meta name=\"description\" content=\": \u0647\u0648 \u0633\u0631\u0651 \u0627\u0644\u062d\u0628 \u0627\u0644\u0630\u064a \u0633\u0628\u0642 \u0627\u0644\u0644\u0647 \u0641\u0639\u064a\u0651\u0646\u0647 \u0642\u0628\u0644 \u0627\u0644\u062f\u0647\u0648\u0631 \u0644\u0645\u062c\u062f\u0646\u0627\u060c \u0648\u0643\u0634\u0641\u0647 \u0641\u064a \u0645\u0644\u0621 \u0627\u0644\u0632\u0645\u0627\u0646 \u0644\u062a\u0643\u0648\u0646 \u0644\u062c\u0645\u064a\u0639 \u0627\u0644\u0646\u0627\u0633 \u0634\u0631\u0643\u0629 \u0627\u0644\u062d\u064a\u0627\u0629 \u0627\u0644\u0623\u0628\u062f\u064a\u0629. \u0648\u0647\u0630\u0627 \u0627\u0644\u0633\u0631\u0651 -\u0627\u0644\u0630\u064a \u0647\u0648 &quot;\u062d\u0642\u064a\u0642\u0629 \u062a\u062a\u062c\u0627\u0648\u0632 \u0643\u0644 \u062a\u0641\u0633\u064a\u0631. \u0645\u0648\u0627\u0636\u064a\u0639 \u0645\u062a\u0635\u0644\u0629: \u0627\u0644\u0635\u0644\u064a\u0628\" \/>\n<meta name=\"robots\" content=\"index, follow, max-snippet:-1, max-image-preview:large, max-video-preview:-1\" \/>\n<link rel=\"canonical\" href=\"https:\/\/www.orthodoxonline.org\/theology\/es\/faith-and-theology\/studies-and-articles-about-orthodox-faith-and-theology\/the-sacrament-of-cross\/\" \/>\n<meta property=\"og:locale\" content=\"es_ES\" \/>\n<meta property=\"og:type\" content=\"article\" \/>\n<meta property=\"og:title\" content=\"\u0633\u0631 \u0627\u0644\u0635\u064a\u0628 - \u0634\u0628\u0643\u0629 \u0623\u0631\u062b\u0648\u0630\u0643\u0633 \u0623\u0648\u0646\u0644\u0627\u064a\u0646\" \/>\n<meta property=\"og:description\" content=\":\u0647\u0648 \u0633\u0631\u0651 \u0627\u0644\u062d\u0628 \u0627\u0644\u0630\u064a \u0633\u0628\u0642 \u0627\u0644\u0644\u0647 \u0641\u0639\u064a\u0651\u0646\u0647 \u0642\u0628\u0644 \u0627\u0644\u062f\u0647\u0648\u0631 \u0644\u0645\u062c\u062f\u0646\u0627\u060c \u0648\u0643\u0634\u0641\u0647 \u0641\u064a \u0645\u0644\u0621 \u0627\u0644\u0632\u0645\u0627\u0646 \u0644\u062a\u0643\u0648\u0646 \u0644\u062c\u0645\u064a\u0639 \u0627\u0644\u0646\u0627\u0633 \u0634\u0631\u0643\u0629 \u0627\u0644\u062d\u064a\u0627\u0629 \u0627\u0644\u0623\u0628\u062f\u064a\u0629. \u0648\u0647\u0630\u0627 \u0627\u0644\u0633\u0631\u0651 -\u0627\u0644\u0630\u064a \u0647\u0648 &quot;\u062d\u0642\u064a\u0642\u0629 \u062a\u062a\u062c\u0627\u0648\u0632 \u0643\u0644 \u062a\u0641\u0633\u064a\u0631. \u0645\u0648\u0627\u0636\u064a\u0639 \u0645\u062a\u0635\u0644\u0629: \u0627\u0644\u0635\u0644\u064a\u0628\" \/>\n<meta property=\"og:url\" content=\"https:\/\/www.orthodoxonline.org\/theology\/es\/faith-and-theology\/studies-and-articles-about-orthodox-faith-and-theology\/the-sacrament-of-cross\/\" \/>\n<meta property=\"og:site_name\" content=\"\u0634\u0628\u0643\u0629 \u0623\u0631\u062b\u0648\u0630\u0643\u0633 \u0623\u0648\u0646\u0644\u0627\u064a\u0646\" \/>\n<meta property=\"article:publisher\" content=\"https:\/\/facebook.com\/orthodoxonline\" \/>\n<meta property=\"article:published_time\" content=\"2009-06-16T16:02:26+00:00\" \/>\n<meta property=\"og:image\" content=\"https:\/\/www.orthodoxonline.org\/theology\/wp-content\/uploads\/sites\/3\/2015\/03\/Orthodoxonline-Logo-Featured-Post.png\" \/>\n\t<meta property=\"og:image:width\" content=\"919\" \/>\n\t<meta property=\"og:image:height\" content=\"400\" \/>\n\t<meta property=\"og:image:type\" content=\"image\/png\" \/>\n<meta name=\"author\" content=\"\u0631\u0639\u064a\u062a\u064a\u060c \u0646\u0634\u0631\u0629 \u0645\u0637\u0631\u0627\u0646\u064a\u0629 \u062c\u0628\u0644 \u0644\u0628\u0646\u0627\u0646\" \/>\n<meta name=\"twitter:card\" content=\"summary_large_image\" \/>\n<meta name=\"twitter:creator\" content=\"@orthodoxonline\" \/>\n<meta name=\"twitter:site\" content=\"@orthodoxonline\" \/>\n<meta name=\"twitter:label1\" content=\"Escrito por\" \/>\n\t<meta name=\"twitter:data1\" content=\"\u0631\u0639\u064a\u062a\u064a\u060c \u0646\u0634\u0631\u0629 \u0645\u0637\u0631\u0627\u0646\u064a\u0629 \u062c\u0628\u0644 \u0644\u0628\u0646\u0627\u0646\" \/>\n<script type=\"application\/ld+json\" class=\"yoast-schema-graph\">{\"@context\":\"https:\\\/\\\/schema.org\",\"@graph\":[{\"@type\":\"Article\",\"@id\":\"https:\\\/\\\/www.orthodoxonline.org\\\/theology\\\/faith-and-theology\\\/studies-and-articles-about-orthodox-faith-and-theology\\\/the-sacrament-of-cross\\\/#article\",\"isPartOf\":{\"@id\":\"https:\\\/\\\/www.orthodoxonline.org\\\/theology\\\/faith-and-theology\\\/studies-and-articles-about-orthodox-faith-and-theology\\\/the-sacrament-of-cross\\\/\"},\"author\":{\"name\":\"\u0631\u0639\u064a\u062a\u064a\u060c \u0646\u0634\u0631\u0629 \u0645\u0637\u0631\u0627\u0646\u064a\u0629 \u062c\u0628\u0644 \u0644\u0628\u0646\u0627\u0646\",\"@id\":\"https:\\\/\\\/www.orthodoxonline.org\\\/theology\\\/#\\\/schema\\\/person\\\/76e8d2eb452814b8af30774a5623b4aa\"},\"headline\":\"\u0633\u0631 \u0627\u0644\u0635\u064a\u0628\",\"datePublished\":\"2009-06-16T16:02:26+00:00\",\"mainEntityOfPage\":{\"@id\":\"https:\\\/\\\/www.orthodoxonline.org\\\/theology\\\/faith-and-theology\\\/studies-and-articles-about-orthodox-faith-and-theology\\\/the-sacrament-of-cross\\\/\"},\"wordCount\":4,\"publisher\":{\"@id\":\"https:\\\/\\\/www.orthodoxonline.org\\\/theology\\\/#organization\"},\"image\":{\"@id\":\"https:\\\/\\\/www.orthodoxonline.org\\\/theology\\\/faith-and-theology\\\/studies-and-articles-about-orthodox-faith-and-theology\\\/the-sacrament-of-cross\\\/#primaryimage\"},\"thumbnailUrl\":\"https:\\\/\\\/www.orthodoxonline.org\\\/theology\\\/wp-content\\\/uploads\\\/sites\\\/3\\\/2015\\\/03\\\/Orthodoxonline-Logo-Featured-Post.png\",\"keywords\":[\"\u0627\u0644\u0635\u0644\u064a\u0628\"],\"articleSection\":[\"\u062f\u0631\u0627\u0633\u0627\u062a \u0648\u0645\u0642\u0627\u0644\u0627\u062a \u0644\u0627\u0647\u0648\u062a\u064a\u0629 \u0639\u0642\u0627\u0626\u062f\u064a\u0629\"],\"inLanguage\":\"es\"},{\"@type\":\"WebPage\",\"@id\":\"https:\\\/\\\/www.orthodoxonline.org\\\/theology\\\/faith-and-theology\\\/studies-and-articles-about-orthodox-faith-and-theology\\\/the-sacrament-of-cross\\\/\",\"url\":\"https:\\\/\\\/www.orthodoxonline.org\\\/theology\\\/faith-and-theology\\\/studies-and-articles-about-orthodox-faith-and-theology\\\/the-sacrament-of-cross\\\/\",\"name\":\"\u0633\u0631 \u0627\u0644\u0635\u064a\u0628 - \u062f\u0631\u0627\u0633\u0627\u062a \u0648\u0645\u0642\u0627\u0644\u0627\u062a \u0644\u0627\u0647\u0648\u062a\u064a\u0629 \u0639\u0642\u0627\u0626\u062f\u064a\u0629 - \u0634\u0628\u0643\u0629 \u0623\u0631\u062b\u0648\u0630\u0643\u0633 \u0623\u0648\u0646\u0644\u0627\u064a\u0646\",\"isPartOf\":{\"@id\":\"https:\\\/\\\/www.orthodoxonline.org\\\/theology\\\/#website\"},\"primaryImageOfPage\":{\"@id\":\"https:\\\/\\\/www.orthodoxonline.org\\\/theology\\\/faith-and-theology\\\/studies-and-articles-about-orthodox-faith-and-theology\\\/the-sacrament-of-cross\\\/#primaryimage\"},\"image\":{\"@id\":\"https:\\\/\\\/www.orthodoxonline.org\\\/theology\\\/faith-and-theology\\\/studies-and-articles-about-orthodox-faith-and-theology\\\/the-sacrament-of-cross\\\/#primaryimage\"},\"thumbnailUrl\":\"https:\\\/\\\/www.orthodoxonline.org\\\/theology\\\/wp-content\\\/uploads\\\/sites\\\/3\\\/2015\\\/03\\\/Orthodoxonline-Logo-Featured-Post.png\",\"datePublished\":\"2009-06-16T16:02:26+00:00\",\"description\":\": \u0647\u0648 \u0633\u0631\u0651 \u0627\u0644\u062d\u0628 \u0627\u0644\u0630\u064a \u0633\u0628\u0642 \u0627\u0644\u0644\u0647 \u0641\u0639\u064a\u0651\u0646\u0647 \u0642\u0628\u0644 \u0627\u0644\u062f\u0647\u0648\u0631 \u0644\u0645\u062c\u062f\u0646\u0627\u060c \u0648\u0643\u0634\u0641\u0647 \u0641\u064a \u0645\u0644\u0621 \u0627\u0644\u0632\u0645\u0627\u0646 \u0644\u062a\u0643\u0648\u0646 \u0644\u062c\u0645\u064a\u0639 \u0627\u0644\u0646\u0627\u0633 \u0634\u0631\u0643\u0629 \u0627\u0644\u062d\u064a\u0627\u0629 \u0627\u0644\u0623\u0628\u062f\u064a\u0629. \u0648\u0647\u0630\u0627 \u0627\u0644\u0633\u0631\u0651 -\u0627\u0644\u0630\u064a \u0647\u0648 \\\"\u062d\u0642\u064a\u0642\u0629 \u062a\u062a\u062c\u0627\u0648\u0632 \u0643\u0644 \u062a\u0641\u0633\u064a\u0631. \u0645\u0648\u0627\u0636\u064a\u0639 \u0645\u062a\u0635\u0644\u0629: \u0627\u0644\u0635\u0644\u064a\u0628\",\"breadcrumb\":{\"@id\":\"https:\\\/\\\/www.orthodoxonline.org\\\/theology\\\/faith-and-theology\\\/studies-and-articles-about-orthodox-faith-and-theology\\\/the-sacrament-of-cross\\\/#breadcrumb\"},\"inLanguage\":\"es\",\"potentialAction\":[{\"@type\":\"ReadAction\",\"target\":[\"https:\\\/\\\/www.orthodoxonline.org\\\/theology\\\/faith-and-theology\\\/studies-and-articles-about-orthodox-faith-and-theology\\\/the-sacrament-of-cross\\\/\"]}]},{\"@type\":\"ImageObject\",\"inLanguage\":\"es\",\"@id\":\"https:\\\/\\\/www.orthodoxonline.org\\\/theology\\\/faith-and-theology\\\/studies-and-articles-about-orthodox-faith-and-theology\\\/the-sacrament-of-cross\\\/#primaryimage\",\"url\":\"https:\\\/\\\/www.orthodoxonline.org\\\/theology\\\/wp-content\\\/uploads\\\/sites\\\/3\\\/2015\\\/03\\\/Orthodoxonline-Logo-Featured-Post.png\",\"contentUrl\":\"https:\\\/\\\/www.orthodoxonline.org\\\/theology\\\/wp-content\\\/uploads\\\/sites\\\/3\\\/2015\\\/03\\\/Orthodoxonline-Logo-Featured-Post.png\",\"width\":919,\"height\":400},{\"@type\":\"BreadcrumbList\",\"@id\":\"https:\\\/\\\/www.orthodoxonline.org\\\/theology\\\/faith-and-theology\\\/studies-and-articles-about-orthodox-faith-and-theology\\\/the-sacrament-of-cross\\\/#breadcrumb\",\"itemListElement\":[{\"@type\":\"ListItem\",\"position\":1,\"name\":\"\u0627\u0644\u0631\u0626\u064a\u0633\u064a\u0629\",\"item\":\"https:\\\/\\\/www.orthodoxonline.org\\\/theology\\\/\"},{\"@type\":\"ListItem\",\"position\":2,\"name\":\"\u0627\u0644\u0625\u064a\u0645\u0627\u0646 \u0648\u0627\u0644\u0644\u0627\u0647\u0648\u062a \u0627\u0644\u0623\u0631\u062b\u0648\u0630\u0643\u0633\u064a\",\"item\":\"https:\\\/\\\/www.orthodoxonline.org\\\/theology\\\/faith-and-theology\\\/\"},{\"@type\":\"ListItem\",\"position\":3,\"name\":\"\u062f\u0631\u0627\u0633\u0627\u062a \u0648\u0645\u0642\u0627\u0644\u0627\u062a \u0644\u0627\u0647\u0648\u062a\u064a\u0629 \u0639\u0642\u0627\u0626\u062f\u064a\u0629\",\"item\":\"https:\\\/\\\/www.orthodoxonline.org\\\/theology\\\/faith-and-theology\\\/studies-and-articles-about-orthodox-faith-and-theology\\\/\"},{\"@type\":\"ListItem\",\"position\":4,\"name\":\"\u0633\u0631 \u0627\u0644\u0635\u064a\u0628\"}]},{\"@type\":\"WebSite\",\"@id\":\"https:\\\/\\\/www.orthodoxonline.org\\\/theology\\\/#website\",\"url\":\"https:\\\/\\\/www.orthodoxonline.org\\\/theology\\\/\",\"name\":\"\u0623\u0631\u062b\u0648\u0630\u0643\u0633 \u0623\u0648\u0646\u0644\u0627\u064a\u0646\",\"description\":\"\u0625\u064a\u0645\u0627\u0646\u060c \u0639\u0642\u0627\u0626\u062f\u060c \u062a\u0627\u0631\u064a\u062e\u060c \u0644\u064a\u062a\u0648\u0631\u062c\u064a\u0629 \u0648\u062d\u064a\u0627\u0629 \u0627\u0644\u0643\u0646\u064a\u0633\u0629 \u0627\u0644\u0623\u0631\u062b\u0648\u0630\u0643\u0633\u064a\u0629 - \u0627\u0644\u0631\u0648\u0645 \u0627\u0644\u0623\u0631\u062b\u0648\u0630\u0643\u0633\",\"publisher\":{\"@id\":\"https:\\\/\\\/www.orthodoxonline.org\\\/theology\\\/#organization\"},\"alternateName\":\"\u0634\u0628\u0643\u0629 \u0623\u0631\u062b\u0648\u0630\u0643\u0633 \u0623\u0648\u0646\u0644\u0627\u064a\u0646\",\"potentialAction\":[{\"@type\":\"SearchAction\",\"target\":{\"@type\":\"EntryPoint\",\"urlTemplate\":\"https:\\\/\\\/www.orthodoxonline.org\\\/theology\\\/?s={search_term_string}\"},\"query-input\":{\"@type\":\"PropertyValueSpecification\",\"valueRequired\":true,\"valueName\":\"search_term_string\"}}],\"inLanguage\":\"es\"},{\"@type\":\"Organization\",\"@id\":\"https:\\\/\\\/www.orthodoxonline.org\\\/theology\\\/#organization\",\"name\":\"\u0634\u0628\u0643\u0629 \u0623\u0631\u062b\u0648\u0630\u0643\u0633 \u0623\u0648\u0646\u0644\u0627\u064a\u0646\",\"url\":\"https:\\\/\\\/www.orthodoxonline.org\\\/theology\\\/\",\"logo\":{\"@type\":\"ImageObject\",\"inLanguage\":\"es\",\"@id\":\"https:\\\/\\\/www.orthodoxonline.org\\\/theology\\\/#\\\/schema\\\/logo\\\/image\\\/\",\"url\":\"https:\\\/\\\/www.orthodoxonline.org\\\/theology\\\/wp-content\\\/uploads\\\/sites\\\/3\\\/2023\\\/07\\\/Logo-Header.png\",\"contentUrl\":\"https:\\\/\\\/www.orthodoxonline.org\\\/theology\\\/wp-content\\\/uploads\\\/sites\\\/3\\\/2023\\\/07\\\/Logo-Header.png\",\"width\":200,\"height\":200,\"caption\":\"\u0634\u0628\u0643\u0629 \u0623\u0631\u062b\u0648\u0630\u0643\u0633 \u0623\u0648\u0646\u0644\u0627\u064a\u0646\"},\"image\":{\"@id\":\"https:\\\/\\\/www.orthodoxonline.org\\\/theology\\\/#\\\/schema\\\/logo\\\/image\\\/\"},\"sameAs\":[\"https:\\\/\\\/facebook.com\\\/orthodoxonline\",\"https:\\\/\\\/x.com\\\/orthodoxonline\",\"https:\\\/\\\/www.instagram.com\\\/orthodoxonline\\\/\",\"https:\\\/\\\/www.youtube.com\\\/orthodoxonline\"],\"foundingDate\":\"2006-09-20\"},{\"@type\":\"Person\",\"@id\":\"https:\\\/\\\/www.orthodoxonline.org\\\/theology\\\/#\\\/schema\\\/person\\\/76e8d2eb452814b8af30774a5623b4aa\",\"name\":\"\u0631\u0639\u064a\u062a\u064a\u060c \u0646\u0634\u0631\u0629 \u0645\u0637\u0631\u0627\u0646\u064a\u0629 \u062c\u0628\u0644 \u0644\u0628\u0646\u0627\u0646\",\"image\":{\"@type\":\"ImageObject\",\"inLanguage\":\"es\",\"@id\":\"https:\\\/\\\/www.orthodoxonline.org\\\/theology\\\/wp-content\\\/litespeed\\\/avatar\\\/3\\\/c42124ba79eee7b4372e471bfcc38788.jpg?ver=1776851734\",\"url\":\"https:\\\/\\\/www.orthodoxonline.org\\\/theology\\\/wp-content\\\/litespeed\\\/avatar\\\/3\\\/c42124ba79eee7b4372e471bfcc38788.jpg?ver=1776851734\",\"contentUrl\":\"https:\\\/\\\/www.orthodoxonline.org\\\/theology\\\/wp-content\\\/litespeed\\\/avatar\\\/3\\\/c42124ba79eee7b4372e471bfcc38788.jpg?ver=1776851734\",\"caption\":\"\u0631\u0639\u064a\u062a\u064a\u060c \u0646\u0634\u0631\u0629 \u0645\u0637\u0631\u0627\u0646\u064a\u0629 \u062c\u0628\u0644 \u0644\u0628\u0646\u0627\u0646\"},\"url\":\"http:\\\/\\\/www.orthodoxonline.org\\\/theology\\\/es\\\/author\\\/raiati\\\/\"}]}<\/script>\n<!-- \/ Yoast SEO Premium plugin. -->","yoast_head_json":{"title":"\u0633\u0631 \u0627\u0644\u0635\u064a\u0628 - \u062f\u0631\u0627\u0633\u0627\u062a \u0648\u0645\u0642\u0627\u0644\u0627\u062a \u0644\u0627\u0647\u0648\u062a\u064a\u0629 \u0639\u0642\u0627\u0626\u062f\u064a\u0629 - \u0634\u0628\u0643\u0629 \u0623\u0631\u062b\u0648\u0630\u0643\u0633 \u0623\u0648\u0646\u0644\u0627\u064a\u0646","description":": \u0647\u0648 \u0633\u0631\u0651 \u0627\u0644\u062d\u0628 \u0627\u0644\u0630\u064a \u0633\u0628\u0642 \u0627\u0644\u0644\u0647 \u0641\u0639\u064a\u0651\u0646\u0647 \u0642\u0628\u0644 \u0627\u0644\u062f\u0647\u0648\u0631 \u0644\u0645\u062c\u062f\u0646\u0627\u060c \u0648\u0643\u0634\u0641\u0647 \u0641\u064a \u0645\u0644\u0621 \u0627\u0644\u0632\u0645\u0627\u0646 \u0644\u062a\u0643\u0648\u0646 \u0644\u062c\u0645\u064a\u0639 \u0627\u0644\u0646\u0627\u0633 \u0634\u0631\u0643\u0629 \u0627\u0644\u062d\u064a\u0627\u0629 \u0627\u0644\u0623\u0628\u062f\u064a\u0629. \u0648\u0647\u0630\u0627 \u0627\u0644\u0633\u0631\u0651 -\u0627\u0644\u0630\u064a \u0647\u0648 \"\u062d\u0642\u064a\u0642\u0629 \u062a\u062a\u062c\u0627\u0648\u0632 \u0643\u0644 \u062a\u0641\u0633\u064a\u0631. \u0645\u0648\u0627\u0636\u064a\u0639 \u0645\u062a\u0635\u0644\u0629: \u0627\u0644\u0635\u0644\u064a\u0628","robots":{"index":"index","follow":"follow","max-snippet":"max-snippet:-1","max-image-preview":"max-image-preview:large","max-video-preview":"max-video-preview:-1"},"canonical":"https:\/\/www.orthodoxonline.org\/theology\/es\/faith-and-theology\/studies-and-articles-about-orthodox-faith-and-theology\/the-sacrament-of-cross\/","og_locale":"es_ES","og_type":"article","og_title":"\u0633\u0631 \u0627\u0644\u0635\u064a\u0628 - \u0634\u0628\u0643\u0629 \u0623\u0631\u062b\u0648\u0630\u0643\u0633 \u0623\u0648\u0646\u0644\u0627\u064a\u0646","og_description":":\u0647\u0648 \u0633\u0631\u0651 \u0627\u0644\u062d\u0628 \u0627\u0644\u0630\u064a \u0633\u0628\u0642 \u0627\u0644\u0644\u0647 \u0641\u0639\u064a\u0651\u0646\u0647 \u0642\u0628\u0644 \u0627\u0644\u062f\u0647\u0648\u0631 \u0644\u0645\u062c\u062f\u0646\u0627\u060c \u0648\u0643\u0634\u0641\u0647 \u0641\u064a \u0645\u0644\u0621 \u0627\u0644\u0632\u0645\u0627\u0646 \u0644\u062a\u0643\u0648\u0646 \u0644\u062c\u0645\u064a\u0639 \u0627\u0644\u0646\u0627\u0633 \u0634\u0631\u0643\u0629 \u0627\u0644\u062d\u064a\u0627\u0629 \u0627\u0644\u0623\u0628\u062f\u064a\u0629. \u0648\u0647\u0630\u0627 \u0627\u0644\u0633\u0631\u0651 -\u0627\u0644\u0630\u064a \u0647\u0648 \"\u062d\u0642\u064a\u0642\u0629 \u062a\u062a\u062c\u0627\u0648\u0632 \u0643\u0644 \u062a\u0641\u0633\u064a\u0631. \u0645\u0648\u0627\u0636\u064a\u0639 \u0645\u062a\u0635\u0644\u0629: \u0627\u0644\u0635\u0644\u064a\u0628","og_url":"https:\/\/www.orthodoxonline.org\/theology\/es\/faith-and-theology\/studies-and-articles-about-orthodox-faith-and-theology\/the-sacrament-of-cross\/","og_site_name":"\u0634\u0628\u0643\u0629 \u0623\u0631\u062b\u0648\u0630\u0643\u0633 \u0623\u0648\u0646\u0644\u0627\u064a\u0646","article_publisher":"https:\/\/facebook.com\/orthodoxonline","article_published_time":"2009-06-16T16:02:26+00:00","og_image":[{"width":919,"height":400,"url":"https:\/\/www.orthodoxonline.org\/theology\/wp-content\/uploads\/sites\/3\/2015\/03\/Orthodoxonline-Logo-Featured-Post.png","type":"image\/png"}],"author":"\u0631\u0639\u064a\u062a\u064a\u060c \u0646\u0634\u0631\u0629 \u0645\u0637\u0631\u0627\u0646\u064a\u0629 \u062c\u0628\u0644 \u0644\u0628\u0646\u0627\u0646","twitter_card":"summary_large_image","twitter_creator":"@orthodoxonline","twitter_site":"@orthodoxonline","twitter_misc":{"Escrito por":"\u0631\u0639\u064a\u062a\u064a\u060c \u0646\u0634\u0631\u0629 \u0645\u0637\u0631\u0627\u0646\u064a\u0629 \u062c\u0628\u0644 \u0644\u0628\u0646\u0627\u0646"},"schema":{"@context":"https:\/\/schema.org","@graph":[{"@type":"Article","@id":"https:\/\/www.orthodoxonline.org\/theology\/faith-and-theology\/studies-and-articles-about-orthodox-faith-and-theology\/the-sacrament-of-cross\/#article","isPartOf":{"@id":"https:\/\/www.orthodoxonline.org\/theology\/faith-and-theology\/studies-and-articles-about-orthodox-faith-and-theology\/the-sacrament-of-cross\/"},"author":{"name":"\u0631\u0639\u064a\u062a\u064a\u060c \u0646\u0634\u0631\u0629 \u0645\u0637\u0631\u0627\u0646\u064a\u0629 \u062c\u0628\u0644 \u0644\u0628\u0646\u0627\u0646","@id":"https:\/\/www.orthodoxonline.org\/theology\/#\/schema\/person\/76e8d2eb452814b8af30774a5623b4aa"},"headline":"\u0633\u0631 \u0627\u0644\u0635\u064a\u0628","datePublished":"2009-06-16T16:02:26+00:00","mainEntityOfPage":{"@id":"https:\/\/www.orthodoxonline.org\/theology\/faith-and-theology\/studies-and-articles-about-orthodox-faith-and-theology\/the-sacrament-of-cross\/"},"wordCount":4,"publisher":{"@id":"https:\/\/www.orthodoxonline.org\/theology\/#organization"},"image":{"@id":"https:\/\/www.orthodoxonline.org\/theology\/faith-and-theology\/studies-and-articles-about-orthodox-faith-and-theology\/the-sacrament-of-cross\/#primaryimage"},"thumbnailUrl":"https:\/\/www.orthodoxonline.org\/theology\/wp-content\/uploads\/sites\/3\/2015\/03\/Orthodoxonline-Logo-Featured-Post.png","keywords":["\u0627\u0644\u0635\u0644\u064a\u0628"],"articleSection":["\u062f\u0631\u0627\u0633\u0627\u062a \u0648\u0645\u0642\u0627\u0644\u0627\u062a \u0644\u0627\u0647\u0648\u062a\u064a\u0629 \u0639\u0642\u0627\u0626\u062f\u064a\u0629"],"inLanguage":"es"},{"@type":"WebPage","@id":"https:\/\/www.orthodoxonline.org\/theology\/faith-and-theology\/studies-and-articles-about-orthodox-faith-and-theology\/the-sacrament-of-cross\/","url":"https:\/\/www.orthodoxonline.org\/theology\/faith-and-theology\/studies-and-articles-about-orthodox-faith-and-theology\/the-sacrament-of-cross\/","name":"\u0633\u0631 \u0627\u0644\u0635\u064a\u0628 - \u062f\u0631\u0627\u0633\u0627\u062a \u0648\u0645\u0642\u0627\u0644\u0627\u062a \u0644\u0627\u0647\u0648\u062a\u064a\u0629 \u0639\u0642\u0627\u0626\u062f\u064a\u0629 - \u0634\u0628\u0643\u0629 \u0623\u0631\u062b\u0648\u0630\u0643\u0633 \u0623\u0648\u0646\u0644\u0627\u064a\u0646","isPartOf":{"@id":"https:\/\/www.orthodoxonline.org\/theology\/#website"},"primaryImageOfPage":{"@id":"https:\/\/www.orthodoxonline.org\/theology\/faith-and-theology\/studies-and-articles-about-orthodox-faith-and-theology\/the-sacrament-of-cross\/#primaryimage"},"image":{"@id":"https:\/\/www.orthodoxonline.org\/theology\/faith-and-theology\/studies-and-articles-about-orthodox-faith-and-theology\/the-sacrament-of-cross\/#primaryimage"},"thumbnailUrl":"https:\/\/www.orthodoxonline.org\/theology\/wp-content\/uploads\/sites\/3\/2015\/03\/Orthodoxonline-Logo-Featured-Post.png","datePublished":"2009-06-16T16:02:26+00:00","description":": \u0647\u0648 \u0633\u0631\u0651 \u0627\u0644\u062d\u0628 \u0627\u0644\u0630\u064a \u0633\u0628\u0642 \u0627\u0644\u0644\u0647 \u0641\u0639\u064a\u0651\u0646\u0647 \u0642\u0628\u0644 \u0627\u0644\u062f\u0647\u0648\u0631 \u0644\u0645\u062c\u062f\u0646\u0627\u060c \u0648\u0643\u0634\u0641\u0647 \u0641\u064a \u0645\u0644\u0621 \u0627\u0644\u0632\u0645\u0627\u0646 \u0644\u062a\u0643\u0648\u0646 \u0644\u062c\u0645\u064a\u0639 \u0627\u0644\u0646\u0627\u0633 \u0634\u0631\u0643\u0629 \u0627\u0644\u062d\u064a\u0627\u0629 \u0627\u0644\u0623\u0628\u062f\u064a\u0629. \u0648\u0647\u0630\u0627 \u0627\u0644\u0633\u0631\u0651 -\u0627\u0644\u0630\u064a \u0647\u0648 \"\u062d\u0642\u064a\u0642\u0629 \u062a\u062a\u062c\u0627\u0648\u0632 \u0643\u0644 \u062a\u0641\u0633\u064a\u0631. \u0645\u0648\u0627\u0636\u064a\u0639 \u0645\u062a\u0635\u0644\u0629: \u0627\u0644\u0635\u0644\u064a\u0628","breadcrumb":{"@id":"https:\/\/www.orthodoxonline.org\/theology\/faith-and-theology\/studies-and-articles-about-orthodox-faith-and-theology\/the-sacrament-of-cross\/#breadcrumb"},"inLanguage":"es","potentialAction":[{"@type":"ReadAction","target":["https:\/\/www.orthodoxonline.org\/theology\/faith-and-theology\/studies-and-articles-about-orthodox-faith-and-theology\/the-sacrament-of-cross\/"]}]},{"@type":"ImageObject","inLanguage":"es","@id":"https:\/\/www.orthodoxonline.org\/theology\/faith-and-theology\/studies-and-articles-about-orthodox-faith-and-theology\/the-sacrament-of-cross\/#primaryimage","url":"https:\/\/www.orthodoxonline.org\/theology\/wp-content\/uploads\/sites\/3\/2015\/03\/Orthodoxonline-Logo-Featured-Post.png","contentUrl":"https:\/\/www.orthodoxonline.org\/theology\/wp-content\/uploads\/sites\/3\/2015\/03\/Orthodoxonline-Logo-Featured-Post.png","width":919,"height":400},{"@type":"BreadcrumbList","@id":"https:\/\/www.orthodoxonline.org\/theology\/faith-and-theology\/studies-and-articles-about-orthodox-faith-and-theology\/the-sacrament-of-cross\/#breadcrumb","itemListElement":[{"@type":"ListItem","position":1,"name":"\u0627\u0644\u0631\u0626\u064a\u0633\u064a\u0629","item":"https:\/\/www.orthodoxonline.org\/theology\/"},{"@type":"ListItem","position":2,"name":"\u0627\u0644\u0625\u064a\u0645\u0627\u0646 \u0648\u0627\u0644\u0644\u0627\u0647\u0648\u062a \u0627\u0644\u0623\u0631\u062b\u0648\u0630\u0643\u0633\u064a","item":"https:\/\/www.orthodoxonline.org\/theology\/faith-and-theology\/"},{"@type":"ListItem","position":3,"name":"\u062f\u0631\u0627\u0633\u0627\u062a \u0648\u0645\u0642\u0627\u0644\u0627\u062a \u0644\u0627\u0647\u0648\u062a\u064a\u0629 \u0639\u0642\u0627\u0626\u062f\u064a\u0629","item":"https:\/\/www.orthodoxonline.org\/theology\/faith-and-theology\/studies-and-articles-about-orthodox-faith-and-theology\/"},{"@type":"ListItem","position":4,"name":"\u0633\u0631 \u0627\u0644\u0635\u064a\u0628"}]},{"@type":"WebSite","@id":"https:\/\/www.orthodoxonline.org\/theology\/#website","url":"https:\/\/www.orthodoxonline.org\/theology\/","name":"Ortodoxo en l\u00ednea","description":"Fe, doctrinas, historia, liturgia y vida de la Iglesia Ortodoxa Griega","publisher":{"@id":"https:\/\/www.orthodoxonline.org\/theology\/#organization"},"alternateName":"\u0634\u0628\u0643\u0629 \u0623\u0631\u062b\u0648\u0630\u0643\u0633 \u0623\u0648\u0646\u0644\u0627\u064a\u0646","potentialAction":[{"@type":"SearchAction","target":{"@type":"EntryPoint","urlTemplate":"https:\/\/www.orthodoxonline.org\/theology\/?s={search_term_string}"},"query-input":{"@type":"PropertyValueSpecification","valueRequired":true,"valueName":"search_term_string"}}],"inLanguage":"es"},{"@type":"Organization","@id":"https:\/\/www.orthodoxonline.org\/theology\/#organization","name":"Red ortodoxa en l\u00ednea","url":"https:\/\/www.orthodoxonline.org\/theology\/","logo":{"@type":"ImageObject","inLanguage":"es","@id":"https:\/\/www.orthodoxonline.org\/theology\/#\/schema\/logo\/image\/","url":"https:\/\/www.orthodoxonline.org\/theology\/wp-content\/uploads\/sites\/3\/2023\/07\/Logo-Header.png","contentUrl":"https:\/\/www.orthodoxonline.org\/theology\/wp-content\/uploads\/sites\/3\/2023\/07\/Logo-Header.png","width":200,"height":200,"caption":"\u0634\u0628\u0643\u0629 \u0623\u0631\u062b\u0648\u0630\u0643\u0633 \u0623\u0648\u0646\u0644\u0627\u064a\u0646"},"image":{"@id":"https:\/\/www.orthodoxonline.org\/theology\/#\/schema\/logo\/image\/"},"sameAs":["https:\/\/facebook.com\/orthodoxonline","https:\/\/x.com\/orthodoxonline","https:\/\/www.instagram.com\/orthodoxonline\/","https:\/\/www.youtube.com\/orthodoxonline"],"foundingDate":"2006-09-20"},{"@type":"Person","@id":"https:\/\/www.orthodoxonline.org\/theology\/#\/schema\/person\/76e8d2eb452814b8af30774a5623b4aa","name":"Mi Parroquia, Bolet\u00edn de la Di\u00f3cesis de Monte L\u00edbano","image":{"@type":"ImageObject","inLanguage":"es","@id":"https:\/\/www.orthodoxonline.org\/theology\/wp-content\/litespeed\/avatar\/3\/c42124ba79eee7b4372e471bfcc38788.jpg?ver=1776851734","url":"https:\/\/www.orthodoxonline.org\/theology\/wp-content\/litespeed\/avatar\/3\/c42124ba79eee7b4372e471bfcc38788.jpg?ver=1776851734","contentUrl":"https:\/\/www.orthodoxonline.org\/theology\/wp-content\/litespeed\/avatar\/3\/c42124ba79eee7b4372e471bfcc38788.jpg?ver=1776851734","caption":"\u0631\u0639\u064a\u062a\u064a\u060c \u0646\u0634\u0631\u0629 \u0645\u0637\u0631\u0627\u0646\u064a\u0629 \u062c\u0628\u0644 \u0644\u0628\u0646\u0627\u0646"},"url":"http:\/\/www.orthodoxonline.org\/theology\/es\/author\/raiati\/"}]}},"wps_subtitle":"","amp_enabled":true,"_links":{"self":[{"href":"http:\/\/www.orthodoxonline.org\/theology\/es\/wp-json\/wp\/v2\/posts\/1113","targetHints":{"allow":["GET"]}}],"collection":[{"href":"http:\/\/www.orthodoxonline.org\/theology\/es\/wp-json\/wp\/v2\/posts"}],"about":[{"href":"http:\/\/www.orthodoxonline.org\/theology\/es\/wp-json\/wp\/v2\/types\/post"}],"author":[{"embeddable":true,"href":"http:\/\/www.orthodoxonline.org\/theology\/es\/wp-json\/wp\/v2\/users\/8"}],"replies":[{"embeddable":true,"href":"http:\/\/www.orthodoxonline.org\/theology\/es\/wp-json\/wp\/v2\/comments?post=1113"}],"version-history":[{"count":0,"href":"http:\/\/www.orthodoxonline.org\/theology\/es\/wp-json\/wp\/v2\/posts\/1113\/revisions"}],"wp:featuredmedia":[{"embeddable":true,"href":"http:\/\/www.orthodoxonline.org\/theology\/es\/wp-json\/wp\/v2\/media\/3449"}],"wp:attachment":[{"href":"http:\/\/www.orthodoxonline.org\/theology\/es\/wp-json\/wp\/v2\/media?parent=1113"}],"wp:term":[{"taxonomy":"category","embeddable":true,"href":"http:\/\/www.orthodoxonline.org\/theology\/es\/wp-json\/wp\/v2\/categories?post=1113"},{"taxonomy":"post_tag","embeddable":true,"href":"http:\/\/www.orthodoxonline.org\/theology\/es\/wp-json\/wp\/v2\/tags?post=1113"}],"curies":[{"name":"wp","href":"https:\/\/api.w.org\/{rel}","templated":true}]}}