{"id":2852,"date":"2012-06-25T02:05:15","date_gmt":"2012-06-25T02:05:15","guid":{"rendered":"http:\/\/orthodoxonline.org\/theology\/orthodox-library\/the-church-and-liturgy\/the-sacraments-2\/yes-or-no-to-women-priesthood\/chapter-iii\/"},"modified":"2012-06-25T02:05:15","modified_gmt":"2012-06-25T02:05:15","slug":"chapter-iii","status":"publish","type":"post","link":"http:\/\/www.orthodoxonline.org\/theology\/es\/orthodox-library\/the-church-and-liturgy\/the-sacraments-2\/yes-or-no-to-women-priesthood\/chapter-iii\/","title":{"rendered":"3: Problemas relacionados"},"content":{"rendered":"<h3>Menstruaci\u00f3n:<\/h3>\n<p>Muchas mujeres conocedoras ven, y sienten al mismo tiempo, que el ciclo menstrual es un asunto en el que no hay pecado ni pecado, pues es un fen\u00f3meno puramente biol\u00f3gico y natural y no tienen opini\u00f3n al respecto, pero el pecado es la voluntad. hacer esto y aquel acto vergonzoso que es contrario a la paz del coraz\u00f3n y al amor divino.<\/p>\n<p>Pero al mismo tiempo, no nos sorprendemos cuando notamos que un segmento de mujeres es llevado, por ignorancia, a reconocer que el ciclo menstrual es una cuesti\u00f3n de pecado e impureza. La raz\u00f3n, por supuesto, se debe a una educaci\u00f3n e informaci\u00f3n err\u00f3neas.<\/p>\n<p>  <!--more-->  <\/p>\n<p>Los orientales, en nuestra decisi\u00f3n, y esto es algo en lo que nos criamos, creemos que la menstruaci\u00f3n de la mujer est\u00e1 asociada a la impureza sin saber por qu\u00e9. Quiz\u00e1s esto se deba al hecho de que inconscientemente nos educan en la creencia de que las mujeres son un mal necesario y, por lo tanto, toda la maldad y la impureza que hay en ellas. Esta tendencia en los orientales la vemos plasmada en nuestras sociedades cuando notamos que varios seminaristas est\u00e1n convencidos de que la menstruaci\u00f3n es impureza, y por eso los vemos recurrir a estas y otras pr\u00e1cticas para impedir que las mujeres entren a la iglesia y les ofrezcan el Santo. Grial. Adem\u00e1s, un gran segmento de cristianos est\u00e1 convencido de que las mujeres no deben comulgar cuando est\u00e1n menstruando. Es m\u00e1s, tampoco les est\u00e1 permitido besar los iconos que cuelgan de las paredes de la iglesia (el iconostasio).<\/p>\n<p>Entre las leyes can\u00f3nicas tenemos una ley de San Dionisio de Alejandr\u00eda (ver colecci\u00f3n de derecho can\u00f3nico, p\u00e1gina 874). La ley mencionada establece lo siguiente: \u201cNo est\u00e1 permitido que una mujer se acerque a recibir la Comuni\u00f3n estando en su per\u00edodo menstrual, ni tampoco que asista a la iglesia\u201d. En la misma p\u00e1gina del libro \u201cLa Colecci\u00f3n de Derecho Eclesi\u00e1stico\u201d leemos, y esto en palabras del propio San Dionisio, que \u00e9l no ve en la descarga nocturna nada que impida la Comuni\u00f3n (ver p. 874, ibid. ). La pregunta es: \u00bfC\u00f3mo puede ser pecado la menstruaci\u00f3n, mientras que tener sue\u00f1os h\u00famedos por la noche es normal? \u00bfNo es en ambos casos la cuesti\u00f3n puramente biol\u00f3gica? \u00bfExiste una relaci\u00f3n entre el pecado y la cuesti\u00f3n biol\u00f3gica?<\/p>\n<p>De hecho, la f\u00f3rmula presentada por San Dionisio parece extra\u00f1a, sobre todo si la comparamos con lo expresado en la carta del ap\u00f3stol San Pablo a Tito, donde dice: \u201cPara los puros todo es puro\u201d (1:15). .<\/p>\n<p>Adem\u00e1s, San Juan Cris\u00f3stomo no ve la menstruaci\u00f3n como un defecto o un pecado, en el contexto de su interpretaci\u00f3n de la carta de Pablo a su hijo Tito (Serm\u00f3n 3 en la interpretaci\u00f3n de la carta a Tito).<\/p>\n<p>Pero lo dicho en Tito parece contradecir lo dicho en el Antiguo Testamento, as\u00ed que escuchemos: \u201c\u2026Si la mujer concibe y da a luz un ni\u00f1o, ser\u00e1 inmunda durante siete d\u00edas, como en los d\u00edas de su vida. per\u00edodo menstrual ser\u00e1 impura. Al octavo d\u00eda circuncida la carne de su prepucio. Luego permanecer\u00e1 en la sangre de su purificaci\u00f3n treinta y tres d\u00edas. Todo es santo: no tocar\u00e1, ni vendr\u00e1 al santuario hasta que se cumplan los d\u00edas de su purificaci\u00f3n. Si una hembra da a luz, quedar\u00e1 impura durante dos semanas, como durante su menstruaci\u00f3n, y luego permanecer\u00e1 en la sangre de su purificaci\u00f3n durante sesenta y seis d\u00edas. Y cuando haya cumplido los d\u00edas de su purificaci\u00f3n, vendr\u00e1\u2026\u201d (Lev\u00edtico 12:1-8). Hay otras palabras similares en el Libro de Lev\u00edtico, v\u00e9alo en (14:33-38) y tambi\u00e9n (Lev\u00edtico 15:19-30).<\/p>\n<p>Sin embargo, las transformaciones f\u00edsicas que existen en la naturaleza humana no son vistas por los Padres en base a lo que se podr\u00eda llamar impureza (Cris\u00f3stomo y San Atanasio Magno).<\/p>\n<p>No olvidemos lo mencionado en el Nuevo Testamento en el Evangelio de la mujer con flujo de sangre, cuando esta pobre mujer se acerc\u00f3 al Se\u00f1or y toc\u00f3 el borde de Su manto porque cre\u00eda que ser\u00eda sanada. Al final, consigui\u00f3 lo que quer\u00eda. El Se\u00f1or no le dijo: \u201cAp\u00e1rtate de mi presencia, inmunda y contaminada\u201d. M\u00e1s bien, la devolvi\u00f3 a su casa despu\u00e9s de que ella hab\u00eda alcanzado la salud y el perd\u00f3n de los pecados.<\/p>\n<p>Por lo tanto, amados en el Se\u00f1or, eviten estos pensamientos y ac\u00e9rquense al Se\u00f1or en todo momento. Las oraciones que se ofrecen son escuchadas por el Esp\u00edritu Santo, y la comuni\u00f3n que se nos da es transformada por el Esp\u00edritu Santo mismo en el. precioso cuerpo y sangre del Se\u00f1or. Los libros que leemos son amados por el Esp\u00edritu Santo. El Esp\u00edritu que recibimos en el bautismo y crismaci\u00f3n es nuestra levadura y nuestro compa\u00f1ero de vida.<\/p>\n<p>Hoy nos enfrentamos a un gran desaf\u00edo que nos sacude y nos llama a tomar las riendas de la pr\u00e1ctica aut\u00e9ntica y del pensamiento original, porque no podemos pensar as\u00ed cuando en la Iglesia hay estrellas espirituales gigantes como santas Tecla, Priscila y Magdalena, no la menor de las cuales es, por supuesto, la pur\u00edsima Virgen Mar\u00eda. Debemos abandonar el pensamiento superficial si queremos difundir el pensamiento de la Iglesia a todas las generaciones.<\/p>\n<h3>Mujeres en el templo:<\/h3>\n<p>El movimiento popular general entiende que las mujeres est\u00e1n excluidas de entrar al templo. Por lo tanto, a las ni\u00f1as tambi\u00e9n se les proh\u00edbe la entrada al templo, y la raz\u00f3n se centra, en profundidad, en lo comentado anteriormente en la p\u00e1gina anterior, con lo que me refiero a la impureza que acompa\u00f1a a la mujer por consideraciones biol\u00f3gicas que nada tienen que ver con ellas. y que Dios puso en su naturaleza.<\/p>\n<p>Habitualmente la discusi\u00f3n gira en torno al tema del templo, de modo que siempre la vemos limitada y dirigida a hombres y mujeres seglares. Sin embargo, s\u00f3lo las mujeres seculares tienen prohibida la entrada al templo. En cuanto al clero y los laicos, no se habla de ellos porque normalmente son sirvientes del templo y hombres.<\/p>\n<p>Sin embargo, el gran erudito ortodoxo Leonid Ozpensky dice en su maravilloso art\u00edculo \u201cSobre el iconostasio\u201d: El mundo m\u00e1s all\u00e1 del iconostasio tiene dos cosas negativas que deben mencionarse:<\/p>\n<ul>\n<li>El templo es un foco de chismes entre seminaristas y esto es algo que todo el mundo sabe.<\/li>\n<li>El templo es tambi\u00e9n un lugar para las ratas que acuden a \u00e9l en busca de sustento.<\/li>\n<\/ul>\n<p>Hay dos leyes a nivel del templo: La primera es de un concilio local del siglo IV, el Concilio de Latakia (Ley 44: \u201cA las mujeres no se les permite acercarse al altar\u201d). Tambi\u00e9n hay una ley (69), as\u00ed que oig\u00e1mosla: \u201cA los laicos, con excepci\u00f3n del emperador, no se les permite entrar al templo\u201d. En los bithalianos se afirmaba que la primera ley del patriarca Nicol\u00e1s permit\u00eda a los monjes entrar en el altar sagrado si estaban puros de todo pecado para encender velas. Pero San Nic\u00e9foro, en su regla (105), permiti\u00f3 que las monjas entraran al templo para encender velas y limpiar. Sin embargo, si el monje es novicio, no se le permite entrar al altar.<\/p>\n<p>Estas diferentes posiciones en las leyes antes mencionadas, respecto a la entrada de las mujeres al templo, nos hacen preguntarnos sobre la utilidad de la piedad en la vida de las mujeres piadosas que entran al templo s\u00f3lo para servir y limpiar. Si la piedad no permite que las mujeres entren al templo, entonces \u00bfpor qu\u00e9 las prohibimos estrictamente siempre y cuando las cuestiones fisiol\u00f3gicas no est\u00e9n relacionadas con el pecado?<\/p>\n<p>En mi opini\u00f3n, a las mujeres se les deber\u00eda prohibir la entrada al templo, porque no tienen all\u00ed una misi\u00f3n, pero al mismo tiempo se les deber\u00eda prohibir lo mismo a los sacerdotes cuando no tienen all\u00ed un trabajo lit\u00fargico sagrado. Pero, \u00bfpor qu\u00e9 la santidad del templo, si hablar dentro del templo est\u00e1 permitido tanto para los laicos como para el clero? Es il\u00f3gico que se permita el chisme masculino dentro de la estructura, mientras que a las mujeres se les proh\u00edbe hacerlo, por consideraciones en las que las mujeres no tienen papel ni voluntad, me refiero a consideraciones biol\u00f3gicas.<\/p>\n<p>Excluir a las mujeres de la entrada al templo simplemente por las consideraciones biol\u00f3gicas antes mencionadas constituye, en mi opini\u00f3n, un insulto a la creaci\u00f3n divina. De hecho, es un insulto al mismo Dios, que quiso que la vida de una mujer fuera as\u00ed, lo que significa que es divina. La creaci\u00f3n es defectuosa y esto es imposible.<\/p>\n<p>El templo, marco del Lugar Sant\u00edsimo, es para culto, y en \u00e9l se alcanza el colmo de la piedad y reverencia, y por lo tanto es s\u00f3lo para los servidores del templo, a quienes pedimos saber c\u00f3mo residir en \u00e9l y c\u00f3mo moverse en \u00e9l.<\/p>","protected":false},"excerpt":{"rendered":"<p>\u0627\u0644\u0637\u0645\u062b: \u062a\u0631\u0649 \u0627\u0644\u0643\u062b\u064a\u0631 \u0645\u0646 \u0627\u0644\u0646\u0633\u0627\u0621 \u0627\u0644\u0639\u0627\u0631\u0641\u0627\u062a\u060c \u0648\u062a\u0634\u0639\u0631\u0646 \u0641\u064a \u0627\u0644\u0648\u0642\u062a \u0646\u0641\u0633\u0647\u060c \u0623\u0646 \u0627\u0644\u062f\u0648\u0631\u0629 \u0627\u0644\u0634\u0647\u0631\u064a\u0629\u060c \u0647\u064a \u0645\u0633\u0623\u0644\u0629 \u0644\u0627 \u0625\u062b\u0645 \u0641\u064a\u0647 \u0648\u0644\u0627 \u062e\u0637\u064a\u0626\u0629\u060c [&hellip;]<\/p>\n","protected":false},"author":61,"featured_media":3449,"comment_status":"closed","ping_status":"closed","sticky":false,"template":"","format":"standard","meta":{"_relevanssi_hide_post":"","_relevanssi_hide_content":"","_relevanssi_pin_for_all":"","_relevanssi_pin_keywords":"","_relevanssi_unpin_keywords":"","_relevanssi_related_keywords":"","_relevanssi_related_include_ids":"","_relevanssi_related_exclude_ids":"","_relevanssi_related_no_append":"","_relevanssi_related_not_related":"","_relevanssi_related_posts":"2844,2850,2847,2544,1375,2684,906,2848,2853,1798,2845,1885","_relevanssi_noindex_reason":"","site-sidebar-layout":"default","site-content-layout":"","ast-site-content-layout":"default","site-content-style":"default","site-sidebar-style":"default","ast-global-header-display":"","ast-banner-title-visibility":"","ast-main-header-display":"","ast-hfb-above-header-display":"","ast-hfb-below-header-display":"","ast-hfb-mobile-header-display":"","site-post-title":"","ast-breadcrumbs-content":"","ast-featured-img":"","footer-sml-layout":"","ast-disable-related-posts":"","theme-transparent-header-meta":"","adv-header-id-meta":"","stick-header-meta":"","header-above-stick-meta":"","header-main-stick-meta":"","header-below-stick-meta":"","astra-migrate-meta-layouts":"default","ast-page-background-enabled":"default","ast-page-background-meta":{"desktop":{"background-color":"var(--ast-global-color-4)","background-image":"","background-repeat":"repeat","background-position":"center center","background-size":"auto","background-attachment":"scroll","background-type":"","background-media":"","overlay-type":"","overlay-color":"","overlay-opacity":"","overlay-gradient":""},"tablet":{"background-color":"","background-image":"","background-repeat":"repeat","background-position":"center center","background-size":"auto","background-attachment":"scroll","background-type":"","background-media":"","overlay-type":"","overlay-color":"","overlay-opacity":"","overlay-gradient":""},"mobile":{"background-color":"","background-image":"","background-repeat":"repeat","background-position":"center center","background-size":"auto","background-attachment":"scroll","background-type":"","background-media":"","overlay-type":"","overlay-color":"","overlay-opacity":"","overlay-gradient":""}},"ast-content-background-meta":{"desktop":{"background-color":"var(--ast-global-color-5)","background-image":"","background-repeat":"repeat","background-position":"center center","background-size":"auto","background-attachment":"scroll","background-type":"","background-media":"","overlay-type":"","overlay-color":"","overlay-opacity":"","overlay-gradient":""},"tablet":{"background-color":"var(--ast-global-color-5)","background-image":"","background-repeat":"repeat","background-position":"center center","background-size":"auto","background-attachment":"scroll","background-type":"","background-media":"","overlay-type":"","overlay-color":"","overlay-opacity":"","overlay-gradient":""},"mobile":{"background-color":"var(--ast-global-color-5)","background-image":"","background-repeat":"repeat","background-position":"center center","background-size":"auto","background-attachment":"scroll","background-type":"","background-media":"","overlay-type":"","overlay-color":"","overlay-opacity":"","overlay-gradient":""}},"footnotes":""},"categories":[125],"tags":[8020,8019,8021,674,8022,8013],"class_list":["post-2852","post","type-post","status-publish","format-standard","has-post-thumbnail","hentry","category-yes-or-no-to-women-priesthood","tag-8020","tag-8019","tag-8021","tag-674","tag-8022","tag-8013"],"yoast_head":"<!-- This site is optimized with the Yoast SEO Premium plugin v27.4 (Yoast SEO v27.4) - https:\/\/yoast.com\/product\/yoast-seo-premium-wordpress\/ -->\n<title>3: \u0645\u0633\u0627\u0626\u0644 \u0630\u0627\u062a \u0635\u0644\u0629 - \u0646\u0639\u0645 \u0623\u0645 \u0644\u0627 \u0644\u0643\u0647\u0646\u0648\u062a \u0627\u0644\u0645\u0631\u0623\u0629\u061f - \u0634\u0628\u0643\u0629 \u0623\u0631\u062b\u0648\u0630\u0643\u0633 \u0623\u0648\u0646\u0644\u0627\u064a\u0646<\/title>\n<meta name=\"description\" content=\": \u0627\u0644\u0637\u0645\u062b: \u062a\u0631\u0649 \u0627\u0644\u0643\u062b\u064a\u0631 \u0645\u0646 \u0627\u0644\u0646\u0633\u0627\u0621 \u0627\u0644\u0639\u0627\u0631\u0641\u0627\u062a\u060c \u0648\u062a\u0634\u0639\u0631\u0646 \u0641\u064a \u0627\u0644\u0648\u0642\u062a \u0646\u0641\u0633\u0647\u060c \u0623\u0646 \u0627\u0644\u062f\u0648\u0631\u0629 \u0627\u0644\u0634\u0647\u0631\u064a\u0629\u060c \u0647\u064a \u0645\u0633\u0623\u0644\u0629 \u0644\u0627 \u0625\u062b\u0645 \u0641\u064a\u0647 \u0648\u0644\u0627 \u062e\u0637\u064a\u0626\u0629\u060c \u0641\u0647\u064a \u0638\u0627\u0647\u0631\u0629 \u0628\u064a\u0648\u0644\u0648\u062c\u064a\u0629 \u0628\u062d\u062a\u0629\u060c \u0648\u0637\u0628\u064a\u0639\u064a\u0629 \u0648\u0644\u0627 \u0631\u0623\u064a \u0644\u0647\u0646. \u0645\u0648\u0627\u0636\u064a\u0639 \u0645\u062a\u0635\u0644\u0629: \u0627\u0644\u062f\u0648\u0631\u0629 \u0627\u0644\u0634\u0647\u0631\u064a\u0629, \u0627\u0644\u0637\u0645\u062b, \u0627\u0644\u0645\u0631\u0623\u0629 \u0641\u064a \u0627\u0644\u0647\u064a\u0643\u0644, \u0627\u0644\u0647\u064a\u0643\u0644, \u0641\u062a\u0631\u0629 \u0627\u0644\u062d\u064a\u0636, \u0643\u0647\u0646\u0648\u062a \u0627\u0644\u0645\u0631\u0623\u0629\" \/>\n<meta name=\"robots\" content=\"index, follow, max-snippet:-1, max-image-preview:large, max-video-preview:-1\" \/>\n<link rel=\"canonical\" href=\"https:\/\/www.orthodoxonline.org\/theology\/es\/orthodox-library\/the-church-and-liturgy\/the-sacraments-2\/yes-or-no-to-women-priesthood\/chapter-iii\/\" \/>\n<meta property=\"og:locale\" content=\"es_ES\" \/>\n<meta property=\"og:type\" content=\"article\" \/>\n<meta property=\"og:title\" content=\"3: \u0645\u0633\u0627\u0626\u0644 \u0630\u0627\u062a \u0635\u0644\u0629 - \u0634\u0628\u0643\u0629 \u0623\u0631\u062b\u0648\u0630\u0643\u0633 \u0623\u0648\u0646\u0644\u0627\u064a\u0646\" \/>\n<meta property=\"og:description\" content=\":\u0627\u0644\u0637\u0645\u062b: \u062a\u0631\u0649 \u0627\u0644\u0643\u062b\u064a\u0631 \u0645\u0646 \u0627\u0644\u0646\u0633\u0627\u0621 \u0627\u0644\u0639\u0627\u0631\u0641\u0627\u062a\u060c \u0648\u062a\u0634\u0639\u0631\u0646 \u0641\u064a \u0627\u0644\u0648\u0642\u062a \u0646\u0641\u0633\u0647\u060c \u0623\u0646 \u0627\u0644\u062f\u0648\u0631\u0629 \u0627\u0644\u0634\u0647\u0631\u064a\u0629\u060c \u0647\u064a \u0645\u0633\u0623\u0644\u0629 \u0644\u0627 \u0625\u062b\u0645 \u0641\u064a\u0647 \u0648\u0644\u0627 \u062e\u0637\u064a\u0626\u0629\u060c \u0641\u0647\u064a \u0638\u0627\u0647\u0631\u0629 \u0628\u064a\u0648\u0644\u0648\u062c\u064a\u0629 \u0628\u062d\u062a\u0629\u060c \u0648\u0637\u0628\u064a\u0639\u064a\u0629 \u0648\u0644\u0627 \u0631\u0623\u064a \u0644\u0647\u0646. \u0645\u0648\u0627\u0636\u064a\u0639 \u0645\u062a\u0635\u0644\u0629: \u0627\u0644\u062f\u0648\u0631\u0629 \u0627\u0644\u0634\u0647\u0631\u064a\u0629, \u0627\u0644\u0637\u0645\u062b, \u0627\u0644\u0645\u0631\u0623\u0629 \u0641\u064a \u0627\u0644\u0647\u064a\u0643\u0644, \u0627\u0644\u0647\u064a\u0643\u0644, \u0641\u062a\u0631\u0629 \u0627\u0644\u062d\u064a\u0636, \u0643\u0647\u0646\u0648\u062a \u0627\u0644\u0645\u0631\u0623\u0629\" \/>\n<meta property=\"og:url\" content=\"https:\/\/www.orthodoxonline.org\/theology\/es\/orthodox-library\/the-church-and-liturgy\/the-sacraments-2\/yes-or-no-to-women-priesthood\/chapter-iii\/\" \/>\n<meta property=\"og:site_name\" content=\"\u0634\u0628\u0643\u0629 \u0623\u0631\u062b\u0648\u0630\u0643\u0633 \u0623\u0648\u0646\u0644\u0627\u064a\u0646\" \/>\n<meta property=\"article:publisher\" content=\"https:\/\/facebook.com\/orthodoxonline\" \/>\n<meta property=\"article:published_time\" content=\"2012-06-25T02:05:15+00:00\" \/>\n<meta property=\"og:image\" content=\"https:\/\/www.orthodoxonline.org\/theology\/wp-content\/uploads\/sites\/3\/2015\/03\/Orthodoxonline-Logo-Featured-Post.png\" \/>\n\t<meta property=\"og:image:width\" content=\"919\" \/>\n\t<meta property=\"og:image:height\" content=\"400\" \/>\n\t<meta property=\"og:image:type\" content=\"image\/png\" \/>\n<meta name=\"author\" content=\"\u0645\u0646\u064a\u0641 \u062d\u0645\u0635\u064a\u060c \u0627\u0644\u0623\u0628\" \/>\n<meta name=\"twitter:card\" content=\"summary_large_image\" \/>\n<meta name=\"twitter:creator\" content=\"@orthodoxonline\" \/>\n<meta name=\"twitter:site\" content=\"@orthodoxonline\" \/>\n<meta name=\"twitter:label1\" content=\"Escrito por\" \/>\n\t<meta name=\"twitter:data1\" content=\"\u0645\u0646\u064a\u0641 \u062d\u0645\u0635\u064a\u060c \u0627\u0644\u0623\u0628\" \/>\n<script type=\"application\/ld+json\" class=\"yoast-schema-graph\">{\"@context\":\"https:\\\/\\\/schema.org\",\"@graph\":[{\"@type\":\"Article\",\"@id\":\"https:\\\/\\\/www.orthodoxonline.org\\\/theology\\\/tr\\\/orthodox-library\\\/the-church-and-liturgy\\\/the-sacraments-2\\\/yes-or-no-to-women-priesthood\\\/chapter-iii\\\/#article\",\"isPartOf\":{\"@id\":\"https:\\\/\\\/www.orthodoxonline.org\\\/theology\\\/tr\\\/orthodox-library\\\/the-church-and-liturgy\\\/the-sacraments-2\\\/yes-or-no-to-women-priesthood\\\/chapter-iii\\\/\"},\"author\":{\"name\":\"\u0645\u0646\u064a\u0641 \u062d\u0645\u0635\u064a\u060c \u0627\u0644\u0623\u0628\",\"@id\":\"https:\\\/\\\/www.orthodoxonline.org\\\/theology\\\/#\\\/schema\\\/person\\\/fef8075a59a9c900e89cf938d03fcfb6\"},\"headline\":\"3: \u0645\u0633\u0627\u0626\u0644 \u0630\u0627\u062a \u0635\u0644\u0629\",\"datePublished\":\"2012-06-25T02:05:15+00:00\",\"mainEntityOfPage\":{\"@id\":\"https:\\\/\\\/www.orthodoxonline.org\\\/theology\\\/tr\\\/orthodox-library\\\/the-church-and-liturgy\\\/the-sacraments-2\\\/yes-or-no-to-women-priesthood\\\/chapter-iii\\\/\"},\"wordCount\":3,\"publisher\":{\"@id\":\"https:\\\/\\\/www.orthodoxonline.org\\\/theology\\\/#organization\"},\"image\":{\"@id\":\"https:\\\/\\\/www.orthodoxonline.org\\\/theology\\\/tr\\\/orthodox-library\\\/the-church-and-liturgy\\\/the-sacraments-2\\\/yes-or-no-to-women-priesthood\\\/chapter-iii\\\/#primaryimage\"},\"thumbnailUrl\":\"https:\\\/\\\/www.orthodoxonline.org\\\/theology\\\/wp-content\\\/uploads\\\/sites\\\/3\\\/2015\\\/03\\\/Orthodoxonline-Logo-Featured-Post.png\",\"keywords\":[\"\u0627\u0644\u062f\u0648\u0631\u0629 \u0627\u0644\u0634\u0647\u0631\u064a\u0629\",\"\u0627\u0644\u0637\u0645\u062b\",\"\u0627\u0644\u0645\u0631\u0623\u0629 \u0641\u064a \u0627\u0644\u0647\u064a\u0643\u0644\",\"\u0627\u0644\u0647\u064a\u0643\u0644\",\"\u0641\u062a\u0631\u0629 \u0627\u0644\u062d\u064a\u0636\",\"\u0643\u0647\u0646\u0648\u062a \u0627\u0644\u0645\u0631\u0623\u0629\"],\"articleSection\":[\"\u0646\u0639\u0645 \u0623\u0645 \u0644\u0627 \u0644\u0643\u0647\u0646\u0648\u062a \u0627\u0644\u0645\u0631\u0623\u0629\u061f\"],\"inLanguage\":\"es\"},{\"@type\":\"WebPage\",\"@id\":\"https:\\\/\\\/www.orthodoxonline.org\\\/theology\\\/tr\\\/orthodox-library\\\/the-church-and-liturgy\\\/the-sacraments-2\\\/yes-or-no-to-women-priesthood\\\/chapter-iii\\\/\",\"url\":\"https:\\\/\\\/www.orthodoxonline.org\\\/theology\\\/tr\\\/orthodox-library\\\/the-church-and-liturgy\\\/the-sacraments-2\\\/yes-or-no-to-women-priesthood\\\/chapter-iii\\\/\",\"name\":\"3: \u0645\u0633\u0627\u0626\u0644 \u0630\u0627\u062a \u0635\u0644\u0629 - \u0646\u0639\u0645 \u0623\u0645 \u0644\u0627 \u0644\u0643\u0647\u0646\u0648\u062a \u0627\u0644\u0645\u0631\u0623\u0629\u061f - \u0634\u0628\u0643\u0629 \u0623\u0631\u062b\u0648\u0630\u0643\u0633 \u0623\u0648\u0646\u0644\u0627\u064a\u0646\",\"isPartOf\":{\"@id\":\"https:\\\/\\\/www.orthodoxonline.org\\\/theology\\\/#website\"},\"primaryImageOfPage\":{\"@id\":\"https:\\\/\\\/www.orthodoxonline.org\\\/theology\\\/tr\\\/orthodox-library\\\/the-church-and-liturgy\\\/the-sacraments-2\\\/yes-or-no-to-women-priesthood\\\/chapter-iii\\\/#primaryimage\"},\"image\":{\"@id\":\"https:\\\/\\\/www.orthodoxonline.org\\\/theology\\\/tr\\\/orthodox-library\\\/the-church-and-liturgy\\\/the-sacraments-2\\\/yes-or-no-to-women-priesthood\\\/chapter-iii\\\/#primaryimage\"},\"thumbnailUrl\":\"https:\\\/\\\/www.orthodoxonline.org\\\/theology\\\/wp-content\\\/uploads\\\/sites\\\/3\\\/2015\\\/03\\\/Orthodoxonline-Logo-Featured-Post.png\",\"datePublished\":\"2012-06-25T02:05:15+00:00\",\"description\":\": \u0627\u0644\u0637\u0645\u062b: \u062a\u0631\u0649 \u0627\u0644\u0643\u062b\u064a\u0631 \u0645\u0646 \u0627\u0644\u0646\u0633\u0627\u0621 \u0627\u0644\u0639\u0627\u0631\u0641\u0627\u062a\u060c \u0648\u062a\u0634\u0639\u0631\u0646 \u0641\u064a \u0627\u0644\u0648\u0642\u062a \u0646\u0641\u0633\u0647\u060c \u0623\u0646 \u0627\u0644\u062f\u0648\u0631\u0629 \u0627\u0644\u0634\u0647\u0631\u064a\u0629\u060c \u0647\u064a \u0645\u0633\u0623\u0644\u0629 \u0644\u0627 \u0625\u062b\u0645 \u0641\u064a\u0647 \u0648\u0644\u0627 \u062e\u0637\u064a\u0626\u0629\u060c \u0641\u0647\u064a \u0638\u0627\u0647\u0631\u0629 \u0628\u064a\u0648\u0644\u0648\u062c\u064a\u0629 \u0628\u062d\u062a\u0629\u060c \u0648\u0637\u0628\u064a\u0639\u064a\u0629 \u0648\u0644\u0627 \u0631\u0623\u064a \u0644\u0647\u0646. \u0645\u0648\u0627\u0636\u064a\u0639 \u0645\u062a\u0635\u0644\u0629: \u0627\u0644\u062f\u0648\u0631\u0629 \u0627\u0644\u0634\u0647\u0631\u064a\u0629, \u0627\u0644\u0637\u0645\u062b, \u0627\u0644\u0645\u0631\u0623\u0629 \u0641\u064a \u0627\u0644\u0647\u064a\u0643\u0644, \u0627\u0644\u0647\u064a\u0643\u0644, \u0641\u062a\u0631\u0629 \u0627\u0644\u062d\u064a\u0636, \u0643\u0647\u0646\u0648\u062a \u0627\u0644\u0645\u0631\u0623\u0629\",\"breadcrumb\":{\"@id\":\"https:\\\/\\\/www.orthodoxonline.org\\\/theology\\\/tr\\\/orthodox-library\\\/the-church-and-liturgy\\\/the-sacraments-2\\\/yes-or-no-to-women-priesthood\\\/chapter-iii\\\/#breadcrumb\"},\"inLanguage\":\"es\",\"potentialAction\":[{\"@type\":\"ReadAction\",\"target\":[\"https:\\\/\\\/www.orthodoxonline.org\\\/theology\\\/tr\\\/orthodox-library\\\/the-church-and-liturgy\\\/the-sacraments-2\\\/yes-or-no-to-women-priesthood\\\/chapter-iii\\\/\"]}]},{\"@type\":\"ImageObject\",\"inLanguage\":\"es\",\"@id\":\"https:\\\/\\\/www.orthodoxonline.org\\\/theology\\\/tr\\\/orthodox-library\\\/the-church-and-liturgy\\\/the-sacraments-2\\\/yes-or-no-to-women-priesthood\\\/chapter-iii\\\/#primaryimage\",\"url\":\"https:\\\/\\\/www.orthodoxonline.org\\\/theology\\\/wp-content\\\/uploads\\\/sites\\\/3\\\/2015\\\/03\\\/Orthodoxonline-Logo-Featured-Post.png\",\"contentUrl\":\"https:\\\/\\\/www.orthodoxonline.org\\\/theology\\\/wp-content\\\/uploads\\\/sites\\\/3\\\/2015\\\/03\\\/Orthodoxonline-Logo-Featured-Post.png\",\"width\":919,\"height\":400},{\"@type\":\"BreadcrumbList\",\"@id\":\"https:\\\/\\\/www.orthodoxonline.org\\\/theology\\\/tr\\\/orthodox-library\\\/the-church-and-liturgy\\\/the-sacraments-2\\\/yes-or-no-to-women-priesthood\\\/chapter-iii\\\/#breadcrumb\",\"itemListElement\":[{\"@type\":\"ListItem\",\"position\":1,\"name\":\"\u0627\u0644\u0631\u0626\u064a\u0633\u064a\u0629\",\"item\":\"https:\\\/\\\/www.orthodoxonline.org\\\/theology\\\/\"},{\"@type\":\"ListItem\",\"position\":2,\"name\":\"\u0627\u0644\u0645\u0643\u062a\u0628\u0629 \u0627\u0644\u0623\u0631\u062b\u0648\u0630\u0643\u0633\u064a\u0629\",\"item\":\"https:\\\/\\\/www.orthodoxonline.org\\\/theology\\\/orthodox-library\\\/\"},{\"@type\":\"ListItem\",\"position\":3,\"name\":\"\u0627\u0644\u0643\u0646\u064a\u0633\u0629\u060c \u0627\u0644\u0644\u064a\u062a\u0648\u0631\u062c\u064a\u0629 \u0648\u0627\u0644\u062a\u0627\u0631\u064a\u062e\",\"item\":\"https:\\\/\\\/www.orthodoxonline.org\\\/theology\\\/orthodox-library\\\/the-church-and-liturgy\\\/\"},{\"@type\":\"ListItem\",\"position\":4,\"name\":\"\u0623\u0633\u0631\u0627\u0631 \u0627\u0644\u0643\u0646\u064a\u0633\u0629\",\"item\":\"https:\\\/\\\/www.orthodoxonline.org\\\/theology\\\/orthodox-library\\\/the-church-and-liturgy\\\/the-sacraments-2\\\/\"},{\"@type\":\"ListItem\",\"position\":5,\"name\":\"\u0646\u0639\u0645 \u0623\u0645 \u0644\u0627 \u0644\u0643\u0647\u0646\u0648\u062a \u0627\u0644\u0645\u0631\u0623\u0629\u061f\",\"item\":\"https:\\\/\\\/www.orthodoxonline.org\\\/theology\\\/orthodox-library\\\/the-church-and-liturgy\\\/the-sacraments-2\\\/yes-or-no-to-women-priesthood\\\/\"},{\"@type\":\"ListItem\",\"position\":6,\"name\":\"3: \u0645\u0633\u0627\u0626\u0644 \u0630\u0627\u062a \u0635\u0644\u0629\"}]},{\"@type\":\"WebSite\",\"@id\":\"https:\\\/\\\/www.orthodoxonline.org\\\/theology\\\/#website\",\"url\":\"https:\\\/\\\/www.orthodoxonline.org\\\/theology\\\/\",\"name\":\"\u0623\u0631\u062b\u0648\u0630\u0643\u0633 \u0623\u0648\u0646\u0644\u0627\u064a\u0646\",\"description\":\"\u0625\u064a\u0645\u0627\u0646\u060c \u0639\u0642\u0627\u0626\u062f\u060c \u062a\u0627\u0631\u064a\u062e\u060c \u0644\u064a\u062a\u0648\u0631\u062c\u064a\u0629 \u0648\u062d\u064a\u0627\u0629 \u0627\u0644\u0643\u0646\u064a\u0633\u0629 \u0627\u0644\u0623\u0631\u062b\u0648\u0630\u0643\u0633\u064a\u0629 - \u0627\u0644\u0631\u0648\u0645 \u0627\u0644\u0623\u0631\u062b\u0648\u0630\u0643\u0633\",\"publisher\":{\"@id\":\"https:\\\/\\\/www.orthodoxonline.org\\\/theology\\\/#organization\"},\"alternateName\":\"\u0634\u0628\u0643\u0629 \u0623\u0631\u062b\u0648\u0630\u0643\u0633 \u0623\u0648\u0646\u0644\u0627\u064a\u0646\",\"potentialAction\":[{\"@type\":\"SearchAction\",\"target\":{\"@type\":\"EntryPoint\",\"urlTemplate\":\"https:\\\/\\\/www.orthodoxonline.org\\\/theology\\\/?s={search_term_string}\"},\"query-input\":{\"@type\":\"PropertyValueSpecification\",\"valueRequired\":true,\"valueName\":\"search_term_string\"}}],\"inLanguage\":\"es\"},{\"@type\":\"Organization\",\"@id\":\"https:\\\/\\\/www.orthodoxonline.org\\\/theology\\\/#organization\",\"name\":\"\u0634\u0628\u0643\u0629 \u0623\u0631\u062b\u0648\u0630\u0643\u0633 \u0623\u0648\u0646\u0644\u0627\u064a\u0646\",\"url\":\"https:\\\/\\\/www.orthodoxonline.org\\\/theology\\\/\",\"logo\":{\"@type\":\"ImageObject\",\"inLanguage\":\"es\",\"@id\":\"https:\\\/\\\/www.orthodoxonline.org\\\/theology\\\/#\\\/schema\\\/logo\\\/image\\\/\",\"url\":\"https:\\\/\\\/www.orthodoxonline.org\\\/theology\\\/wp-content\\\/uploads\\\/sites\\\/3\\\/2023\\\/07\\\/Logo-Header.png\",\"contentUrl\":\"https:\\\/\\\/www.orthodoxonline.org\\\/theology\\\/wp-content\\\/uploads\\\/sites\\\/3\\\/2023\\\/07\\\/Logo-Header.png\",\"width\":200,\"height\":200,\"caption\":\"\u0634\u0628\u0643\u0629 \u0623\u0631\u062b\u0648\u0630\u0643\u0633 \u0623\u0648\u0646\u0644\u0627\u064a\u0646\"},\"image\":{\"@id\":\"https:\\\/\\\/www.orthodoxonline.org\\\/theology\\\/#\\\/schema\\\/logo\\\/image\\\/\"},\"sameAs\":[\"https:\\\/\\\/facebook.com\\\/orthodoxonline\",\"https:\\\/\\\/x.com\\\/orthodoxonline\",\"https:\\\/\\\/www.instagram.com\\\/orthodoxonline\\\/\",\"https:\\\/\\\/www.youtube.com\\\/orthodoxonline\"],\"foundingDate\":\"2006-09-20\"},{\"@type\":\"Person\",\"@id\":\"https:\\\/\\\/www.orthodoxonline.org\\\/theology\\\/#\\\/schema\\\/person\\\/fef8075a59a9c900e89cf938d03fcfb6\",\"name\":\"\u0645\u0646\u064a\u0641 \u062d\u0645\u0635\u064a\u060c \u0627\u0644\u0623\u0628\",\"image\":{\"@type\":\"ImageObject\",\"inLanguage\":\"es\",\"@id\":\"https:\\\/\\\/www.orthodoxonline.org\\\/theology\\\/wp-content\\\/litespeed\\\/avatar\\\/3\\\/fb273a730f7c99feaf0dc09a07fb082b.jpg?ver=1776861570\",\"url\":\"https:\\\/\\\/www.orthodoxonline.org\\\/theology\\\/wp-content\\\/litespeed\\\/avatar\\\/3\\\/fb273a730f7c99feaf0dc09a07fb082b.jpg?ver=1776861570\",\"contentUrl\":\"https:\\\/\\\/www.orthodoxonline.org\\\/theology\\\/wp-content\\\/litespeed\\\/avatar\\\/3\\\/fb273a730f7c99feaf0dc09a07fb082b.jpg?ver=1776861570\",\"caption\":\"\u0645\u0646\u064a\u0641 \u062d\u0645\u0635\u064a\u060c \u0627\u0644\u0623\u0628\"},\"url\":\"http:\\\/\\\/www.orthodoxonline.org\\\/theology\\\/es\\\/author\\\/fr-munief-humsi\\\/\"}]}<\/script>\n<!-- \/ Yoast SEO Premium plugin. -->","yoast_head_json":{"title":"3: \u0645\u0633\u0627\u0626\u0644 \u0630\u0627\u062a \u0635\u0644\u0629 - \u0646\u0639\u0645 \u0623\u0645 \u0644\u0627 \u0644\u0643\u0647\u0646\u0648\u062a \u0627\u0644\u0645\u0631\u0623\u0629\u061f - \u0634\u0628\u0643\u0629 \u0623\u0631\u062b\u0648\u0630\u0643\u0633 \u0623\u0648\u0646\u0644\u0627\u064a\u0646","description":": \u0627\u0644\u0637\u0645\u062b: \u062a\u0631\u0649 \u0627\u0644\u0643\u062b\u064a\u0631 \u0645\u0646 \u0627\u0644\u0646\u0633\u0627\u0621 \u0627\u0644\u0639\u0627\u0631\u0641\u0627\u062a\u060c \u0648\u062a\u0634\u0639\u0631\u0646 \u0641\u064a \u0627\u0644\u0648\u0642\u062a \u0646\u0641\u0633\u0647\u060c \u0623\u0646 \u0627\u0644\u062f\u0648\u0631\u0629 \u0627\u0644\u0634\u0647\u0631\u064a\u0629\u060c \u0647\u064a \u0645\u0633\u0623\u0644\u0629 \u0644\u0627 \u0625\u062b\u0645 \u0641\u064a\u0647 \u0648\u0644\u0627 \u062e\u0637\u064a\u0626\u0629\u060c \u0641\u0647\u064a \u0638\u0627\u0647\u0631\u0629 \u0628\u064a\u0648\u0644\u0648\u062c\u064a\u0629 \u0628\u062d\u062a\u0629\u060c \u0648\u0637\u0628\u064a\u0639\u064a\u0629 \u0648\u0644\u0627 \u0631\u0623\u064a \u0644\u0647\u0646. \u0645\u0648\u0627\u0636\u064a\u0639 \u0645\u062a\u0635\u0644\u0629: \u0627\u0644\u062f\u0648\u0631\u0629 \u0627\u0644\u0634\u0647\u0631\u064a\u0629, \u0627\u0644\u0637\u0645\u062b, \u0627\u0644\u0645\u0631\u0623\u0629 \u0641\u064a \u0627\u0644\u0647\u064a\u0643\u0644, \u0627\u0644\u0647\u064a\u0643\u0644, \u0641\u062a\u0631\u0629 \u0627\u0644\u062d\u064a\u0636, \u0643\u0647\u0646\u0648\u062a \u0627\u0644\u0645\u0631\u0623\u0629","robots":{"index":"index","follow":"follow","max-snippet":"max-snippet:-1","max-image-preview":"max-image-preview:large","max-video-preview":"max-video-preview:-1"},"canonical":"https:\/\/www.orthodoxonline.org\/theology\/es\/orthodox-library\/the-church-and-liturgy\/the-sacraments-2\/yes-or-no-to-women-priesthood\/chapter-iii\/","og_locale":"es_ES","og_type":"article","og_title":"3: \u0645\u0633\u0627\u0626\u0644 \u0630\u0627\u062a \u0635\u0644\u0629 - \u0634\u0628\u0643\u0629 \u0623\u0631\u062b\u0648\u0630\u0643\u0633 \u0623\u0648\u0646\u0644\u0627\u064a\u0646","og_description":":\u0627\u0644\u0637\u0645\u062b: \u062a\u0631\u0649 \u0627\u0644\u0643\u062b\u064a\u0631 \u0645\u0646 \u0627\u0644\u0646\u0633\u0627\u0621 \u0627\u0644\u0639\u0627\u0631\u0641\u0627\u062a\u060c \u0648\u062a\u0634\u0639\u0631\u0646 \u0641\u064a \u0627\u0644\u0648\u0642\u062a \u0646\u0641\u0633\u0647\u060c \u0623\u0646 \u0627\u0644\u062f\u0648\u0631\u0629 \u0627\u0644\u0634\u0647\u0631\u064a\u0629\u060c \u0647\u064a \u0645\u0633\u0623\u0644\u0629 \u0644\u0627 \u0625\u062b\u0645 \u0641\u064a\u0647 \u0648\u0644\u0627 \u062e\u0637\u064a\u0626\u0629\u060c \u0641\u0647\u064a \u0638\u0627\u0647\u0631\u0629 \u0628\u064a\u0648\u0644\u0648\u062c\u064a\u0629 \u0628\u062d\u062a\u0629\u060c \u0648\u0637\u0628\u064a\u0639\u064a\u0629 \u0648\u0644\u0627 \u0631\u0623\u064a \u0644\u0647\u0646. \u0645\u0648\u0627\u0636\u064a\u0639 \u0645\u062a\u0635\u0644\u0629: \u0627\u0644\u062f\u0648\u0631\u0629 \u0627\u0644\u0634\u0647\u0631\u064a\u0629, \u0627\u0644\u0637\u0645\u062b, \u0627\u0644\u0645\u0631\u0623\u0629 \u0641\u064a \u0627\u0644\u0647\u064a\u0643\u0644, \u0627\u0644\u0647\u064a\u0643\u0644, \u0641\u062a\u0631\u0629 \u0627\u0644\u062d\u064a\u0636, \u0643\u0647\u0646\u0648\u062a \u0627\u0644\u0645\u0631\u0623\u0629","og_url":"https:\/\/www.orthodoxonline.org\/theology\/es\/orthodox-library\/the-church-and-liturgy\/the-sacraments-2\/yes-or-no-to-women-priesthood\/chapter-iii\/","og_site_name":"\u0634\u0628\u0643\u0629 \u0623\u0631\u062b\u0648\u0630\u0643\u0633 \u0623\u0648\u0646\u0644\u0627\u064a\u0646","article_publisher":"https:\/\/facebook.com\/orthodoxonline","article_published_time":"2012-06-25T02:05:15+00:00","og_image":[{"width":919,"height":400,"url":"https:\/\/www.orthodoxonline.org\/theology\/wp-content\/uploads\/sites\/3\/2015\/03\/Orthodoxonline-Logo-Featured-Post.png","type":"image\/png"}],"author":"\u0645\u0646\u064a\u0641 \u062d\u0645\u0635\u064a\u060c \u0627\u0644\u0623\u0628","twitter_card":"summary_large_image","twitter_creator":"@orthodoxonline","twitter_site":"@orthodoxonline","twitter_misc":{"Escrito por":"\u0645\u0646\u064a\u0641 \u062d\u0645\u0635\u064a\u060c \u0627\u0644\u0623\u0628"},"schema":{"@context":"https:\/\/schema.org","@graph":[{"@type":"Article","@id":"https:\/\/www.orthodoxonline.org\/theology\/tr\/orthodox-library\/the-church-and-liturgy\/the-sacraments-2\/yes-or-no-to-women-priesthood\/chapter-iii\/#article","isPartOf":{"@id":"https:\/\/www.orthodoxonline.org\/theology\/tr\/orthodox-library\/the-church-and-liturgy\/the-sacraments-2\/yes-or-no-to-women-priesthood\/chapter-iii\/"},"author":{"name":"\u0645\u0646\u064a\u0641 \u062d\u0645\u0635\u064a\u060c \u0627\u0644\u0623\u0628","@id":"https:\/\/www.orthodoxonline.org\/theology\/#\/schema\/person\/fef8075a59a9c900e89cf938d03fcfb6"},"headline":"3: \u0645\u0633\u0627\u0626\u0644 \u0630\u0627\u062a \u0635\u0644\u0629","datePublished":"2012-06-25T02:05:15+00:00","mainEntityOfPage":{"@id":"https:\/\/www.orthodoxonline.org\/theology\/tr\/orthodox-library\/the-church-and-liturgy\/the-sacraments-2\/yes-or-no-to-women-priesthood\/chapter-iii\/"},"wordCount":3,"publisher":{"@id":"https:\/\/www.orthodoxonline.org\/theology\/#organization"},"image":{"@id":"https:\/\/www.orthodoxonline.org\/theology\/tr\/orthodox-library\/the-church-and-liturgy\/the-sacraments-2\/yes-or-no-to-women-priesthood\/chapter-iii\/#primaryimage"},"thumbnailUrl":"https:\/\/www.orthodoxonline.org\/theology\/wp-content\/uploads\/sites\/3\/2015\/03\/Orthodoxonline-Logo-Featured-Post.png","keywords":["\u0627\u0644\u062f\u0648\u0631\u0629 \u0627\u0644\u0634\u0647\u0631\u064a\u0629","\u0627\u0644\u0637\u0645\u062b","\u0627\u0644\u0645\u0631\u0623\u0629 \u0641\u064a \u0627\u0644\u0647\u064a\u0643\u0644","\u0627\u0644\u0647\u064a\u0643\u0644","\u0641\u062a\u0631\u0629 \u0627\u0644\u062d\u064a\u0636","\u0643\u0647\u0646\u0648\u062a \u0627\u0644\u0645\u0631\u0623\u0629"],"articleSection":["\u0646\u0639\u0645 \u0623\u0645 \u0644\u0627 \u0644\u0643\u0647\u0646\u0648\u062a \u0627\u0644\u0645\u0631\u0623\u0629\u061f"],"inLanguage":"es"},{"@type":"WebPage","@id":"https:\/\/www.orthodoxonline.org\/theology\/tr\/orthodox-library\/the-church-and-liturgy\/the-sacraments-2\/yes-or-no-to-women-priesthood\/chapter-iii\/","url":"https:\/\/www.orthodoxonline.org\/theology\/tr\/orthodox-library\/the-church-and-liturgy\/the-sacraments-2\/yes-or-no-to-women-priesthood\/chapter-iii\/","name":"3: \u0645\u0633\u0627\u0626\u0644 \u0630\u0627\u062a \u0635\u0644\u0629 - \u0646\u0639\u0645 \u0623\u0645 \u0644\u0627 \u0644\u0643\u0647\u0646\u0648\u062a \u0627\u0644\u0645\u0631\u0623\u0629\u061f - \u0634\u0628\u0643\u0629 \u0623\u0631\u062b\u0648\u0630\u0643\u0633 \u0623\u0648\u0646\u0644\u0627\u064a\u0646","isPartOf":{"@id":"https:\/\/www.orthodoxonline.org\/theology\/#website"},"primaryImageOfPage":{"@id":"https:\/\/www.orthodoxonline.org\/theology\/tr\/orthodox-library\/the-church-and-liturgy\/the-sacraments-2\/yes-or-no-to-women-priesthood\/chapter-iii\/#primaryimage"},"image":{"@id":"https:\/\/www.orthodoxonline.org\/theology\/tr\/orthodox-library\/the-church-and-liturgy\/the-sacraments-2\/yes-or-no-to-women-priesthood\/chapter-iii\/#primaryimage"},"thumbnailUrl":"https:\/\/www.orthodoxonline.org\/theology\/wp-content\/uploads\/sites\/3\/2015\/03\/Orthodoxonline-Logo-Featured-Post.png","datePublished":"2012-06-25T02:05:15+00:00","description":": \u0627\u0644\u0637\u0645\u062b: \u062a\u0631\u0649 \u0627\u0644\u0643\u062b\u064a\u0631 \u0645\u0646 \u0627\u0644\u0646\u0633\u0627\u0621 \u0627\u0644\u0639\u0627\u0631\u0641\u0627\u062a\u060c \u0648\u062a\u0634\u0639\u0631\u0646 \u0641\u064a \u0627\u0644\u0648\u0642\u062a \u0646\u0641\u0633\u0647\u060c \u0623\u0646 \u0627\u0644\u062f\u0648\u0631\u0629 \u0627\u0644\u0634\u0647\u0631\u064a\u0629\u060c \u0647\u064a \u0645\u0633\u0623\u0644\u0629 \u0644\u0627 \u0625\u062b\u0645 \u0641\u064a\u0647 \u0648\u0644\u0627 \u062e\u0637\u064a\u0626\u0629\u060c \u0641\u0647\u064a \u0638\u0627\u0647\u0631\u0629 \u0628\u064a\u0648\u0644\u0648\u062c\u064a\u0629 \u0628\u062d\u062a\u0629\u060c \u0648\u0637\u0628\u064a\u0639\u064a\u0629 \u0648\u0644\u0627 \u0631\u0623\u064a \u0644\u0647\u0646. \u0645\u0648\u0627\u0636\u064a\u0639 \u0645\u062a\u0635\u0644\u0629: \u0627\u0644\u062f\u0648\u0631\u0629 \u0627\u0644\u0634\u0647\u0631\u064a\u0629, \u0627\u0644\u0637\u0645\u062b, \u0627\u0644\u0645\u0631\u0623\u0629 \u0641\u064a \u0627\u0644\u0647\u064a\u0643\u0644, \u0627\u0644\u0647\u064a\u0643\u0644, \u0641\u062a\u0631\u0629 \u0627\u0644\u062d\u064a\u0636, \u0643\u0647\u0646\u0648\u062a \u0627\u0644\u0645\u0631\u0623\u0629","breadcrumb":{"@id":"https:\/\/www.orthodoxonline.org\/theology\/tr\/orthodox-library\/the-church-and-liturgy\/the-sacraments-2\/yes-or-no-to-women-priesthood\/chapter-iii\/#breadcrumb"},"inLanguage":"es","potentialAction":[{"@type":"ReadAction","target":["https:\/\/www.orthodoxonline.org\/theology\/tr\/orthodox-library\/the-church-and-liturgy\/the-sacraments-2\/yes-or-no-to-women-priesthood\/chapter-iii\/"]}]},{"@type":"ImageObject","inLanguage":"es","@id":"https:\/\/www.orthodoxonline.org\/theology\/tr\/orthodox-library\/the-church-and-liturgy\/the-sacraments-2\/yes-or-no-to-women-priesthood\/chapter-iii\/#primaryimage","url":"https:\/\/www.orthodoxonline.org\/theology\/wp-content\/uploads\/sites\/3\/2015\/03\/Orthodoxonline-Logo-Featured-Post.png","contentUrl":"https:\/\/www.orthodoxonline.org\/theology\/wp-content\/uploads\/sites\/3\/2015\/03\/Orthodoxonline-Logo-Featured-Post.png","width":919,"height":400},{"@type":"BreadcrumbList","@id":"https:\/\/www.orthodoxonline.org\/theology\/tr\/orthodox-library\/the-church-and-liturgy\/the-sacraments-2\/yes-or-no-to-women-priesthood\/chapter-iii\/#breadcrumb","itemListElement":[{"@type":"ListItem","position":1,"name":"\u0627\u0644\u0631\u0626\u064a\u0633\u064a\u0629","item":"https:\/\/www.orthodoxonline.org\/theology\/"},{"@type":"ListItem","position":2,"name":"\u0627\u0644\u0645\u0643\u062a\u0628\u0629 \u0627\u0644\u0623\u0631\u062b\u0648\u0630\u0643\u0633\u064a\u0629","item":"https:\/\/www.orthodoxonline.org\/theology\/orthodox-library\/"},{"@type":"ListItem","position":3,"name":"\u0627\u0644\u0643\u0646\u064a\u0633\u0629\u060c \u0627\u0644\u0644\u064a\u062a\u0648\u0631\u062c\u064a\u0629 \u0648\u0627\u0644\u062a\u0627\u0631\u064a\u062e","item":"https:\/\/www.orthodoxonline.org\/theology\/orthodox-library\/the-church-and-liturgy\/"},{"@type":"ListItem","position":4,"name":"\u0623\u0633\u0631\u0627\u0631 \u0627\u0644\u0643\u0646\u064a\u0633\u0629","item":"https:\/\/www.orthodoxonline.org\/theology\/orthodox-library\/the-church-and-liturgy\/the-sacraments-2\/"},{"@type":"ListItem","position":5,"name":"\u0646\u0639\u0645 \u0623\u0645 \u0644\u0627 \u0644\u0643\u0647\u0646\u0648\u062a \u0627\u0644\u0645\u0631\u0623\u0629\u061f","item":"https:\/\/www.orthodoxonline.org\/theology\/orthodox-library\/the-church-and-liturgy\/the-sacraments-2\/yes-or-no-to-women-priesthood\/"},{"@type":"ListItem","position":6,"name":"3: \u0645\u0633\u0627\u0626\u0644 \u0630\u0627\u062a \u0635\u0644\u0629"}]},{"@type":"WebSite","@id":"https:\/\/www.orthodoxonline.org\/theology\/#website","url":"https:\/\/www.orthodoxonline.org\/theology\/","name":"Ortodoxo en l\u00ednea","description":"Fe, doctrinas, historia, liturgia y vida de la Iglesia Ortodoxa Griega","publisher":{"@id":"https:\/\/www.orthodoxonline.org\/theology\/#organization"},"alternateName":"\u0634\u0628\u0643\u0629 \u0623\u0631\u062b\u0648\u0630\u0643\u0633 \u0623\u0648\u0646\u0644\u0627\u064a\u0646","potentialAction":[{"@type":"SearchAction","target":{"@type":"EntryPoint","urlTemplate":"https:\/\/www.orthodoxonline.org\/theology\/?s={search_term_string}"},"query-input":{"@type":"PropertyValueSpecification","valueRequired":true,"valueName":"search_term_string"}}],"inLanguage":"es"},{"@type":"Organization","@id":"https:\/\/www.orthodoxonline.org\/theology\/#organization","name":"Red ortodoxa en l\u00ednea","url":"https:\/\/www.orthodoxonline.org\/theology\/","logo":{"@type":"ImageObject","inLanguage":"es","@id":"https:\/\/www.orthodoxonline.org\/theology\/#\/schema\/logo\/image\/","url":"https:\/\/www.orthodoxonline.org\/theology\/wp-content\/uploads\/sites\/3\/2023\/07\/Logo-Header.png","contentUrl":"https:\/\/www.orthodoxonline.org\/theology\/wp-content\/uploads\/sites\/3\/2023\/07\/Logo-Header.png","width":200,"height":200,"caption":"\u0634\u0628\u0643\u0629 \u0623\u0631\u062b\u0648\u0630\u0643\u0633 \u0623\u0648\u0646\u0644\u0627\u064a\u0646"},"image":{"@id":"https:\/\/www.orthodoxonline.org\/theology\/#\/schema\/logo\/image\/"},"sameAs":["https:\/\/facebook.com\/orthodoxonline","https:\/\/x.com\/orthodoxonline","https:\/\/www.instagram.com\/orthodoxonline\/","https:\/\/www.youtube.com\/orthodoxonline"],"foundingDate":"2006-09-20"},{"@type":"Person","@id":"https:\/\/www.orthodoxonline.org\/theology\/#\/schema\/person\/fef8075a59a9c900e89cf938d03fcfb6","name":"Munif Homsi, padre","image":{"@type":"ImageObject","inLanguage":"es","@id":"https:\/\/www.orthodoxonline.org\/theology\/wp-content\/litespeed\/avatar\/3\/fb273a730f7c99feaf0dc09a07fb082b.jpg?ver=1776861570","url":"https:\/\/www.orthodoxonline.org\/theology\/wp-content\/litespeed\/avatar\/3\/fb273a730f7c99feaf0dc09a07fb082b.jpg?ver=1776861570","contentUrl":"https:\/\/www.orthodoxonline.org\/theology\/wp-content\/litespeed\/avatar\/3\/fb273a730f7c99feaf0dc09a07fb082b.jpg?ver=1776861570","caption":"\u0645\u0646\u064a\u0641 \u062d\u0645\u0635\u064a\u060c \u0627\u0644\u0623\u0628"},"url":"http:\/\/www.orthodoxonline.org\/theology\/es\/author\/fr-munief-humsi\/"}]}},"wps_subtitle":"","amp_enabled":true,"_links":{"self":[{"href":"http:\/\/www.orthodoxonline.org\/theology\/es\/wp-json\/wp\/v2\/posts\/2852","targetHints":{"allow":["GET"]}}],"collection":[{"href":"http:\/\/www.orthodoxonline.org\/theology\/es\/wp-json\/wp\/v2\/posts"}],"about":[{"href":"http:\/\/www.orthodoxonline.org\/theology\/es\/wp-json\/wp\/v2\/types\/post"}],"author":[{"embeddable":true,"href":"http:\/\/www.orthodoxonline.org\/theology\/es\/wp-json\/wp\/v2\/users\/61"}],"replies":[{"embeddable":true,"href":"http:\/\/www.orthodoxonline.org\/theology\/es\/wp-json\/wp\/v2\/comments?post=2852"}],"version-history":[{"count":0,"href":"http:\/\/www.orthodoxonline.org\/theology\/es\/wp-json\/wp\/v2\/posts\/2852\/revisions"}],"wp:featuredmedia":[{"embeddable":true,"href":"http:\/\/www.orthodoxonline.org\/theology\/es\/wp-json\/wp\/v2\/media\/3449"}],"wp:attachment":[{"href":"http:\/\/www.orthodoxonline.org\/theology\/es\/wp-json\/wp\/v2\/media?parent=2852"}],"wp:term":[{"taxonomy":"category","embeddable":true,"href":"http:\/\/www.orthodoxonline.org\/theology\/es\/wp-json\/wp\/v2\/categories?post=2852"},{"taxonomy":"post_tag","embeddable":true,"href":"http:\/\/www.orthodoxonline.org\/theology\/es\/wp-json\/wp\/v2\/tags?post=2852"}],"curies":[{"name":"wp","href":"https:\/\/api.w.org\/{rel}","templated":true}]}}