{"id":1032,"date":"2009-06-06T06:50:53","date_gmt":"2009-06-06T06:50:53","guid":{"rendered":"http:\/\/orthodoxonline.org\/theology\/faith-and-theology\/jesus-christ\/the-divinity-nature-and-incarnation\/the-independence-of-incarnation-of-the-fall-of-the-human\/"},"modified":"2009-06-06T06:50:53","modified_gmt":"2009-06-06T06:50:53","slug":"the-independence-of-incarnation-of-the-fall-of-the-human","status":"publish","type":"post","link":"http:\/\/www.orthodoxonline.org\/theology\/it\/faith-and-theology\/the-son\/the-divinity-nature-and-incarnation\/the-independence-of-incarnation-of-the-fall-of-the-human\/","title":{"rendered":"L&#039;indipendenza dell&#039;incarnazione divina dalla caduta dell&#039;uomo"},"content":{"rendered":"<p>Il mistero dell&#039;incarnazione del Figlio di Dio e della sua Parola opera la divinizzazione dell&#039;uomo. I Santi Padri della Chiesa sottolineano che Dio si \u00e8 fatto uomo per rendere l&#039;uomo Dio. Nessun essere umano pu\u00f2 giungere alla divinizzazione se non attraverso il Figlio di Dio e il Suo Verbo incarnato. I teologi contemporanei discutono se l&#039;incarnazione abbia reso necessaria la caduta di Adamo e se l&#039;incarnazione fosse indipendente dalla caduta dell&#039;uomo. Questa discussione nasce perch\u00e9 ci sono testi dei Padri della Chiesa su questo autunno.<\/p>\n<p><strong><span style=\"text-decoration: underline;\">A) La posizione generale dei Padri della Chiesa<\/span><\/strong><\/p>\n<p>  <!--more-->  <\/p>\n<p>Va notato fin dall&#039;inizio che i Santi Padri non affrontano questa questione in modo ipoteticamente scolastico. Non pensavano se Cristo si sarebbe incarnato o se Adamo non fosse caduto. Queste domande indicano un uso eccessivo della ragione nello sforzo di comprendere i misteri di Dio, e questo \u00e8 tipico della scolastica e non della teologia ortodossa. La teologia della Chiesa ortodossa si occupa degli eventi accaduti e affronta la questione della guarigione della natura umana e di tutte le persone. Questa teologia esamina la natura umana decaduta e come pu\u00f2 essere guarita per raggiungere la divinizzazione avvenuta attraverso l&#039;incarnazione di Dio.<\/p>\n<p>Nell&#039;insegnamento patristico, nell&#039;incarnazione, il Figlio di Dio e il suo Verbo furono uniti ipostaticamente con la natura umana, e cos\u00ec questa natura fu divinizzata e divenne la vera e unica medicina per la salvezza e la divinizzazione dell&#039;uomo. Attraverso il santo battesimo l&#039;uomo pu\u00f2 diventare membro del corpo di Cristo e, attraverso la santa comunione, pu\u00f2 partecipare al corpo divinizzato di Cristo, il corpo che ha preso da sua madre, la Signora. Se questa unit\u00e0 ipostatica tra la natura divina e quella umana non fosse avvenuta, la divinizzazione non sarebbe stata possibile. Per questo motivo l\u2019incarnazione era lo scopo ultimo della creazione umana. La sofferenza di Cristo e la sua croce sono le cose aggiunte dalla caduta di Adamo. San Massimo dice che l&#039;incarnazione era per la salvezza della natura, e le sofferenze avevano lo scopo di liberare coloro che a causa del peccato possedevano la morte.<\/p>\n<p>Sant&#039;Atanasio il Grande dice che il Figlio di Dio doveva incarnarsi per due ragioni fondamentali. Innanzitutto, trasformare il corruttibile in incorruttibile e il mortale in immortalit\u00e0, cosa che non \u00e8 avvenuta per semplice pentimento, ma piuttosto per l&#039;assunzione da parte di Dio del corpo umano mortale e suscettibile. In secondo luogo, perch\u00e9 l&#039;uomo si rinnovi in Cristo perch\u00e9 il Figlio e la Parola di Dio sono il primo esempio dell&#039;uomo.<\/p>\n<p>Questa posizione teologica di sant&#039;Atanasio non contraddice la posizione degli altri Padri della Chiesa, che vedremo tra breve, i quali parlano del fatto che l&#039;incarnazione divina non assume la caduta come condizione assoluta. Ci\u00f2 avviene per due ragioni fondamentali.<\/p>\n<p>In primo luogo perch\u00e9, nelle analisi che presenta, sant&#039;Atanasio guarda in particolare all&#039;uomo caduto e parla della caduta dell&#039;uomo e del suo rinnovamento. La teologia del santo si basa sulla verit\u00e0 accertata. Si preoccupa seriamente di rinnovare e riformare questo essere umano che \u00e8 stato rivestito della morte e della possibilit\u00e0 della tentazione.<\/p>\n<p>In secondo luogo, perch\u00e9 parla del mistero dell\u2019incarnazione divina e della gestione di Dio come la conosciamo oggi. Quando parla di incarnazione e divinizzazione, intende l&#039;incarnazione di Cristo, la sua sofferenza, la sua croce e la sua risurrezione. Sant&#039;Atanasio lo ritiene sufficiente e non procede ad altre analisi.<\/p>\n<p>Pertanto, le ipotesi di sant&#039;Atanasio il Grande differiscono dalle ipotesi di altri santi padri, di cui parleremo nella parte successiva. Non parlano delle stesse cose. Dobbiamo essere in grado di entrare nella mente dei genitori e insegnare loro a non sbagliare.<\/p>\n<p><strong><span style=\"text-decoration: underline;\">b) La posizione di San Nicodemo dell&#039;Athos<\/span><\/strong><\/p>\n<p>Analizzando l&#039;insegnamento patristico sullo stesso punto, san Nicodemo giunge alla conclusione che l&#039;incarnazione del Figlio di Dio e del suo Verbo non \u00e8 stata il risultato della caduta dell&#039;uomo, ma piuttosto \u00e8 stato lo scopo primario della sua creazione, perch\u00e9 in in questo modo \u00e8 possibile raggiungere la theosis. Ci\u00f2 sembra vero se consideriamo che la caduta di Adamo non avrebbe \u201cobbligato\u201d Dio a diventare umano n\u00e9 Cristo avrebbe assunto la natura umana per sempre. Questo \u00e8 ci\u00f2 che ci porta a concludere che la caduta \u00e8 avvenuta affinch\u00e9 Dio si incarnasse, e che alla fine non \u00e8 stata una cosa negativa, ma piuttosto una benedizione.<\/p>\n<p>San Nicodemo dell&#039;Athos sviluppa questo punto teologico in un eccellente studio intitolato: \u201cUna difesa del testo popolare sulla Madonna Madre di Dio nel libro della Guerra Invisibile\u201d, che costituisce un esempio di saggio teologico. San Nicodemo dell&#039;Athos \u00e8 stato un grande teologo nella Chiesa perch\u00e9 ha compreso profondamente l&#039;insegnamento patristico e lo ha espresso in modo influente e fruttuoso.<\/p>\n<p>Ha identificato la motivazione per scrivere la sua difesa con una frase del libro \u201cLa guerra invisibile\u201d, molto diffuso all&#039;epoca. Ha scritto: \u201cTutto il mondo visibile e invisibile \u00e8 stato creato per questo scopo, per la Madre di Dio, e la Madre di Dio \u00e8 stata per amore del Signore nostro Ges\u00f9 Cristo\u201d.<\/p>\n<p>Questo articolo suscit\u00f2 alcuni teologi dell&#039;epoca che espressero dubbi al riguardo. Ecco perch\u00e9 san Nicodemo scriveva all&#039;inizio della sua difesa: \u201cPoich\u00e9 alcuni commentatori interessati alla sacra teologia e che hanno letto ci\u00f2 che ho scritto sulla Signora Theotokos... sono confusi... mi scuso qui per non aver risolto il loro problema .\u201d \u00c8 ammirevole che il santo abbia iniziato la sua difesa con grande umilt\u00e0, senza calunniare o criticare i teologi del suo tempo che lo criticavano. Presenta la sua spiegazione senza passione, ma con calma e sobriet\u00e0. Le questioni teologiche, infatti, richiedono un dialogo serio, altrimenti lo Spirito Santo non opera.<\/p>\n<p>Dopo aver esposto le sue argomentazioni teologiche, che presenteremo di seguito, conclude: \u00abCredo che queste poche parole siano sufficienti per chiedere scusa ai governanti e ai lettori riconoscenti per quanto ho scritto sulla Madre di Dio, e chiedo loro di non biasimarmi eccessivamente, perch\u00e9 non scrivo quello che ho scritto per mia opinione o per mia convinzione, ma ho seguito le dottrine dei teologi che hanno parlato prima di me. Se alcuni mi rimproverano per emozione, rimproverino piuttosto Massimo il Teoforo, Gregorio di Tessalonicesi, Andrea Magno e altri dai quali ho preso in prestito questa dottrina\u00bb.<\/p>\n<p>Questo testo \u00e8 sorprendente e mostra il modo in cui il santo affronta situazioni simili. All&#039;inizio San Nicodemo parla educatamente. Descrive i suoi lettori come grati e chiede loro di non biasimarlo eccessivamente. Spera che i suoi accusatori non siano motivati dalla passione. Pur sapendo che sono pieni di passioni, non rivolge loro accuse superficiali. Poi sottolinea che non esprime il proprio punto di vista, ma racconta piuttosto l&#039;insegnamento dei santi Padri della Chiesa da cui ha preso in prestito questa frase.<\/p>\n<p>Di seguito analizzeremo ulteriormente la visione teologica di san Nicodemo dell&#039;Athos, secondo cui \u00abtutto il mondo visibile e invisibile \u00e8 stato creato per questo scopo, per la Madre di Dio, e la Madre di Dio \u00e8 stata per il bene dei nostri Signore Ges\u00f9 Cristo\u201d, il che significa che l\u2019incarnazione di Cristo era l\u2019obiettivo e lo scopo originali della creazione. Ci\u00f2 significa che in questo modo l&#039;uomo era unito a Dio, e quindi l&#039;incarnazione era indipendente dalla caduta di Adamo.<\/p>\n<p><strong><span style=\"text-decoration: underline;\">c) La Divina Provvidenza \u00e8 la volont\u00e0 prioritaria di Dio<\/span><\/strong><\/p>\n<p>Per sostenere la sua opinione, San Nicodemo prende brani della Bibbia e dei Santi Padri della Chiesa. Dalla Bibbia prende principalmente tre brani. Il primo \u00e8 dai Proverbi, dove dice: \u00abIl Signore mi ha fatto fare il suo cammino dapprima, prima delle sue opere antiche\u00bb (Proverbi 8:22). La seconda \u00e8 dalla lettera di Paolo ai Colossesi, dove Cristo \u00e8 chiamato il primogenito di tutta la creazione: \u201cColui che \u00e8 l\u2019immagine del Dio invisibile \u00e8 il primogenito di tutta la creazione\u201d (Colossesi 1:15). In modo simile, il passo della lettera di Paolo ai Romani afferma: \u00abPer quelli che ha preconosciuti, li ha predestinati ad essere conformi all&#039;immagine del Figlio suo, affinch\u00e9 fosse il primogenito tra molti fratelli\u00bb (Romani 8,29). .<\/p>\n<p>Nella sua interpretazione di questi brani sulla base degli insegnamenti dei Santi Padri, dice che essi non si riferiscono alla divinit\u00e0, perch\u00e9 il Verbo non \u00e8 stato creato da Dio, n\u00e9 \u00e8 Lui la prima delle creature, come diceva piuttosto Ario. questi passaggi si riferiscono all&#039;umanit\u00e0 di Cristo, che \u00ab\u00e8 l&#039;inizio di ogni giudizio che Dio ha profetizzato prima di ogni &quot;Un&#039;altra cosa, \u00e8 la prima cosa che fa&quot;. Cos\u00ec, il mistero della gestione del Figlio incarnato e della Parola di Dio inizia da tutte le vie di Dio. Egli \u00e8 il primogenito di tutta la creazione \u201ced \u00e8 stato determinato prima della nomina di tutti i salvati\u201d.<\/p>\n<p>San Massimo il Confessore ha un passaggio distintivo che supporta la sua opinione. Ne citer\u00f2 qui gran parte perch\u00e9 il suo significato \u00e8 importante e ha peso. \u201cIl mistero dell&#039;incarnazione \u00e8 grande e profondo. \u00c8 la materia benedetta per la quale tutte le cose hanno stabilito i loro obiettivi. L&#039;incarnazione di Cristo \u00e8 un mistero grande e profondo per il quale la Santissima Trinit\u00e0 ha creato il mondo intero. San Massimo prosegue: \u00ab\u00c8 lo scopo che Dio previde in anticipo per la prima creazione, specificando quello che noi chiamiamo lo scopo per cui tutto venne all&#039;esistenza senza che fosse nulla\u00bb. Questa affermazione \u00e8 sorprendente perch\u00e9 mostra che il segreto dell&#039;incarnazione \u00e8 lo scopo divino che esisteva dall&#039;inizio della creazione degli esseri e tutto era per questo scopo e per nessun altro scopo. Ci\u00f2 significa che la decisione di incarnarsi \u00e8 venuta prima. Naturalmente questo va inteso nel senso che in Dio il tempo non esiste. San Massimo prosegue espressivamente: \u00abDio ha creato le essenze degli esseri a questo scopo. \u00c8 principalmente l\u2019obiettivo della divina provvidenza e delle cose che Egli provvede, e verso questo obiettivo c\u2019\u00e8 la somma di tutte le cose che Egli ha fatto in Dio\u201d. Dio ha creato il mondo per questo scopo, quindi l&#039;obiettivo della divina provvidenza e della restaurazione di tutta la creazione \u00e8 l&#039;incarnazione.<\/p>\n<p>Questo passaggio \u00e8 cos\u00ec sorprendente e speciale che nessuno pu\u00f2 spiegarlo diversamente. Quindi, se questo passo dell\u2019insegnamento di san Massimo \u00e8 corretto, prover\u00e0 che la divinizzazione dell\u2019uomo \u00e8 realmente avvenuta attraverso l\u2019unione ipostatica tra la natura divina e quella umana nella persona del Verbo di Dio. Pertanto, la Signora Theotokos, dalla quale Cristo prese carne, fu il risultato della creazione del mondo intero, visibile e invisibile. L&#039;uomo \u00e8 la somma di tutta la creazione.<\/p>\n<p>San Gregorio Palamas dice, riferendosi all&#039;affermazione del Padre al battesimo di Cristo nel fiume Giordano: &quot;Questo \u00e8 il mio diletto Figlio&quot;, che questa voce mostra che tutto ci\u00f2 che era nell&#039;Antico Testamento, la legge, le promesse, e l&#039;adozione, era imperfetta \u201cn\u00e9 scelta e perfezionata secondo l&#039;opinione preordinata di Dio, piuttosto guardava alla meta presente e proseguiva verso il presente, e queste cose furono completate\u201d. Poi dice che non solo gli avvenimenti dell&#039;Antico Testamento, ma anche l&#039;inizio del mondo e dell&#039;uomo erano orientati verso Cristo. Proseguendo sottolinea che anche l&#039;uomo \u00e8 stato creato per questo scopo. L\u2019uomo \u00e8 stato creato a immagine di Dio \u201cper poter un giorno contenere l\u2019archetipo\u201d. Qui san Gregorio Palamas distingue saggiamente tra la volont\u00e0 preliminare di Dio, che \u00e8 il suo buon desiderio, e la sua buona volont\u00e0 finale, cio\u00e8 l&#039;incarnazione del Verbo di Dio, da un lato, e la volont\u00e0 di Dio provvigionale, cio\u00e8 la legge del Antico Testamento, invece. L&#039;incarnazione del Figlio di Dio e del Suo Verbo \u00e8 il previo desiderio divino ed \u00e8 quindi indipendente dalla caduta dell&#039;uomo.<\/p>\n<p>San Nicodemo dell&#039;Athos, riferendosi a questi brani, conclude: \u00abAvete sentito che Dio ha creato l&#039;uomo a Sua immagine affinch\u00e9 potesse contenere l&#039;archetipo dell&#039;incarnazione? Per questo Dio ha fatto l&#039;uomo unit\u00e0 del mondo razionale e sensibile, sommario e sommario di tutte le creature, affinch\u00e9 unendosi a Lui sia unito a tutte le creature, come dice san Paolo, e al Creatore e alla creazione. diventare uno attraverso l&#039;ipostasi, secondo Massimo il Divino.<\/p>\n<p>Il fatto che il disegno divino, il segreto dell&#039;incarnazione del Figlio di Dio e del suo Verbo sia la volont\u00e0 prioritaria di Dio, appare dal fatto che anche gli angeli hanno beneficiato dell&#039;incarnazione. Sappiamo benissimo che ha peccato l&#039;uomo, non gli angeli che glorificano Dio incessantemente. Il fatto che gli angeli abbiano beneficiato dell\u2019incarnazione significa che questo bene era nella mente di Dio ed \u00e8 la Sua perfetta volont\u00e0 e non un piano. Secondo san Nikita Stethatos, gli angeli erano privi di inclinazione al male, ma dopo l\u2019incarnazione, e soprattutto dopo la risurrezione di Cristo, divennero risoluti contro il male \u201cnon per natura ma per grazia\u201d. Hanno raggiunto la fermezza, secondo san Giovanni Damasceno, e hanno raggiunto la fermezza, secondo san Gregorio Palamas. Cos\u00ec anche l&#039;uomo sarebbe giunto alla divinizzazione per grazia attraverso l&#039;incarnazione di Cristo, anche se la caduta non fosse avvenuta.<\/p>\n<p>Naturalmente dobbiamo ripetere che i Padri non hanno affrontato questo argomento ipoteticamente, poich\u00e9 questo approccio \u00e8 il modo di pensare scolastico, ma abbiamo usato questa frase ipotetica per dare particolare risalto al fatto positivo che attraverso Cristo \u00e8 avvenuta la divinizzazione dell&#039;uomo . Attraverso l&#039;incarnazione di Cristo, gli angeli, oltre ad essere immutabili, sono diventati anche pi\u00f9 ricettivi all&#039;illuminazione.<\/p>\n<p>San Nicodemo usa altri argomenti per dimostrare che l&#039;incarnazione \u00e8 la volont\u00e0 originaria, come la chiama il profeta Isaia, essendo antica e la prima dei suoi disegni. In Dio c&#039;\u00e8 essenza, ipostasi e potenze. I poteri e l&#039;azione con cui Dio partecipa alle creature sono esterni. L&#039;ipostasi \u00e8 pi\u00f9 interna e l&#039;essenza \u00e8 pi\u00f9 profonda. \u201cCon questi tre Dio ha stabilito per sempre questi tre vincoli generali\u201d. Il Padre condivide per sempre l&#039;essenza con il Figlio e lo Spirito, attraverso la nascita del Figlio e l&#039;emergere dello Spirito. \u00abIl Figlio ha assunto una relazione ipostatica di comunione con l&#039;umanit\u00e0. Attraverso questa relazione, ha conosciuto in anticipo e realizzato in anticipo l&#039;unit\u00e0 attuale che segue questa relazione nel tempo\u00bb. Allo stesso modo, \u00abDio ha assunto un rapporto eterno... per condividere i poteri con le restanti creature, e attraverso questo rapporto conosceva in anticipo e preconosceva il destino di tutte le creature mentali e fisiche\u00bb. Poich\u00e9 questo rapporto ipostatico \u00e8 pi\u00f9 interno del rapporto di forza, la conoscenza preventiva dell&#039;unit\u00e0 ipostatica tra la natura divina e quella umana \u00e8 anteriore e pi\u00f9 originaria dell&#039;unit\u00e0 con le forze.<\/p>\n<p>Ci\u00f2 appare anche nelle parole dei Santi Padri sulla Madre di Dio, che \u00e8 la Persona che ha servito il mistero dell&#039;Incarnazione e che ha presentato il suo corpo come unit\u00e0 ipostatica tra la natura divina e quella umana. Cos\u00ec dice sant\u2019Andrea di Creta: \u00abLa Madre di Dio \u00e8... l\u2019oggetto dell\u2019alleanza di Dio con noi. Rivela le profondit\u00e0 difficili e incomprensibili; L&#039;obiettivo prefissato in anticipo per tutte le generazioni \u00e8 creare generazioni; \u00c8 la corona delle profezie divine; \u00c8 l&#039;indescrivibile e indescrivibile volont\u00e0 divina in ogni senso della parola prima dell&#039;eternit\u00e0 di proteggere l&#039;uomo.<\/p>\n<p>Questa visione teologica \u00e8 accettabile se ricordiamo che Cristo \u00e8 l&#039;inizio, il mezzo e la fine della creazione del mondo e della divinizzazione dell&#039;uomo. Solo in questa prospettiva possiamo vedere che il mistero dell&#039;incarnazione \u00e8 indipendente dalla caduta dell&#039;uomo. San Massimo il Confessore dice che nostro Signore Ges\u00f9 Cristo \u00e8 \u201cil principio, la met\u00e0 e la fine delle generazioni passate, presenti e future\u201d. Nell&#039;interpretare queste parole, San Nicodemo dell&#039;Athos dice che questo segreto \u00e8 l&#039;inizio della creazione, perch\u00e9 lo scopo di questo segreto era l&#039;inizio della conoscenza che ha preceduto la creazione di tutte le creature e il motivo di questa conoscenza e di questa creazione. \u00c8 la via di mezzo perch\u00e9 ha concesso la pienezza della prescienza di Dio e quindi l&#039;immutabilit\u00e0 agli angeli, l&#039;immortalit\u00e0, l&#039;incorruzione e la salvezza agli esseri umani. \u00c8 anche la fine perch\u00e9 questo segreto \u00e8 diventato perfezione, divinizzazione, gloria e benedizione per gli angeli, gli esseri umani e tutta la creazione.<\/p>\n<p><strong><span style=\"text-decoration: underline;\">D) Conclusioni dopo aver analizzato questa posizione teologica:<\/span><\/strong><\/p>\n<p>San Nicodemo giunge a due conclusioni: in primo luogo, che \u00abil mistero dell&#039;Incarnazione deve essersi verificato innanzitutto perch\u00e9 questo mistero era la volont\u00e0 preventiva di Dio, come diciamo con san Gregorio di Tessalonicesi, innanzitutto a causa dell&#039;infinito, dell&#039;essenziale e del supremo. bont\u00e0 di Dio, e anzi proprio per questo il fondamento pi\u00f9 profondo della bont\u00e0 paterna, come diceva Massimo il Teoforo\u201d. In secondo luogo perch\u00e9 ci\u00f2 era necessario per tutte le Creazioni spirituali e fisiche come principio, met\u00e0 e fine, come \u00e8 stato mostrato.<\/p>\n<p>La seconda conclusione \u00e8 che la Madre di Dio, essendo il mezzo pi\u00f9 diretto ed esplicito e causa comune necessaria di questo mistero (perch\u00e9 il corpo di Cristo \u00e8 corpo di Maria secondo il beato Agostino), era conosciuta in anticipo e concessa da Dio prima tutte le altre creature, e tutte le altre creature morirono e vennero all&#039;esistenza per mezzo di lei, essendo. Questo \u00e8 lo scopo che Dio aveva in mente in anticipo, ed \u00e8 anche il fine per cui tutte le cose furono create, come diceva sant&#039;Andrea.<\/p>\n<p>A prima vista pu\u00f2 sembrare che tutto ci\u00f2 che \u00e8 spiegato qui, sulla base dell&#039;insegnamento dei Santi Padri, si riferisca a questioni teoriche che non hanno alcuna relazione con la vita spirituale. Ma questo \u00e8 un errore perch\u00e9 la dottrina ha un rapporto profondo e intimo con la vita spirituale dell\u2019uomo. Questa verit\u00e0 \u00e8 dimostrata in questo insegnamento teologico.<\/p>\n<p>Tutto ci\u00f2 che abbiamo visto mostra che il Verbo di Dio si \u00e8 fatto uomo non per placare la bont\u00e0 divina, come dicono i teologi occidentali, ma per divinizzare la natura umana con amore e benevolenza. Placare la bont\u00e0 divina d\u00e0 una dimensione giuridica alla vita spirituale perch\u00e9 indica che tutta la nostra ascesi mira a placare Dio. D\u2019altronde non \u00e8 Dio che ha bisogno di guarigione, ma noi. Pertanto, l&#039;incarnazione di Cristo era la volont\u00e0 prioritaria di Dio e l&#039;obiettivo finale della creazione dell&#039;uomo. L&#039;uomo non avrebbe potuto raggiungere la comunione con Dio se non ci fosse stata un&#039;unit\u00e0 ipostatica tra la natura divina e quella umana di Cristo, perch\u00e9 c&#039;\u00e8 una grande differenza tra il creato e l&#039;increato. La creatura non avrebbe potuto unirsi all&#039;increato se tra i due non fosse esistita questa unit\u00e0 ipostatica nella persona di Cristo. Ci\u00f2 che \u00e8 stato aggiunto dalla caduta dell&#039;uomo \u00e8 stata la sofferenza, la croce, la morte e la risurrezione di Cristo. Queste questioni si comprendono, ovviamente, dal fatto che Cristo, attraverso la sua incarnazione, ha assunto una natura umana estremamente pura, ma suscettibile alla morte e alla passione.<\/p>\n<p>Considero mio dovere concludere dicendo che san Nicodemo dell&#039;Athos, come appare da queste poche cose che abbiamo accennato, \u00e8 un grande teologo e padre della Chiesa nella tradizione patristica ed ecclesiastica. \u00c8 un teologo ortodosso che vede la salvezza umana nel trattamento all&#039;interno dei presupposti ortodossi. Se alcuni vedono le cose diversamente, \u00e8 perch\u00e9 non conoscono l&#039;insegnamento di san Nicodemo, che leggono frammentariamente e attraverso le proprie supposizioni. Ad essi, il santo ripete le parole che allora rivolse ai suoi accusatori: \u00abSpero che non mi biasimiate eccessivamente, perch\u00e9 non scrivo quello che ho scritto per mia opinione o per mia convinzione, ma piuttosto ho seguito le convinzioni di i teologi che hanno parlato prima di me. Se alcuni mi rimproverano per emozione, rimproverino Massimo il portatore di Dio, Gregorio di Tessalonicesi, Andrea il Grande e altri da cui ho preso in prestito questa dottrina. A Colui che d\u00e0 la gloria al principio per sempre\u201d.<\/p>\n<p align=\"left\">Metropolita Irotheos Vlachos<br \/>Arabizzazione di padre Antoine Melki<br \/>Informazioni sulla rivista Ortodossa Heritage<\/p>","protected":false},"excerpt":{"rendered":"<p>\u064a\u064f\u062f\u062e\u0644 \u0633\u0631 \u062a\u062c\u0633\u0651\u062f \u0627\u0628\u0646 \u0627\u0644\u0644\u0647 \u0648\u0643\u0644\u0645\u062a\u0647 \u0625\u0644\u0649 \u062a\u0623\u0644\u0651\u0647 \u0627\u0644\u0625\u0646\u0633\u0627\u0646. \u064a\u0634\u062f\u0651\u062f \u0622\u0628\u0627\u0621 \u0627\u0644\u0643\u0646\u064a\u0633\u0629 \u0627\u0644\u0642\u062f\u064a\u0633\u0648\u0646 \u0639\u0644\u0649 \u0623\u0646 \u0627\u0644\u0644\u0647 \u0635\u0627\u0631 \u0625\u0646\u0633\u0627\u0646\u0627\u064b \u0644\u0643\u064a \u064a\u062c\u0639\u0644 [&hellip;]<\/p>\n","protected":false},"author":31,"featured_media":3449,"comment_status":"closed","ping_status":"closed","sticky":false,"template":"","format":"standard","meta":{"_relevanssi_hide_post":"","_relevanssi_hide_content":"","_relevanssi_pin_for_all":"","_relevanssi_pin_keywords":"","_relevanssi_unpin_keywords":"","_relevanssi_related_keywords":"","_relevanssi_related_include_ids":"","_relevanssi_related_exclude_ids":"","_relevanssi_related_no_append":"","_relevanssi_related_not_related":"","_relevanssi_related_posts":"1133,1098,721,1154,1066,1169,810,1171,2565,2562,1116,1172","_relevanssi_noindex_reason":"","site-sidebar-layout":"default","site-content-layout":"","ast-site-content-layout":"default","site-content-style":"default","site-sidebar-style":"default","ast-global-header-display":"","ast-banner-title-visibility":"","ast-main-header-display":"","ast-hfb-above-header-display":"","ast-hfb-below-header-display":"","ast-hfb-mobile-header-display":"","site-post-title":"","ast-breadcrumbs-content":"","ast-featured-img":"","footer-sml-layout":"","ast-disable-related-posts":"","theme-transparent-header-meta":"","adv-header-id-meta":"","stick-header-meta":"","header-above-stick-meta":"","header-main-stick-meta":"","header-below-stick-meta":"","astra-migrate-meta-layouts":"default","ast-page-background-enabled":"default","ast-page-background-meta":{"desktop":{"background-color":"var(--ast-global-color-4)","background-image":"","background-repeat":"repeat","background-position":"center center","background-size":"auto","background-attachment":"scroll","background-type":"","background-media":"","overlay-type":"","overlay-color":"","overlay-opacity":"","overlay-gradient":""},"tablet":{"background-color":"","background-image":"","background-repeat":"repeat","background-position":"center center","background-size":"auto","background-attachment":"scroll","background-type":"","background-media":"","overlay-type":"","overlay-color":"","overlay-opacity":"","overlay-gradient":""},"mobile":{"background-color":"","background-image":"","background-repeat":"repeat","background-position":"center center","background-size":"auto","background-attachment":"scroll","background-type":"","background-media":"","overlay-type":"","overlay-color":"","overlay-opacity":"","overlay-gradient":""}},"ast-content-background-meta":{"desktop":{"background-color":"var(--ast-global-color-5)","background-image":"","background-repeat":"repeat","background-position":"center center","background-size":"auto","background-attachment":"scroll","background-type":"","background-media":"","overlay-type":"","overlay-color":"","overlay-opacity":"","overlay-gradient":""},"tablet":{"background-color":"var(--ast-global-color-5)","background-image":"","background-repeat":"repeat","background-position":"center center","background-size":"auto","background-attachment":"scroll","background-type":"","background-media":"","overlay-type":"","overlay-color":"","overlay-opacity":"","overlay-gradient":""},"mobile":{"background-color":"var(--ast-global-color-5)","background-image":"","background-repeat":"repeat","background-position":"center center","background-size":"auto","background-attachment":"scroll","background-type":"","background-media":"","overlay-type":"","overlay-color":"","overlay-opacity":"","overlay-gradient":""}},"footnotes":""},"categories":[39],"tags":[419,289,1715],"class_list":["post-1032","post","type-post","status-publish","format-standard","has-post-thumbnail","hentry","category-the-divinity-nature-and-incarnation","tag-419","tag-289","tag-1715"],"yoast_head":"<!-- This site is optimized with the Yoast SEO Premium plugin v27.4 (Yoast SEO v27.5) - https:\/\/yoast.com\/product\/yoast-seo-premium-wordpress\/ -->\n<title>\u0627\u0633\u062a\u0642\u0644\u0627\u0644 \u0627\u0644\u062a\u062c\u0633\u062f \u0627\u0644\u0625\u0644\u0647\u064a \u0639\u0646 \u0633\u0642\u0648\u0637 \u0627\u0644\u0625\u0646\u0633\u0627\u0646 - \u0627\u0628\u0646 \u0627\u0644\u0644\u0647 - \u0627\u0644\u0643\u0644\u0645\u0629 \u0627\u0644\u0645\u062a\u062c\u0633\u062f - \u0634\u0628\u0643\u0629 \u0623\u0631\u062b\u0648\u0630\u0643\u0633 \u0623\u0648\u0646\u0644\u0627\u064a\u0646<\/title>\n<meta name=\"description\" content=\": \u064a\u064f\u062f\u062e\u0644 \u0633\u0631 \u062a\u062c\u0633\u0651\u062f \u0627\u0628\u0646 \u0627\u0644\u0644\u0647 \u0648\u0643\u0644\u0645\u062a\u0647 \u0625\u0644\u0649 \u062a\u0623\u0644\u0651\u0647 \u0627\u0644\u0625\u0646\u0633\u0627\u0646. \u064a\u0634\u062f\u0651\u062f \u0622\u0628\u0627\u0621 \u0627\u0644\u0643\u0646\u064a\u0633\u0629 \u0627\u0644\u0642\u062f\u064a\u0633\u0648\u0646 \u0639\u0644\u0649 \u0623\u0646 \u0627\u0644\u0644\u0647 \u0635\u0627\u0631 \u0625\u0646\u0633\u0627\u0646\u0627\u064b \u0644\u0643\u064a \u064a\u062c\u0639\u0644 \u0627\u0644\u0625\u0646\u0633\u0627\u0646 \u0625\u0644\u0647\u0627\u064b. \u0644\u0627 \u064a\u0628\u0644\u063a \u0623\u064a \u0625\u0646\u0633\u0627\u0646 \u0625\u0644\u0649 \u0627\u0644\u062a\u0623\u0644\u0651\u0647. \u0645\u0648\u0627\u0636\u064a\u0639 \u0645\u062a\u0635\u0644\u0629: \u0627\u0644\u062a\u0623\u0644\u0647, \u0627\u0644\u062a\u062c\u0633\u062f, \u062a\u0623\u0644\u064a\u0647 \u0627\u0644\u0625\u0646\u0633\u0627\u0646\" \/>\n<meta name=\"robots\" content=\"index, follow, max-snippet:-1, max-image-preview:large, max-video-preview:-1\" \/>\n<link rel=\"canonical\" href=\"https:\/\/www.orthodoxonline.org\/theology\/it\/faith-and-theology\/the-son\/the-divinity-nature-and-incarnation\/the-independence-of-incarnation-of-the-fall-of-the-human\/\" \/>\n<meta property=\"og:locale\" content=\"it_IT\" \/>\n<meta property=\"og:type\" content=\"article\" \/>\n<meta property=\"og:title\" content=\"\u0627\u0633\u062a\u0642\u0644\u0627\u0644 \u0627\u0644\u062a\u062c\u0633\u062f \u0627\u0644\u0625\u0644\u0647\u064a \u0639\u0646 \u0633\u0642\u0648\u0637 \u0627\u0644\u0625\u0646\u0633\u0627\u0646 - \u0634\u0628\u0643\u0629 \u0623\u0631\u062b\u0648\u0630\u0643\u0633 \u0623\u0648\u0646\u0644\u0627\u064a\u0646\" \/>\n<meta property=\"og:description\" content=\":\u064a\u064f\u062f\u062e\u0644 \u0633\u0631 \u062a\u062c\u0633\u0651\u062f \u0627\u0628\u0646 \u0627\u0644\u0644\u0647 \u0648\u0643\u0644\u0645\u062a\u0647 \u0625\u0644\u0649 \u062a\u0623\u0644\u0651\u0647 \u0627\u0644\u0625\u0646\u0633\u0627\u0646. \u064a\u0634\u062f\u0651\u062f \u0622\u0628\u0627\u0621 \u0627\u0644\u0643\u0646\u064a\u0633\u0629 \u0627\u0644\u0642\u062f\u064a\u0633\u0648\u0646 \u0639\u0644\u0649 \u0623\u0646 \u0627\u0644\u0644\u0647 \u0635\u0627\u0631 \u0625\u0646\u0633\u0627\u0646\u0627\u064b \u0644\u0643\u064a \u064a\u062c\u0639\u0644 \u0627\u0644\u0625\u0646\u0633\u0627\u0646 \u0625\u0644\u0647\u0627\u064b. \u0644\u0627 \u064a\u0628\u0644\u063a \u0623\u064a \u0625\u0646\u0633\u0627\u0646 \u0625\u0644\u0649 \u0627\u0644\u062a\u0623\u0644\u0651\u0647. \u0645\u0648\u0627\u0636\u064a\u0639 \u0645\u062a\u0635\u0644\u0629: \u0627\u0644\u062a\u0623\u0644\u0647, \u0627\u0644\u062a\u062c\u0633\u062f, \u062a\u0623\u0644\u064a\u0647 \u0627\u0644\u0625\u0646\u0633\u0627\u0646\" \/>\n<meta property=\"og:url\" content=\"https:\/\/www.orthodoxonline.org\/theology\/it\/faith-and-theology\/the-son\/the-divinity-nature-and-incarnation\/the-independence-of-incarnation-of-the-fall-of-the-human\/\" \/>\n<meta property=\"og:site_name\" content=\"\u0634\u0628\u0643\u0629 \u0623\u0631\u062b\u0648\u0630\u0643\u0633 \u0623\u0648\u0646\u0644\u0627\u064a\u0646\" \/>\n<meta property=\"article:publisher\" content=\"https:\/\/facebook.com\/orthodoxonline\" \/>\n<meta property=\"article:published_time\" content=\"2009-06-06T06:50:53+00:00\" \/>\n<meta property=\"og:image\" content=\"https:\/\/www.orthodoxonline.org\/theology\/wp-content\/uploads\/sites\/3\/2015\/03\/Orthodoxonline-Logo-Featured-Post.png\" \/>\n\t<meta property=\"og:image:width\" content=\"919\" \/>\n\t<meta property=\"og:image:height\" content=\"400\" \/>\n\t<meta property=\"og:image:type\" content=\"image\/png\" \/>\n<meta name=\"author\" content=\"\u0625\u064a\u0631\u0648\u062b\u064a\u0648\u0633 \u0641\u0644\u0627\u062e\u0648\u0633\u060c \u0627\u0644\u0645\u062a\u0631\u0648\u0628\u0648\u0644\u064a\u062a\" \/>\n<meta name=\"twitter:card\" content=\"summary_large_image\" \/>\n<meta name=\"twitter:creator\" content=\"@orthodoxonline\" \/>\n<meta name=\"twitter:site\" content=\"@orthodoxonline\" \/>\n<meta name=\"twitter:label1\" content=\"Scritto da\" \/>\n\t<meta name=\"twitter:data1\" content=\"\u0625\u064a\u0631\u0648\u062b\u064a\u0648\u0633 \u0641\u0644\u0627\u062e\u0648\u0633\u060c \u0627\u0644\u0645\u062a\u0631\u0648\u0628\u0648\u0644\u064a\u062a\" \/>\n<script type=\"application\/ld+json\" class=\"yoast-schema-graph\">{\"@context\":\"https:\\\/\\\/schema.org\",\"@graph\":[{\"@type\":\"Article\",\"@id\":\"https:\\\/\\\/www.orthodoxonline.org\\\/theology\\\/faith-and-theology\\\/the-son\\\/the-divinity-nature-and-incarnation\\\/the-independence-of-incarnation-of-the-fall-of-the-human\\\/#article\",\"isPartOf\":{\"@id\":\"https:\\\/\\\/www.orthodoxonline.org\\\/theology\\\/faith-and-theology\\\/the-son\\\/the-divinity-nature-and-incarnation\\\/the-independence-of-incarnation-of-the-fall-of-the-human\\\/\"},\"author\":{\"name\":\"\u0625\u064a\u0631\u0648\u062b\u064a\u0648\u0633 \u0641\u0644\u0627\u062e\u0648\u0633\u060c \u0627\u0644\u0645\u062a\u0631\u0648\u0628\u0648\u0644\u064a\u062a\",\"@id\":\"https:\\\/\\\/www.orthodoxonline.org\\\/theology\\\/#\\\/schema\\\/person\\\/0a9d572114b79a21c1bee3963411ece8\"},\"headline\":\"\u0627\u0633\u062a\u0642\u0644\u0627\u0644 \u0627\u0644\u062a\u062c\u0633\u062f \u0627\u0644\u0625\u0644\u0647\u064a \u0639\u0646 \u0633\u0642\u0648\u0637 \u0627\u0644\u0625\u0646\u0633\u0627\u0646\",\"datePublished\":\"2009-06-06T06:50:53+00:00\",\"mainEntityOfPage\":{\"@id\":\"https:\\\/\\\/www.orthodoxonline.org\\\/theology\\\/faith-and-theology\\\/the-son\\\/the-divinity-nature-and-incarnation\\\/the-independence-of-incarnation-of-the-fall-of-the-human\\\/\"},\"wordCount\":0,\"publisher\":{\"@id\":\"https:\\\/\\\/www.orthodoxonline.org\\\/theology\\\/#organization\"},\"image\":{\"@id\":\"https:\\\/\\\/www.orthodoxonline.org\\\/theology\\\/faith-and-theology\\\/the-son\\\/the-divinity-nature-and-incarnation\\\/the-independence-of-incarnation-of-the-fall-of-the-human\\\/#primaryimage\"},\"thumbnailUrl\":\"https:\\\/\\\/www.orthodoxonline.org\\\/theology\\\/wp-content\\\/uploads\\\/sites\\\/3\\\/2015\\\/03\\\/Orthodoxonline-Logo-Featured-Post.png\",\"keywords\":[\"\u0627\u0644\u062a\u0623\u0644\u0647\",\"\u0627\u0644\u062a\u062c\u0633\u062f\",\"\u062a\u0623\u0644\u064a\u0647 \u0627\u0644\u0625\u0646\u0633\u0627\u0646\"],\"articleSection\":[\"\u0627\u0628\u0646 \u0627\u0644\u0644\u0647 - \u0627\u0644\u0643\u0644\u0645\u0629 \u0627\u0644\u0645\u062a\u062c\u0633\u062f\"],\"inLanguage\":\"it-IT\"},{\"@type\":\"WebPage\",\"@id\":\"https:\\\/\\\/www.orthodoxonline.org\\\/theology\\\/faith-and-theology\\\/the-son\\\/the-divinity-nature-and-incarnation\\\/the-independence-of-incarnation-of-the-fall-of-the-human\\\/\",\"url\":\"https:\\\/\\\/www.orthodoxonline.org\\\/theology\\\/faith-and-theology\\\/the-son\\\/the-divinity-nature-and-incarnation\\\/the-independence-of-incarnation-of-the-fall-of-the-human\\\/\",\"name\":\"\u0627\u0633\u062a\u0642\u0644\u0627\u0644 \u0627\u0644\u062a\u062c\u0633\u062f \u0627\u0644\u0625\u0644\u0647\u064a \u0639\u0646 \u0633\u0642\u0648\u0637 \u0627\u0644\u0625\u0646\u0633\u0627\u0646 - \u0627\u0628\u0646 \u0627\u0644\u0644\u0647 - \u0627\u0644\u0643\u0644\u0645\u0629 \u0627\u0644\u0645\u062a\u062c\u0633\u062f - \u0634\u0628\u0643\u0629 \u0623\u0631\u062b\u0648\u0630\u0643\u0633 \u0623\u0648\u0646\u0644\u0627\u064a\u0646\",\"isPartOf\":{\"@id\":\"https:\\\/\\\/www.orthodoxonline.org\\\/theology\\\/#website\"},\"primaryImageOfPage\":{\"@id\":\"https:\\\/\\\/www.orthodoxonline.org\\\/theology\\\/faith-and-theology\\\/the-son\\\/the-divinity-nature-and-incarnation\\\/the-independence-of-incarnation-of-the-fall-of-the-human\\\/#primaryimage\"},\"image\":{\"@id\":\"https:\\\/\\\/www.orthodoxonline.org\\\/theology\\\/faith-and-theology\\\/the-son\\\/the-divinity-nature-and-incarnation\\\/the-independence-of-incarnation-of-the-fall-of-the-human\\\/#primaryimage\"},\"thumbnailUrl\":\"https:\\\/\\\/www.orthodoxonline.org\\\/theology\\\/wp-content\\\/uploads\\\/sites\\\/3\\\/2015\\\/03\\\/Orthodoxonline-Logo-Featured-Post.png\",\"datePublished\":\"2009-06-06T06:50:53+00:00\",\"description\":\": \u064a\u064f\u062f\u062e\u0644 \u0633\u0631 \u062a\u062c\u0633\u0651\u062f \u0627\u0628\u0646 \u0627\u0644\u0644\u0647 \u0648\u0643\u0644\u0645\u062a\u0647 \u0625\u0644\u0649 \u062a\u0623\u0644\u0651\u0647 \u0627\u0644\u0625\u0646\u0633\u0627\u0646. \u064a\u0634\u062f\u0651\u062f \u0622\u0628\u0627\u0621 \u0627\u0644\u0643\u0646\u064a\u0633\u0629 \u0627\u0644\u0642\u062f\u064a\u0633\u0648\u0646 \u0639\u0644\u0649 \u0623\u0646 \u0627\u0644\u0644\u0647 \u0635\u0627\u0631 \u0625\u0646\u0633\u0627\u0646\u0627\u064b \u0644\u0643\u064a \u064a\u062c\u0639\u0644 \u0627\u0644\u0625\u0646\u0633\u0627\u0646 \u0625\u0644\u0647\u0627\u064b. \u0644\u0627 \u064a\u0628\u0644\u063a \u0623\u064a \u0625\u0646\u0633\u0627\u0646 \u0625\u0644\u0649 \u0627\u0644\u062a\u0623\u0644\u0651\u0647. \u0645\u0648\u0627\u0636\u064a\u0639 \u0645\u062a\u0635\u0644\u0629: \u0627\u0644\u062a\u0623\u0644\u0647, \u0627\u0644\u062a\u062c\u0633\u062f, \u062a\u0623\u0644\u064a\u0647 \u0627\u0644\u0625\u0646\u0633\u0627\u0646\",\"breadcrumb\":{\"@id\":\"https:\\\/\\\/www.orthodoxonline.org\\\/theology\\\/faith-and-theology\\\/the-son\\\/the-divinity-nature-and-incarnation\\\/the-independence-of-incarnation-of-the-fall-of-the-human\\\/#breadcrumb\"},\"inLanguage\":\"it-IT\",\"potentialAction\":[{\"@type\":\"ReadAction\",\"target\":[\"https:\\\/\\\/www.orthodoxonline.org\\\/theology\\\/faith-and-theology\\\/the-son\\\/the-divinity-nature-and-incarnation\\\/the-independence-of-incarnation-of-the-fall-of-the-human\\\/\"]}]},{\"@type\":\"ImageObject\",\"inLanguage\":\"it-IT\",\"@id\":\"https:\\\/\\\/www.orthodoxonline.org\\\/theology\\\/faith-and-theology\\\/the-son\\\/the-divinity-nature-and-incarnation\\\/the-independence-of-incarnation-of-the-fall-of-the-human\\\/#primaryimage\",\"url\":\"https:\\\/\\\/www.orthodoxonline.org\\\/theology\\\/wp-content\\\/uploads\\\/sites\\\/3\\\/2015\\\/03\\\/Orthodoxonline-Logo-Featured-Post.png\",\"contentUrl\":\"https:\\\/\\\/www.orthodoxonline.org\\\/theology\\\/wp-content\\\/uploads\\\/sites\\\/3\\\/2015\\\/03\\\/Orthodoxonline-Logo-Featured-Post.png\",\"width\":919,\"height\":400},{\"@type\":\"BreadcrumbList\",\"@id\":\"https:\\\/\\\/www.orthodoxonline.org\\\/theology\\\/faith-and-theology\\\/the-son\\\/the-divinity-nature-and-incarnation\\\/the-independence-of-incarnation-of-the-fall-of-the-human\\\/#breadcrumb\",\"itemListElement\":[{\"@type\":\"ListItem\",\"position\":1,\"name\":\"\u0627\u0644\u0631\u0626\u064a\u0633\u064a\u0629\",\"item\":\"https:\\\/\\\/www.orthodoxonline.org\\\/theology\\\/\"},{\"@type\":\"ListItem\",\"position\":2,\"name\":\"\u0627\u0644\u0625\u064a\u0645\u0627\u0646 \u0648\u0627\u0644\u0644\u0627\u0647\u0648\u062a \u0627\u0644\u0623\u0631\u062b\u0648\u0630\u0643\u0633\u064a\",\"item\":\"https:\\\/\\\/www.orthodoxonline.org\\\/theology\\\/faith-and-theology\\\/\"},{\"@type\":\"ListItem\",\"position\":3,\"name\":\"\u0627\u0642\u0646\u0648\u0645 \u0627\u0644\u0627\u0628\u0646\",\"item\":\"https:\\\/\\\/www.orthodoxonline.org\\\/theology\\\/faith-and-theology\\\/the-son\\\/\"},{\"@type\":\"ListItem\",\"position\":4,\"name\":\"\u0627\u0628\u0646 \u0627\u0644\u0644\u0647 - \u0627\u0644\u0643\u0644\u0645\u0629 \u0627\u0644\u0645\u062a\u062c\u0633\u062f\",\"item\":\"https:\\\/\\\/www.orthodoxonline.org\\\/theology\\\/faith-and-theology\\\/the-son\\\/the-divinity-nature-and-incarnation\\\/\"},{\"@type\":\"ListItem\",\"position\":5,\"name\":\"\u0627\u0633\u062a\u0642\u0644\u0627\u0644 \u0627\u0644\u062a\u062c\u0633\u062f \u0627\u0644\u0625\u0644\u0647\u064a \u0639\u0646 \u0633\u0642\u0648\u0637 \u0627\u0644\u0625\u0646\u0633\u0627\u0646\"}]},{\"@type\":\"WebSite\",\"@id\":\"https:\\\/\\\/www.orthodoxonline.org\\\/theology\\\/#website\",\"url\":\"https:\\\/\\\/www.orthodoxonline.org\\\/theology\\\/\",\"name\":\"\u0623\u0631\u062b\u0648\u0630\u0643\u0633 \u0623\u0648\u0646\u0644\u0627\u064a\u0646\",\"description\":\"\u0625\u064a\u0645\u0627\u0646\u060c \u0639\u0642\u0627\u0626\u062f\u060c \u062a\u0627\u0631\u064a\u062e\u060c \u0644\u064a\u062a\u0648\u0631\u062c\u064a\u0629 \u0648\u062d\u064a\u0627\u0629 \u0627\u0644\u0643\u0646\u064a\u0633\u0629 \u0627\u0644\u0623\u0631\u062b\u0648\u0630\u0643\u0633\u064a\u0629 - \u0627\u0644\u0631\u0648\u0645 \u0627\u0644\u0623\u0631\u062b\u0648\u0630\u0643\u0633\",\"publisher\":{\"@id\":\"https:\\\/\\\/www.orthodoxonline.org\\\/theology\\\/#organization\"},\"alternateName\":\"\u0634\u0628\u0643\u0629 \u0623\u0631\u062b\u0648\u0630\u0643\u0633 \u0623\u0648\u0646\u0644\u0627\u064a\u0646\",\"potentialAction\":[{\"@type\":\"SearchAction\",\"target\":{\"@type\":\"EntryPoint\",\"urlTemplate\":\"https:\\\/\\\/www.orthodoxonline.org\\\/theology\\\/?s={search_term_string}\"},\"query-input\":{\"@type\":\"PropertyValueSpecification\",\"valueRequired\":true,\"valueName\":\"search_term_string\"}}],\"inLanguage\":\"it-IT\"},{\"@type\":\"Organization\",\"@id\":\"https:\\\/\\\/www.orthodoxonline.org\\\/theology\\\/#organization\",\"name\":\"\u0634\u0628\u0643\u0629 \u0623\u0631\u062b\u0648\u0630\u0643\u0633 \u0623\u0648\u0646\u0644\u0627\u064a\u0646\",\"url\":\"https:\\\/\\\/www.orthodoxonline.org\\\/theology\\\/\",\"logo\":{\"@type\":\"ImageObject\",\"inLanguage\":\"it-IT\",\"@id\":\"https:\\\/\\\/www.orthodoxonline.org\\\/theology\\\/#\\\/schema\\\/logo\\\/image\\\/\",\"url\":\"https:\\\/\\\/www.orthodoxonline.org\\\/theology\\\/wp-content\\\/uploads\\\/sites\\\/3\\\/2023\\\/07\\\/Logo-Header.png\",\"contentUrl\":\"https:\\\/\\\/www.orthodoxonline.org\\\/theology\\\/wp-content\\\/uploads\\\/sites\\\/3\\\/2023\\\/07\\\/Logo-Header.png\",\"width\":200,\"height\":200,\"caption\":\"\u0634\u0628\u0643\u0629 \u0623\u0631\u062b\u0648\u0630\u0643\u0633 \u0623\u0648\u0646\u0644\u0627\u064a\u0646\"},\"image\":{\"@id\":\"https:\\\/\\\/www.orthodoxonline.org\\\/theology\\\/#\\\/schema\\\/logo\\\/image\\\/\"},\"sameAs\":[\"https:\\\/\\\/facebook.com\\\/orthodoxonline\",\"https:\\\/\\\/x.com\\\/orthodoxonline\",\"https:\\\/\\\/www.instagram.com\\\/orthodoxonline\\\/\",\"https:\\\/\\\/www.youtube.com\\\/orthodoxonline\"],\"foundingDate\":\"2006-09-20\"},{\"@type\":\"Person\",\"@id\":\"https:\\\/\\\/www.orthodoxonline.org\\\/theology\\\/#\\\/schema\\\/person\\\/0a9d572114b79a21c1bee3963411ece8\",\"name\":\"\u0625\u064a\u0631\u0648\u062b\u064a\u0648\u0633 \u0641\u0644\u0627\u062e\u0648\u0633\u060c \u0627\u0644\u0645\u062a\u0631\u0648\u0628\u0648\u0644\u064a\u062a\",\"image\":{\"@type\":\"ImageObject\",\"inLanguage\":\"it-IT\",\"@id\":\"https:\\\/\\\/www.orthodoxonline.org\\\/theology\\\/wp-content\\\/litespeed\\\/avatar\\\/3\\\/397a9a50b65b9562ffe2edadf498ce22.jpg?ver=1777460384\",\"url\":\"https:\\\/\\\/www.orthodoxonline.org\\\/theology\\\/wp-content\\\/litespeed\\\/avatar\\\/3\\\/397a9a50b65b9562ffe2edadf498ce22.jpg?ver=1777460384\",\"contentUrl\":\"https:\\\/\\\/www.orthodoxonline.org\\\/theology\\\/wp-content\\\/litespeed\\\/avatar\\\/3\\\/397a9a50b65b9562ffe2edadf498ce22.jpg?ver=1777460384\",\"caption\":\"\u0625\u064a\u0631\u0648\u062b\u064a\u0648\u0633 \u0641\u0644\u0627\u062e\u0648\u0633\u060c \u0627\u0644\u0645\u062a\u0631\u0648\u0628\u0648\u0644\u064a\u062a\"},\"url\":\"http:\\\/\\\/www.orthodoxonline.org\\\/theology\\\/it\\\/author\\\/metr-hierotheos-vlachos-of-nafpaktos-ierotheos\\\/\"}]}<\/script>\n<!-- \/ Yoast SEO Premium plugin. -->","yoast_head_json":{"title":"L&#039;indipendenza dell&#039;incarnazione divina dalla caduta dell&#039;uomo - il Figlio di Dio - il Verbo incarnato - Rete online ortodossa","description":": \u064a\u064f\u062f\u062e\u0644 \u0633\u0631 \u062a\u062c\u0633\u0651\u062f \u0627\u0628\u0646 \u0627\u0644\u0644\u0647 \u0648\u0643\u0644\u0645\u062a\u0647 \u0625\u0644\u0649 \u062a\u0623\u0644\u0651\u0647 \u0627\u0644\u0625\u0646\u0633\u0627\u0646. \u064a\u0634\u062f\u0651\u062f \u0622\u0628\u0627\u0621 \u0627\u0644\u0643\u0646\u064a\u0633\u0629 \u0627\u0644\u0642\u062f\u064a\u0633\u0648\u0646 \u0639\u0644\u0649 \u0623\u0646 \u0627\u0644\u0644\u0647 \u0635\u0627\u0631 \u0625\u0646\u0633\u0627\u0646\u0627\u064b \u0644\u0643\u064a \u064a\u062c\u0639\u0644 \u0627\u0644\u0625\u0646\u0633\u0627\u0646 \u0625\u0644\u0647\u0627\u064b. \u0644\u0627 \u064a\u0628\u0644\u063a \u0623\u064a \u0625\u0646\u0633\u0627\u0646 \u0625\u0644\u0649 \u0627\u0644\u062a\u0623\u0644\u0651\u0647. \u0645\u0648\u0627\u0636\u064a\u0639 \u0645\u062a\u0635\u0644\u0629: \u0627\u0644\u062a\u0623\u0644\u0647, \u0627\u0644\u062a\u062c\u0633\u062f, \u062a\u0623\u0644\u064a\u0647 \u0627\u0644\u0625\u0646\u0633\u0627\u0646","robots":{"index":"index","follow":"follow","max-snippet":"max-snippet:-1","max-image-preview":"max-image-preview:large","max-video-preview":"max-video-preview:-1"},"canonical":"https:\/\/www.orthodoxonline.org\/theology\/it\/faith-and-theology\/the-son\/the-divinity-nature-and-incarnation\/the-independence-of-incarnation-of-the-fall-of-the-human\/","og_locale":"it_IT","og_type":"article","og_title":"\u0627\u0633\u062a\u0642\u0644\u0627\u0644 \u0627\u0644\u062a\u062c\u0633\u062f \u0627\u0644\u0625\u0644\u0647\u064a \u0639\u0646 \u0633\u0642\u0648\u0637 \u0627\u0644\u0625\u0646\u0633\u0627\u0646 - \u0634\u0628\u0643\u0629 \u0623\u0631\u062b\u0648\u0630\u0643\u0633 \u0623\u0648\u0646\u0644\u0627\u064a\u0646","og_description":":\u064a\u064f\u062f\u062e\u0644 \u0633\u0631 \u062a\u062c\u0633\u0651\u062f \u0627\u0628\u0646 \u0627\u0644\u0644\u0647 \u0648\u0643\u0644\u0645\u062a\u0647 \u0625\u0644\u0649 \u062a\u0623\u0644\u0651\u0647 \u0627\u0644\u0625\u0646\u0633\u0627\u0646. \u064a\u0634\u062f\u0651\u062f \u0622\u0628\u0627\u0621 \u0627\u0644\u0643\u0646\u064a\u0633\u0629 \u0627\u0644\u0642\u062f\u064a\u0633\u0648\u0646 \u0639\u0644\u0649 \u0623\u0646 \u0627\u0644\u0644\u0647 \u0635\u0627\u0631 \u0625\u0646\u0633\u0627\u0646\u0627\u064b \u0644\u0643\u064a \u064a\u062c\u0639\u0644 \u0627\u0644\u0625\u0646\u0633\u0627\u0646 \u0625\u0644\u0647\u0627\u064b. \u0644\u0627 \u064a\u0628\u0644\u063a \u0623\u064a \u0625\u0646\u0633\u0627\u0646 \u0625\u0644\u0649 \u0627\u0644\u062a\u0623\u0644\u0651\u0647. \u0645\u0648\u0627\u0636\u064a\u0639 \u0645\u062a\u0635\u0644\u0629: \u0627\u0644\u062a\u0623\u0644\u0647, \u0627\u0644\u062a\u062c\u0633\u062f, \u062a\u0623\u0644\u064a\u0647 \u0627\u0644\u0625\u0646\u0633\u0627\u0646","og_url":"https:\/\/www.orthodoxonline.org\/theology\/it\/faith-and-theology\/the-son\/the-divinity-nature-and-incarnation\/the-independence-of-incarnation-of-the-fall-of-the-human\/","og_site_name":"\u0634\u0628\u0643\u0629 \u0623\u0631\u062b\u0648\u0630\u0643\u0633 \u0623\u0648\u0646\u0644\u0627\u064a\u0646","article_publisher":"https:\/\/facebook.com\/orthodoxonline","article_published_time":"2009-06-06T06:50:53+00:00","og_image":[{"width":919,"height":400,"url":"https:\/\/www.orthodoxonline.org\/theology\/wp-content\/uploads\/sites\/3\/2015\/03\/Orthodoxonline-Logo-Featured-Post.png","type":"image\/png"}],"author":"\u0625\u064a\u0631\u0648\u062b\u064a\u0648\u0633 \u0641\u0644\u0627\u062e\u0648\u0633\u060c \u0627\u0644\u0645\u062a\u0631\u0648\u0628\u0648\u0644\u064a\u062a","twitter_card":"summary_large_image","twitter_creator":"@orthodoxonline","twitter_site":"@orthodoxonline","twitter_misc":{"Scritto da":"\u0625\u064a\u0631\u0648\u062b\u064a\u0648\u0633 \u0641\u0644\u0627\u062e\u0648\u0633\u060c \u0627\u0644\u0645\u062a\u0631\u0648\u0628\u0648\u0644\u064a\u062a"},"schema":{"@context":"https:\/\/schema.org","@graph":[{"@type":"Article","@id":"https:\/\/www.orthodoxonline.org\/theology\/faith-and-theology\/the-son\/the-divinity-nature-and-incarnation\/the-independence-of-incarnation-of-the-fall-of-the-human\/#article","isPartOf":{"@id":"https:\/\/www.orthodoxonline.org\/theology\/faith-and-theology\/the-son\/the-divinity-nature-and-incarnation\/the-independence-of-incarnation-of-the-fall-of-the-human\/"},"author":{"name":"\u0625\u064a\u0631\u0648\u062b\u064a\u0648\u0633 \u0641\u0644\u0627\u062e\u0648\u0633\u060c \u0627\u0644\u0645\u062a\u0631\u0648\u0628\u0648\u0644\u064a\u062a","@id":"https:\/\/www.orthodoxonline.org\/theology\/#\/schema\/person\/0a9d572114b79a21c1bee3963411ece8"},"headline":"\u0627\u0633\u062a\u0642\u0644\u0627\u0644 \u0627\u0644\u062a\u062c\u0633\u062f \u0627\u0644\u0625\u0644\u0647\u064a \u0639\u0646 \u0633\u0642\u0648\u0637 \u0627\u0644\u0625\u0646\u0633\u0627\u0646","datePublished":"2009-06-06T06:50:53+00:00","mainEntityOfPage":{"@id":"https:\/\/www.orthodoxonline.org\/theology\/faith-and-theology\/the-son\/the-divinity-nature-and-incarnation\/the-independence-of-incarnation-of-the-fall-of-the-human\/"},"wordCount":0,"publisher":{"@id":"https:\/\/www.orthodoxonline.org\/theology\/#organization"},"image":{"@id":"https:\/\/www.orthodoxonline.org\/theology\/faith-and-theology\/the-son\/the-divinity-nature-and-incarnation\/the-independence-of-incarnation-of-the-fall-of-the-human\/#primaryimage"},"thumbnailUrl":"https:\/\/www.orthodoxonline.org\/theology\/wp-content\/uploads\/sites\/3\/2015\/03\/Orthodoxonline-Logo-Featured-Post.png","keywords":["\u0627\u0644\u062a\u0623\u0644\u0647","\u0627\u0644\u062a\u062c\u0633\u062f","\u062a\u0623\u0644\u064a\u0647 \u0627\u0644\u0625\u0646\u0633\u0627\u0646"],"articleSection":["\u0627\u0628\u0646 \u0627\u0644\u0644\u0647 - \u0627\u0644\u0643\u0644\u0645\u0629 \u0627\u0644\u0645\u062a\u062c\u0633\u062f"],"inLanguage":"it-IT"},{"@type":"WebPage","@id":"https:\/\/www.orthodoxonline.org\/theology\/faith-and-theology\/the-son\/the-divinity-nature-and-incarnation\/the-independence-of-incarnation-of-the-fall-of-the-human\/","url":"https:\/\/www.orthodoxonline.org\/theology\/faith-and-theology\/the-son\/the-divinity-nature-and-incarnation\/the-independence-of-incarnation-of-the-fall-of-the-human\/","name":"L&#039;indipendenza dell&#039;incarnazione divina dalla caduta dell&#039;uomo - il Figlio di Dio - il Verbo incarnato - Rete online ortodossa","isPartOf":{"@id":"https:\/\/www.orthodoxonline.org\/theology\/#website"},"primaryImageOfPage":{"@id":"https:\/\/www.orthodoxonline.org\/theology\/faith-and-theology\/the-son\/the-divinity-nature-and-incarnation\/the-independence-of-incarnation-of-the-fall-of-the-human\/#primaryimage"},"image":{"@id":"https:\/\/www.orthodoxonline.org\/theology\/faith-and-theology\/the-son\/the-divinity-nature-and-incarnation\/the-independence-of-incarnation-of-the-fall-of-the-human\/#primaryimage"},"thumbnailUrl":"https:\/\/www.orthodoxonline.org\/theology\/wp-content\/uploads\/sites\/3\/2015\/03\/Orthodoxonline-Logo-Featured-Post.png","datePublished":"2009-06-06T06:50:53+00:00","description":": \u064a\u064f\u062f\u062e\u0644 \u0633\u0631 \u062a\u062c\u0633\u0651\u062f \u0627\u0628\u0646 \u0627\u0644\u0644\u0647 \u0648\u0643\u0644\u0645\u062a\u0647 \u0625\u0644\u0649 \u062a\u0623\u0644\u0651\u0647 \u0627\u0644\u0625\u0646\u0633\u0627\u0646. \u064a\u0634\u062f\u0651\u062f \u0622\u0628\u0627\u0621 \u0627\u0644\u0643\u0646\u064a\u0633\u0629 \u0627\u0644\u0642\u062f\u064a\u0633\u0648\u0646 \u0639\u0644\u0649 \u0623\u0646 \u0627\u0644\u0644\u0647 \u0635\u0627\u0631 \u0625\u0646\u0633\u0627\u0646\u0627\u064b \u0644\u0643\u064a \u064a\u062c\u0639\u0644 \u0627\u0644\u0625\u0646\u0633\u0627\u0646 \u0625\u0644\u0647\u0627\u064b. \u0644\u0627 \u064a\u0628\u0644\u063a \u0623\u064a \u0625\u0646\u0633\u0627\u0646 \u0625\u0644\u0649 \u0627\u0644\u062a\u0623\u0644\u0651\u0647. \u0645\u0648\u0627\u0636\u064a\u0639 \u0645\u062a\u0635\u0644\u0629: \u0627\u0644\u062a\u0623\u0644\u0647, \u0627\u0644\u062a\u062c\u0633\u062f, \u062a\u0623\u0644\u064a\u0647 \u0627\u0644\u0625\u0646\u0633\u0627\u0646","breadcrumb":{"@id":"https:\/\/www.orthodoxonline.org\/theology\/faith-and-theology\/the-son\/the-divinity-nature-and-incarnation\/the-independence-of-incarnation-of-the-fall-of-the-human\/#breadcrumb"},"inLanguage":"it-IT","potentialAction":[{"@type":"ReadAction","target":["https:\/\/www.orthodoxonline.org\/theology\/faith-and-theology\/the-son\/the-divinity-nature-and-incarnation\/the-independence-of-incarnation-of-the-fall-of-the-human\/"]}]},{"@type":"ImageObject","inLanguage":"it-IT","@id":"https:\/\/www.orthodoxonline.org\/theology\/faith-and-theology\/the-son\/the-divinity-nature-and-incarnation\/the-independence-of-incarnation-of-the-fall-of-the-human\/#primaryimage","url":"https:\/\/www.orthodoxonline.org\/theology\/wp-content\/uploads\/sites\/3\/2015\/03\/Orthodoxonline-Logo-Featured-Post.png","contentUrl":"https:\/\/www.orthodoxonline.org\/theology\/wp-content\/uploads\/sites\/3\/2015\/03\/Orthodoxonline-Logo-Featured-Post.png","width":919,"height":400},{"@type":"BreadcrumbList","@id":"https:\/\/www.orthodoxonline.org\/theology\/faith-and-theology\/the-son\/the-divinity-nature-and-incarnation\/the-independence-of-incarnation-of-the-fall-of-the-human\/#breadcrumb","itemListElement":[{"@type":"ListItem","position":1,"name":"\u0627\u0644\u0631\u0626\u064a\u0633\u064a\u0629","item":"https:\/\/www.orthodoxonline.org\/theology\/"},{"@type":"ListItem","position":2,"name":"\u0627\u0644\u0625\u064a\u0645\u0627\u0646 \u0648\u0627\u0644\u0644\u0627\u0647\u0648\u062a \u0627\u0644\u0623\u0631\u062b\u0648\u0630\u0643\u0633\u064a","item":"https:\/\/www.orthodoxonline.org\/theology\/faith-and-theology\/"},{"@type":"ListItem","position":3,"name":"\u0627\u0642\u0646\u0648\u0645 \u0627\u0644\u0627\u0628\u0646","item":"https:\/\/www.orthodoxonline.org\/theology\/faith-and-theology\/the-son\/"},{"@type":"ListItem","position":4,"name":"\u0627\u0628\u0646 \u0627\u0644\u0644\u0647 - \u0627\u0644\u0643\u0644\u0645\u0629 \u0627\u0644\u0645\u062a\u062c\u0633\u062f","item":"https:\/\/www.orthodoxonline.org\/theology\/faith-and-theology\/the-son\/the-divinity-nature-and-incarnation\/"},{"@type":"ListItem","position":5,"name":"\u0627\u0633\u062a\u0642\u0644\u0627\u0644 \u0627\u0644\u062a\u062c\u0633\u062f \u0627\u0644\u0625\u0644\u0647\u064a \u0639\u0646 \u0633\u0642\u0648\u0637 \u0627\u0644\u0625\u0646\u0633\u0627\u0646"}]},{"@type":"WebSite","@id":"https:\/\/www.orthodoxonline.org\/theology\/#website","url":"https:\/\/www.orthodoxonline.org\/theology\/","name":"Ortodosso in linea","description":"Fede, dottrine, storia, liturgia e vita della Chiesa ortodossa - Ortodossa greca","publisher":{"@id":"https:\/\/www.orthodoxonline.org\/theology\/#organization"},"alternateName":"\u0634\u0628\u0643\u0629 \u0623\u0631\u062b\u0648\u0630\u0643\u0633 \u0623\u0648\u0646\u0644\u0627\u064a\u0646","potentialAction":[{"@type":"SearchAction","target":{"@type":"EntryPoint","urlTemplate":"https:\/\/www.orthodoxonline.org\/theology\/?s={search_term_string}"},"query-input":{"@type":"PropertyValueSpecification","valueRequired":true,"valueName":"search_term_string"}}],"inLanguage":"it-IT"},{"@type":"Organization","@id":"https:\/\/www.orthodoxonline.org\/theology\/#organization","name":"Rete online ortodossa","url":"https:\/\/www.orthodoxonline.org\/theology\/","logo":{"@type":"ImageObject","inLanguage":"it-IT","@id":"https:\/\/www.orthodoxonline.org\/theology\/#\/schema\/logo\/image\/","url":"https:\/\/www.orthodoxonline.org\/theology\/wp-content\/uploads\/sites\/3\/2023\/07\/Logo-Header.png","contentUrl":"https:\/\/www.orthodoxonline.org\/theology\/wp-content\/uploads\/sites\/3\/2023\/07\/Logo-Header.png","width":200,"height":200,"caption":"\u0634\u0628\u0643\u0629 \u0623\u0631\u062b\u0648\u0630\u0643\u0633 \u0623\u0648\u0646\u0644\u0627\u064a\u0646"},"image":{"@id":"https:\/\/www.orthodoxonline.org\/theology\/#\/schema\/logo\/image\/"},"sameAs":["https:\/\/facebook.com\/orthodoxonline","https:\/\/x.com\/orthodoxonline","https:\/\/www.instagram.com\/orthodoxonline\/","https:\/\/www.youtube.com\/orthodoxonline"],"foundingDate":"2006-09-20"},{"@type":"Person","@id":"https:\/\/www.orthodoxonline.org\/theology\/#\/schema\/person\/0a9d572114b79a21c1bee3963411ece8","name":"Erotheus Vlachos, metropolita","image":{"@type":"ImageObject","inLanguage":"it-IT","@id":"https:\/\/www.orthodoxonline.org\/theology\/wp-content\/litespeed\/avatar\/3\/397a9a50b65b9562ffe2edadf498ce22.jpg?ver=1777460384","url":"https:\/\/www.orthodoxonline.org\/theology\/wp-content\/litespeed\/avatar\/3\/397a9a50b65b9562ffe2edadf498ce22.jpg?ver=1777460384","contentUrl":"https:\/\/www.orthodoxonline.org\/theology\/wp-content\/litespeed\/avatar\/3\/397a9a50b65b9562ffe2edadf498ce22.jpg?ver=1777460384","caption":"\u0625\u064a\u0631\u0648\u062b\u064a\u0648\u0633 \u0641\u0644\u0627\u062e\u0648\u0633\u060c \u0627\u0644\u0645\u062a\u0631\u0648\u0628\u0648\u0644\u064a\u062a"},"url":"http:\/\/www.orthodoxonline.org\/theology\/it\/author\/metr-hierotheos-vlachos-of-nafpaktos-ierotheos\/"}]}},"wps_subtitle":"","amp_enabled":true,"_links":{"self":[{"href":"http:\/\/www.orthodoxonline.org\/theology\/it\/wp-json\/wp\/v2\/posts\/1032","targetHints":{"allow":["GET"]}}],"collection":[{"href":"http:\/\/www.orthodoxonline.org\/theology\/it\/wp-json\/wp\/v2\/posts"}],"about":[{"href":"http:\/\/www.orthodoxonline.org\/theology\/it\/wp-json\/wp\/v2\/types\/post"}],"author":[{"embeddable":true,"href":"http:\/\/www.orthodoxonline.org\/theology\/it\/wp-json\/wp\/v2\/users\/31"}],"replies":[{"embeddable":true,"href":"http:\/\/www.orthodoxonline.org\/theology\/it\/wp-json\/wp\/v2\/comments?post=1032"}],"version-history":[{"count":0,"href":"http:\/\/www.orthodoxonline.org\/theology\/it\/wp-json\/wp\/v2\/posts\/1032\/revisions"}],"wp:featuredmedia":[{"embeddable":true,"href":"http:\/\/www.orthodoxonline.org\/theology\/it\/wp-json\/wp\/v2\/media\/3449"}],"wp:attachment":[{"href":"http:\/\/www.orthodoxonline.org\/theology\/it\/wp-json\/wp\/v2\/media?parent=1032"}],"wp:term":[{"taxonomy":"category","embeddable":true,"href":"http:\/\/www.orthodoxonline.org\/theology\/it\/wp-json\/wp\/v2\/categories?post=1032"},{"taxonomy":"post_tag","embeddable":true,"href":"http:\/\/www.orthodoxonline.org\/theology\/it\/wp-json\/wp\/v2\/tags?post=1032"}],"curies":[{"name":"wp","href":"https:\/\/api.w.org\/{rel}","templated":true}]}}