{"id":2727,"date":"2011-02-19T20:21:53","date_gmt":"2011-02-19T20:21:53","guid":{"rendered":"http:\/\/orthodoxonline.org\/theology\/orthodox-library\/virtues-and-spiritual-life\/a-night-in-the-desert-of-the-holy-mountain-discussion-with-a-hermit-on-the-jesus-prayer\/part-x-epilogue-and-glossary\/"},"modified":"2011-02-19T20:21:53","modified_gmt":"2011-02-19T20:21:53","slug":"part-x-epilogue-and-glossary","status":"publish","type":"post","link":"http:\/\/www.orthodoxonline.org\/theology\/it\/orthodox-library\/virtues-and-spiritual-life\/a-night-in-the-desert-of-the-holy-mountain-discussion-with-a-hermit-on-the-jesus-prayer\/part-x-epilogue-and-glossary\/","title":{"rendered":"10- Una panoramica generale"},"content":{"rendered":"<p>Ora che mi avvicino alla fine, sento il bisogno di rivolgere il mio sincero ringraziamento e la mia profonda riverenza alla Santissima Trinit\u00e0, perch\u00e9 mi ha aperto gli occhi e mi ha aiutato a connettermi spiritualmente con il Sacro Monte (Athos), la casa della virt\u00f9, e conoscere in essa persone sante che vivono una vita divino-umana, \u00abvivono sulla terra, ma la loro condotta nel cielo\u00bb. Conoscendoli, parlando con loro e chiedendo i loro consigli, ho trovato un&#039;altra dimensione nella vita spirituale. Ho conosciuto la libert\u00e0 dello spirito e l&#039;efficacia della mia salvezza lontano dai discorsi di morale e di piet\u00e0 artificiosa e sterile, e ho sentito nell&#039;anima il messaggio del cristiano.<\/p>\n<p>  <!--more-->  <\/p>\n<p>Devo un&#039;incommensurabile gratitudine alla grazia divina, perch\u00e9 mi ha reso degno di scrivere questa conversazione avvenuta sul Monte Athos. Non c\u2019\u00e8 dubbio che queste parole registrate non riescono a presentare quella conversazione sacra e vivente in modo completo, poich\u00e9 le parole stesse sono deboli e spesso inadeguate a esprimere pienamente ci\u00f2 che \u00e8 avvenuto nella conversazione. Tuttavia, il poco scritto in questo libro pu\u00f2 permettere al lettore di comprendere, in una certa misura, l\u2019umilt\u00e0 e la contrizione che suscit\u00f2 questa sacra conversazione. Sono certo che queste poche idee possano aiutare in qualche modo alcune persone, e la mia certezza \u00e8 confermata da quello che mi \u00e8 successo, cio\u00e8 che Satana mi ha combattuto molto mentre registravo questa conversazione. Sentivo che era vicino a me e cercava ogni trucco per scoraggiarmi dal continuare questo lavoro. Tuttavia, la grazia divina mi ha sostenuto nel portarlo a termine.<\/p>\n<p>Tutti gli ortodossi sanno che la nostra salvezza \u00e8 possibile e che la possibilit\u00e0 della divinizzazione \u00e8 dovuta al fatto che siamo creati secondo l&#039;immagine di Dio e che l&#039;immagine di Dio esiste. \u00c8 Ges\u00f9 Cristo, il Dio-uomo.<\/p>\n<p>Molti teologi ortodossi sottolineano un fatto importante, ovvero che Ges\u00f9, il Dio-uomo, \u00e8 la soluzione a tutti i dilemmi antropologici, e la cristologia \u00e8 la base dell&#039;antropologia (antropologia). Quando i santi padri lottavano contro le eresie, non lo facevano per odio verso l&#039;uomo, ma piuttosto per amore dell&#039;uomo. Mentre si sforzavano di preservare l&#039;insegnamento dell&#039;uomo-Dio esente da ogni falsificazione o distorsione, lo facevano per il bene della salvezza dell&#039;uomo. Altrimenti si perde la possibilit\u00e0 della nostra salvezza a causa degli errori delle eresie, soprattutto di quelle che ruotano attorno alla persona di Dio-uomo.<\/p>\n<p>Era unito - secondo l&#039;insegnamento ortodosso - nell&#039;ipostasi di Dio - uomo, Dio perfetto, vero Dio e vero uomo. Questo \u00e8 \u201csenza mescolanza e senza cambiamento\u201d. Questa unione delle due nature ci offre la possibilit\u00e0 della divinizzazione e la speranza di realizzarla. Ges\u00f9 Dio ha divinizzato l&#039;uomo, la natura umana che ha preso dalla vergine Maria (senza peccato) e l&#039;ha glorificata. Ora resta che gli esseri umani (quelli che vogliono la salvezza) siano divinizzati. Ci\u00f2 \u00e8 possibile pentendosi e sforzandosi di relazionarsi con il Dio-Uomo, con Ges\u00f9 Cristo, e di vivere in Lui. La purificazione arriva con lo splendore della luce e l&#039;unione con Cristo. San Gregorio il Teologo dice: \u201cDove c\u2019\u00e8 purificazione, c\u2019\u00e8 splendore di luce, e la seconda non \u00e8 data senza la prima\u201d. Questo, in ogni caso, \u00e8 il significato dell&#039;incarnazione divina, dell&#039;incarnazione di Dio Verbo. La natura divina non si \u00e8 incarnata, ma ci\u00f2 che si \u00e8 incarnata \u00e8 stata l&#039;ipostasi di Dio Verbo. Marco l\u2019Eremita disse: \u201cLa Parola si fece carne (uomo) affinch\u00e9 la carne (uomo) diventasse parola\u201d.<\/p>\n<p>Dio-uomo pu\u00f2 salvare l&#039;uomo e restaurare l&#039;immagine caduta molto tempo fa. S\u00ec, l&#039;uomo pu\u00f2 ora diventare Dio-uomo attraverso Cristo, Dio-uomo. Come Dio Verbo si \u00e8 fatto uomo secondo il disegno, cos\u00ec l&#039;uomo pu\u00f2 diventare Dio secondo la grazia.<\/p>\n<p>Nella festa della nascita di Cristo \u00e8 consuetudine sottolineare i frutti morali, quei frutti che scaturiscono dalla nascita del Dio-uomo, cio\u00e8 la pace, l&#039;amore, l&#039;umilt\u00e0, ecc. Tutto ci\u00f2 esiste ancora perch\u00e9 la natura umana si \u00e8 unita alla natura divina e ha goduto della pace, della gioia e della grazia, ed \u00e8 nato l&#039;Uomo-Dio, il nostro Redentore. \u201cPoich\u00e9 per noi \u00e8 nato un Salvatore\u201d. S\u00ec, l&#039;Uomo-Dio \u00e8 nato per noi Ges\u00f9 non \u00e8 il portatore della notizia della nostra salvezza, ma \u00e8 la salvezza stessa. Non \u00e8 un visitatore frettoloso che \u00e8 passato per la nostra miserabile terra, ma \u00e8 piuttosto il capo dove tutti si ritrovano. \u00c8 la creazione del mondo nuovo. \u00c8 la nuova origine sana che ravviva la natura umana dopo che abbiamo lasciato cadere nella malattia l&#039;origine di Adamo, l&#039;antico peccatore. Ci ha trasmesso la vita, perch\u00e9 potessimo essere \u201cun buon ulivo\u201d. Non c\u2019\u00e8 salvezza per l\u2019uomo al di fuori di Dio-uomo. Stare lontano da Dio Onnipotente comporta alienazione, deprivazione e una caduta dall\u2019umanit\u00e0. Chi non vive con Cristo si allontana da Dio, da se stesso e dal prossimo, considera Dio estraneo e sconosciuto e trasforma se stesso in un animale selvatico. San Massimo il Confessore diceva: \u201cSe la mente si allontana da Dio, diventa amante delle concupiscenze, animalesca o selvaggia, e per questo diventa ostile agli uomini\u201d.<\/p>\n<p>Per lui il prossimo non \u00e8 motivo di gioia, ma piuttosto motivo di tormento. Pertanto, si corrompe allontanandosi da Dio-uomo, si disintegra, si riunisce in \u201ccricche\u201d e assume l\u2019immagine della bestia menzionata nel Libro dell\u2019Apocalisse, e questa bestia \u00e8 Satana. Si finisce in uno stato che si discosta dalla natura, che \u00e8 lo stato zero\u201d.<\/p>\n<p>Il teologo sufi Nicholas Kabasilas ha descritto una persona estraniata da Dio come \u201cnon essere\u201d e anche \u201cnon esistenza\u201d perch\u00e9 gli manca \u201cl\u2019esistenza secondo Cristo\u201d. Chi vive in Dio-uomo \u00e8 il vero uomo. Di conseguenza, possiamo dire che ogni essere umano \u00e8 capace di essere un dio e un essere umano, o un mostro e un essere umano. Questa sar\u00e0 anche la fine della storia.<\/p>\n<p>Dobbiamo essere unti e parlare (per diventare Cristo e la Parola). Ci\u00f2 avviene se viviamo nella Chiesa e partecipiamo ai suoi misteri. Perch\u00e9 la Chiesa - come dice Kabasilas - ne comprende il significato e si rende conto della loro importanza nei sacri misteri, non come simboli, ma come membra del cuore, come membra della radice di una pianta, e come ha detto il Signore, \u00abcome membra della una vite.&quot; Possiamo raggiungere questo obiettivo meditando il nome di Ges\u00f9 nel nostro desiderio di \u201cpreghiera\u201d \u201cO Signore Ges\u00f9 Cristo, Figlio di Dio, abbi piet\u00e0 di me\u201d, purch\u00e9 questa \u201cpreghiera\u201d sia strettamente legata a un tipo pi\u00f9 specifico di comunione divina (Santa Comunione).<\/p>\n<p>Qui in questa breve \u201cpreghiera\u201d viene stabilita la teologia della nostra Santa Chiesa Ortodossa. Ecco perch\u00e9 dobbiamo sempre ricordare il nome gioioso e dolcissimo di Ges\u00f9.<\/p>\n<p>La \u201cpreghiera\u201d non \u00e8 limitata ai soli monaci. Non c\u2019\u00e8 dubbio che queste persone abbiano la capacit\u00e0 di rendere costantemente presente nella loro vita la \u201cPreghiera di Ges\u00f9\u201d. Ma anche noi peccatori possiamo ripeterlo.<\/p>\n<p>\u00c8 bene riservare un tempo determinato alla preghiera, e cominciare a ripeterla per dieci minuti al mattino, e altri dieci alla sera, a condizione che ci\u00f2 avvenga senza interruzione. Questa impostazione, anche per un breve periodo, \u00e8 di grande importanza. Poi questo periodo aumenta con il passare del tempo affinch\u00e9 dolcezza e dolcezza riempiano l&#039;anima e le labbra... Proviamo anche a recitare preghiere mentre camminiamo per la strada, prima di andare a dormire, e ogni volta che ne abbiamo l&#039;occasione...<\/p>\n<p>Per quanto riguarda i coniugi o tutti i familiari, \u00e8 preferibile che recitino \u201cla preghiera\u201d al mattino e alla sera per un periodo non superiore a qualche minuto, e che uno dei familiari la reciti con voce calma, sobria e udibile. . Molte coppie e famiglie hanno praticato questa preghiera e a loro sono accaduti miracoli...<\/p>\n<p>Chi vuole approfondire ha bisogno di una guida esperta. Allo stesso tempo, dobbiamo coordinare la nostra vita con i comandamenti di Cristo, perch\u00e9 la persona di Cristo \u00e8 legata alla sua opera e al suo insegnamento. Se mettiamo in pratica i suoi comandamenti nel nostro comportamento, otterremo la grazia e godremo della Santissima Trinit\u00e0. San Massimo il Confessore diceva: \u201cChi accetta uno dei comandamenti e agisce secondo esso ha un possesso segreto della Santissima Trinit\u00e0\u201d.<\/p>\n<p>Se, fratello mio, hai trovato qualcosa di utile nelle idee contenute in questo libro, sii cos\u00ec gentile da pregare per me, l&#039;autore di questo incidente, affinch\u00e9 io possa pentirmi e attirare su di me la misericordia del nostro Dio, e vivere \u201cnel Dio-Uomo\u201d, vivere \u201cnella Chiesa\u201d, e affinch\u00e9 io possa vivere divinamente e umanamente. Ti prego con tutta l&#039;anima.<\/p>\n<p align=\"left\">Metropolita Irotheos Vlachos<\/p>","protected":false},"excerpt":{"rendered":"<p>\u0627\u0644\u0622\u0646 \u0648\u0642\u062f \u0623\u0634\u0631\u0641\u062a\u064f \u0639\u0644\u0649 \u0627\u0644\u0646\u0647\u0627\u064a\u0629\u060c \u0623\u0634\u0639\u0631 \u0628\u0627\u0644\u062d\u0627\u062c\u0629 \u0625\u0644\u0649 \u062a\u0648\u062c\u064a\u0647 \u062c\u0632\u064a\u0644 \u0634\u0643\u0631\u064a \u0648\u0639\u0645\u064a\u0642 \u0625\u062c\u0644\u0627\u0644\u064a \u0625\u0644\u0649 \u0627\u0644\u062b\u0627\u0644\u0648\u062b \u0627\u0644\u0643\u0644\u064a \u0627\u0644\u0642\u062f\u0627\u0633\u0629\u060c \u0644\u0623\u0646\u0647 \u0641\u062a\u062d \u0639\u064a\u0646\u064a\u0651 [&hellip;]<\/p>\n","protected":false},"author":31,"featured_media":3449,"comment_status":"closed","ping_status":"closed","sticky":false,"template":"","format":"standard","meta":{"_relevanssi_hide_post":"","_relevanssi_hide_content":"","_relevanssi_pin_for_all":"","_relevanssi_pin_keywords":"","_relevanssi_unpin_keywords":"","_relevanssi_related_keywords":"","_relevanssi_related_include_ids":"","_relevanssi_related_exclude_ids":"","_relevanssi_related_no_append":"","_relevanssi_related_not_related":"","_relevanssi_related_posts":"2785,2810,2784,2716,603,489,2623,2780,2783,2719,2586,906","_relevanssi_noindex_reason":"","site-sidebar-layout":"default","site-content-layout":"","ast-site-content-layout":"default","site-content-style":"default","site-sidebar-style":"default","ast-global-header-display":"","ast-banner-title-visibility":"","ast-main-header-display":"","ast-hfb-above-header-display":"","ast-hfb-below-header-display":"","ast-hfb-mobile-header-display":"","site-post-title":"","ast-breadcrumbs-content":"","ast-featured-img":"","footer-sml-layout":"","ast-disable-related-posts":"","theme-transparent-header-meta":"","adv-header-id-meta":"","stick-header-meta":"","header-above-stick-meta":"","header-main-stick-meta":"","header-below-stick-meta":"","astra-migrate-meta-layouts":"default","ast-page-background-enabled":"default","ast-page-background-meta":{"desktop":{"background-color":"var(--ast-global-color-4)","background-image":"","background-repeat":"repeat","background-position":"center center","background-size":"auto","background-attachment":"scroll","background-type":"","background-media":"","overlay-type":"","overlay-color":"","overlay-opacity":"","overlay-gradient":""},"tablet":{"background-color":"","background-image":"","background-repeat":"repeat","background-position":"center center","background-size":"auto","background-attachment":"scroll","background-type":"","background-media":"","overlay-type":"","overlay-color":"","overlay-opacity":"","overlay-gradient":""},"mobile":{"background-color":"","background-image":"","background-repeat":"repeat","background-position":"center center","background-size":"auto","background-attachment":"scroll","background-type":"","background-media":"","overlay-type":"","overlay-color":"","overlay-opacity":"","overlay-gradient":""}},"ast-content-background-meta":{"desktop":{"background-color":"var(--ast-global-color-5)","background-image":"","background-repeat":"repeat","background-position":"center center","background-size":"auto","background-attachment":"scroll","background-type":"","background-media":"","overlay-type":"","overlay-color":"","overlay-opacity":"","overlay-gradient":""},"tablet":{"background-color":"var(--ast-global-color-5)","background-image":"","background-repeat":"repeat","background-position":"center center","background-size":"auto","background-attachment":"scroll","background-type":"","background-media":"","overlay-type":"","overlay-color":"","overlay-opacity":"","overlay-gradient":""},"mobile":{"background-color":"var(--ast-global-color-5)","background-image":"","background-repeat":"repeat","background-position":"center center","background-size":"auto","background-attachment":"scroll","background-type":"","background-media":"","overlay-type":"","overlay-color":"","overlay-opacity":"","overlay-gradient":""}},"footnotes":""},"categories":[144],"tags":[419,2092,679,2106],"class_list":["post-2727","post","type-post","status-publish","format-standard","has-post-thumbnail","hentry","category-a-night-in-the-desert-of-the-holy-mountain-discussion-with-a-hermit-on-the-jesus-prayer","tag-419","tag-2092","tag-679","tag-2106"],"yoast_head":"<!-- This site is optimized with the Yoast SEO Premium plugin v27.4 (Yoast SEO v27.5) - https:\/\/yoast.com\/product\/yoast-seo-premium-wordpress\/ -->\n<title>10- \u0646\u0638\u0631\u0629 \u0645\u062c\u0645\u0644\u0629 - \u0623\u0645\u0633\u064a\u0629 \u0641\u064a \u0628\u0631\u064a\u0629 \u0627\u0644\u062c\u0628\u0644 \u0627\u0644\u0645\u0642\u062f\u0633 \u0622\u062b\u0648\u0633 - \u062d\u0648\u0627\u0631 \u062d\u0648\u0644 \u0627\u0644\u0635\u0644\u0627\u0629 - \u0634\u0628\u0643\u0629 \u0623\u0631\u062b\u0648\u0630\u0643\u0633 \u0623\u0648\u0646\u0644\u0627\u064a\u0646<\/title>\n<meta name=\"description\" content=\": \u0627\u0644\u0622\u0646 \u0648\u0642\u062f \u0623\u0634\u0631\u0641\u062a\u064f \u0639\u0644\u0649 \u0627\u0644\u0646\u0647\u0627\u064a\u0629\u060c \u0623\u0634\u0639\u0631 \u0628\u0627\u0644\u062d\u0627\u062c\u0629 \u0625\u0644\u0649 \u062a\u0648\u062c\u064a\u0647 \u062c\u0632\u064a\u0644 \u0634\u0643\u0631\u064a \u0648\u0639\u0645\u064a\u0642 \u0625\u062c\u0644\u0627\u0644\u064a \u0625\u0644\u0649 \u0627\u0644\u062b\u0627\u0644\u0648\u062b \u0627\u0644\u0643\u0644\u064a \u0627\u0644\u0642\u062f\u0627\u0633\u0629\u060c \u0644\u0623\u0646\u0647 \u0641\u062a\u062d \u0639\u064a\u0646\u064a\u0651 \u0648\u0623\u0639\u0627\u0646\u0646\u064a \u0644\u0643\u064a \u0623\u0631\u062a\u0628\u0637 \u0631\u0648\u062d\u064a\u0627\u064b \u0628\u0627\u0644\u062c\u0628\u0644. \u0645\u0648\u0627\u0636\u064a\u0639 \u0645\u062a\u0635\u0644\u0629: \u0627\u0644\u062a\u0623\u0644\u0647, \u0627\u0644\u062c\u0628\u0644 \u0627\u0644\u0645\u0642\u062f\u0633, \u0627\u0644\u0635\u0644\u0627\u0629, \u062a\u062c\u0633\u062f \u0627\u0644\u0643\u0644\u0645\u0629\" \/>\n<meta name=\"robots\" content=\"index, follow, max-snippet:-1, max-image-preview:large, max-video-preview:-1\" \/>\n<link rel=\"canonical\" href=\"https:\/\/www.orthodoxonline.org\/theology\/it\/orthodox-library\/virtues-and-spiritual-life\/a-night-in-the-desert-of-the-holy-mountain-discussion-with-a-hermit-on-the-jesus-prayer\/part-x-epilogue-and-glossary\/\" \/>\n<meta property=\"og:locale\" content=\"it_IT\" \/>\n<meta property=\"og:type\" content=\"article\" \/>\n<meta property=\"og:title\" content=\"10- \u0646\u0638\u0631\u0629 \u0645\u062c\u0645\u0644\u0629 - \u0634\u0628\u0643\u0629 \u0623\u0631\u062b\u0648\u0630\u0643\u0633 \u0623\u0648\u0646\u0644\u0627\u064a\u0646\" \/>\n<meta property=\"og:description\" content=\":\u0627\u0644\u0622\u0646 \u0648\u0642\u062f \u0623\u0634\u0631\u0641\u062a\u064f \u0639\u0644\u0649 \u0627\u0644\u0646\u0647\u0627\u064a\u0629\u060c \u0623\u0634\u0639\u0631 \u0628\u0627\u0644\u062d\u0627\u062c\u0629 \u0625\u0644\u0649 \u062a\u0648\u062c\u064a\u0647 \u062c\u0632\u064a\u0644 \u0634\u0643\u0631\u064a \u0648\u0639\u0645\u064a\u0642 \u0625\u062c\u0644\u0627\u0644\u064a \u0625\u0644\u0649 \u0627\u0644\u062b\u0627\u0644\u0648\u062b \u0627\u0644\u0643\u0644\u064a \u0627\u0644\u0642\u062f\u0627\u0633\u0629\u060c \u0644\u0623\u0646\u0647 \u0641\u062a\u062d \u0639\u064a\u0646\u064a\u0651 \u0648\u0623\u0639\u0627\u0646\u0646\u064a \u0644\u0643\u064a \u0623\u0631\u062a\u0628\u0637 \u0631\u0648\u062d\u064a\u0627\u064b \u0628\u0627\u0644\u062c\u0628\u0644. \u0645\u0648\u0627\u0636\u064a\u0639 \u0645\u062a\u0635\u0644\u0629: \u0627\u0644\u062a\u0623\u0644\u0647, \u0627\u0644\u062c\u0628\u0644 \u0627\u0644\u0645\u0642\u062f\u0633, \u0627\u0644\u0635\u0644\u0627\u0629, \u062a\u062c\u0633\u062f \u0627\u0644\u0643\u0644\u0645\u0629\" \/>\n<meta property=\"og:url\" content=\"https:\/\/www.orthodoxonline.org\/theology\/it\/orthodox-library\/virtues-and-spiritual-life\/a-night-in-the-desert-of-the-holy-mountain-discussion-with-a-hermit-on-the-jesus-prayer\/part-x-epilogue-and-glossary\/\" \/>\n<meta property=\"og:site_name\" content=\"\u0634\u0628\u0643\u0629 \u0623\u0631\u062b\u0648\u0630\u0643\u0633 \u0623\u0648\u0646\u0644\u0627\u064a\u0646\" \/>\n<meta property=\"article:publisher\" content=\"https:\/\/facebook.com\/orthodoxonline\" \/>\n<meta property=\"article:published_time\" content=\"2011-02-19T20:21:53+00:00\" \/>\n<meta property=\"og:image\" content=\"https:\/\/www.orthodoxonline.org\/theology\/wp-content\/uploads\/sites\/3\/2015\/03\/Orthodoxonline-Logo-Featured-Post.png\" \/>\n\t<meta property=\"og:image:width\" content=\"919\" \/>\n\t<meta property=\"og:image:height\" content=\"400\" \/>\n\t<meta property=\"og:image:type\" content=\"image\/png\" \/>\n<meta name=\"author\" content=\"\u0625\u064a\u0631\u0648\u062b\u064a\u0648\u0633 \u0641\u0644\u0627\u062e\u0648\u0633\u060c \u0627\u0644\u0645\u062a\u0631\u0648\u0628\u0648\u0644\u064a\u062a\" \/>\n<meta name=\"twitter:card\" content=\"summary_large_image\" \/>\n<meta name=\"twitter:creator\" content=\"@orthodoxonline\" \/>\n<meta name=\"twitter:site\" content=\"@orthodoxonline\" \/>\n<meta name=\"twitter:label1\" content=\"Scritto da\" \/>\n\t<meta name=\"twitter:data1\" content=\"\u0625\u064a\u0631\u0648\u062b\u064a\u0648\u0633 \u0641\u0644\u0627\u062e\u0648\u0633\u060c \u0627\u0644\u0645\u062a\u0631\u0648\u0628\u0648\u0644\u064a\u062a\" \/>\n<script type=\"application\/ld+json\" class=\"yoast-schema-graph\">{\"@context\":\"https:\\\/\\\/schema.org\",\"@graph\":[{\"@type\":\"Article\",\"@id\":\"https:\\\/\\\/www.orthodoxonline.org\\\/theology\\\/orthodox-library\\\/virtues-and-spiritual-life\\\/a-night-in-the-desert-of-the-holy-mountain-discussion-with-a-hermit-on-the-jesus-prayer\\\/part-x-epilogue-and-glossary\\\/#article\",\"isPartOf\":{\"@id\":\"https:\\\/\\\/www.orthodoxonline.org\\\/theology\\\/orthodox-library\\\/virtues-and-spiritual-life\\\/a-night-in-the-desert-of-the-holy-mountain-discussion-with-a-hermit-on-the-jesus-prayer\\\/part-x-epilogue-and-glossary\\\/\"},\"author\":{\"name\":\"\u0625\u064a\u0631\u0648\u062b\u064a\u0648\u0633 \u0641\u0644\u0627\u062e\u0648\u0633\u060c \u0627\u0644\u0645\u062a\u0631\u0648\u0628\u0648\u0644\u064a\u062a\",\"@id\":\"https:\\\/\\\/www.orthodoxonline.org\\\/theology\\\/#\\\/schema\\\/person\\\/0a9d572114b79a21c1bee3963411ece8\"},\"headline\":\"10- \u0646\u0638\u0631\u0629 \u0645\u062c\u0645\u0644\u0629\",\"datePublished\":\"2011-02-19T20:21:53+00:00\",\"mainEntityOfPage\":{\"@id\":\"https:\\\/\\\/www.orthodoxonline.org\\\/theology\\\/orthodox-library\\\/virtues-and-spiritual-life\\\/a-night-in-the-desert-of-the-holy-mountain-discussion-with-a-hermit-on-the-jesus-prayer\\\/part-x-epilogue-and-glossary\\\/\"},\"wordCount\":20,\"publisher\":{\"@id\":\"https:\\\/\\\/www.orthodoxonline.org\\\/theology\\\/#organization\"},\"image\":{\"@id\":\"https:\\\/\\\/www.orthodoxonline.org\\\/theology\\\/orthodox-library\\\/virtues-and-spiritual-life\\\/a-night-in-the-desert-of-the-holy-mountain-discussion-with-a-hermit-on-the-jesus-prayer\\\/part-x-epilogue-and-glossary\\\/#primaryimage\"},\"thumbnailUrl\":\"https:\\\/\\\/www.orthodoxonline.org\\\/theology\\\/wp-content\\\/uploads\\\/sites\\\/3\\\/2015\\\/03\\\/Orthodoxonline-Logo-Featured-Post.png\",\"keywords\":[\"\u0627\u0644\u062a\u0623\u0644\u0647\",\"\u0627\u0644\u062c\u0628\u0644 \u0627\u0644\u0645\u0642\u062f\u0633\",\"\u0627\u0644\u0635\u0644\u0627\u0629\",\"\u062a\u062c\u0633\u062f \u0627\u0644\u0643\u0644\u0645\u0629\"],\"articleSection\":[\"\u0623\u0645\u0633\u064a\u0629 \u0641\u064a \u0628\u0631\u064a\u0629 \u0627\u0644\u062c\u0628\u0644 \u0627\u0644\u0645\u0642\u062f\u0633 \u0622\u062b\u0648\u0633 - \u062d\u0648\u0627\u0631 \u062d\u0648\u0644 \u0627\u0644\u0635\u0644\u0627\u0629\"],\"inLanguage\":\"it-IT\"},{\"@type\":\"WebPage\",\"@id\":\"https:\\\/\\\/www.orthodoxonline.org\\\/theology\\\/orthodox-library\\\/virtues-and-spiritual-life\\\/a-night-in-the-desert-of-the-holy-mountain-discussion-with-a-hermit-on-the-jesus-prayer\\\/part-x-epilogue-and-glossary\\\/\",\"url\":\"https:\\\/\\\/www.orthodoxonline.org\\\/theology\\\/orthodox-library\\\/virtues-and-spiritual-life\\\/a-night-in-the-desert-of-the-holy-mountain-discussion-with-a-hermit-on-the-jesus-prayer\\\/part-x-epilogue-and-glossary\\\/\",\"name\":\"10- \u0646\u0638\u0631\u0629 \u0645\u062c\u0645\u0644\u0629 - \u0623\u0645\u0633\u064a\u0629 \u0641\u064a \u0628\u0631\u064a\u0629 \u0627\u0644\u062c\u0628\u0644 \u0627\u0644\u0645\u0642\u062f\u0633 \u0622\u062b\u0648\u0633 - \u062d\u0648\u0627\u0631 \u062d\u0648\u0644 \u0627\u0644\u0635\u0644\u0627\u0629 - \u0634\u0628\u0643\u0629 \u0623\u0631\u062b\u0648\u0630\u0643\u0633 \u0623\u0648\u0646\u0644\u0627\u064a\u0646\",\"isPartOf\":{\"@id\":\"https:\\\/\\\/www.orthodoxonline.org\\\/theology\\\/#website\"},\"primaryImageOfPage\":{\"@id\":\"https:\\\/\\\/www.orthodoxonline.org\\\/theology\\\/orthodox-library\\\/virtues-and-spiritual-life\\\/a-night-in-the-desert-of-the-holy-mountain-discussion-with-a-hermit-on-the-jesus-prayer\\\/part-x-epilogue-and-glossary\\\/#primaryimage\"},\"image\":{\"@id\":\"https:\\\/\\\/www.orthodoxonline.org\\\/theology\\\/orthodox-library\\\/virtues-and-spiritual-life\\\/a-night-in-the-desert-of-the-holy-mountain-discussion-with-a-hermit-on-the-jesus-prayer\\\/part-x-epilogue-and-glossary\\\/#primaryimage\"},\"thumbnailUrl\":\"https:\\\/\\\/www.orthodoxonline.org\\\/theology\\\/wp-content\\\/uploads\\\/sites\\\/3\\\/2015\\\/03\\\/Orthodoxonline-Logo-Featured-Post.png\",\"datePublished\":\"2011-02-19T20:21:53+00:00\",\"description\":\": \u0627\u0644\u0622\u0646 \u0648\u0642\u062f \u0623\u0634\u0631\u0641\u062a\u064f \u0639\u0644\u0649 \u0627\u0644\u0646\u0647\u0627\u064a\u0629\u060c \u0623\u0634\u0639\u0631 \u0628\u0627\u0644\u062d\u0627\u062c\u0629 \u0625\u0644\u0649 \u062a\u0648\u062c\u064a\u0647 \u062c\u0632\u064a\u0644 \u0634\u0643\u0631\u064a \u0648\u0639\u0645\u064a\u0642 \u0625\u062c\u0644\u0627\u0644\u064a \u0625\u0644\u0649 \u0627\u0644\u062b\u0627\u0644\u0648\u062b \u0627\u0644\u0643\u0644\u064a \u0627\u0644\u0642\u062f\u0627\u0633\u0629\u060c \u0644\u0623\u0646\u0647 \u0641\u062a\u062d \u0639\u064a\u0646\u064a\u0651 \u0648\u0623\u0639\u0627\u0646\u0646\u064a \u0644\u0643\u064a \u0623\u0631\u062a\u0628\u0637 \u0631\u0648\u062d\u064a\u0627\u064b \u0628\u0627\u0644\u062c\u0628\u0644. \u0645\u0648\u0627\u0636\u064a\u0639 \u0645\u062a\u0635\u0644\u0629: \u0627\u0644\u062a\u0623\u0644\u0647, \u0627\u0644\u062c\u0628\u0644 \u0627\u0644\u0645\u0642\u062f\u0633, \u0627\u0644\u0635\u0644\u0627\u0629, \u062a\u062c\u0633\u062f \u0627\u0644\u0643\u0644\u0645\u0629\",\"breadcrumb\":{\"@id\":\"https:\\\/\\\/www.orthodoxonline.org\\\/theology\\\/orthodox-library\\\/virtues-and-spiritual-life\\\/a-night-in-the-desert-of-the-holy-mountain-discussion-with-a-hermit-on-the-jesus-prayer\\\/part-x-epilogue-and-glossary\\\/#breadcrumb\"},\"inLanguage\":\"it-IT\",\"potentialAction\":[{\"@type\":\"ReadAction\",\"target\":[\"https:\\\/\\\/www.orthodoxonline.org\\\/theology\\\/orthodox-library\\\/virtues-and-spiritual-life\\\/a-night-in-the-desert-of-the-holy-mountain-discussion-with-a-hermit-on-the-jesus-prayer\\\/part-x-epilogue-and-glossary\\\/\"]}]},{\"@type\":\"ImageObject\",\"inLanguage\":\"it-IT\",\"@id\":\"https:\\\/\\\/www.orthodoxonline.org\\\/theology\\\/orthodox-library\\\/virtues-and-spiritual-life\\\/a-night-in-the-desert-of-the-holy-mountain-discussion-with-a-hermit-on-the-jesus-prayer\\\/part-x-epilogue-and-glossary\\\/#primaryimage\",\"url\":\"https:\\\/\\\/www.orthodoxonline.org\\\/theology\\\/wp-content\\\/uploads\\\/sites\\\/3\\\/2015\\\/03\\\/Orthodoxonline-Logo-Featured-Post.png\",\"contentUrl\":\"https:\\\/\\\/www.orthodoxonline.org\\\/theology\\\/wp-content\\\/uploads\\\/sites\\\/3\\\/2015\\\/03\\\/Orthodoxonline-Logo-Featured-Post.png\",\"width\":919,\"height\":400},{\"@type\":\"BreadcrumbList\",\"@id\":\"https:\\\/\\\/www.orthodoxonline.org\\\/theology\\\/orthodox-library\\\/virtues-and-spiritual-life\\\/a-night-in-the-desert-of-the-holy-mountain-discussion-with-a-hermit-on-the-jesus-prayer\\\/part-x-epilogue-and-glossary\\\/#breadcrumb\",\"itemListElement\":[{\"@type\":\"ListItem\",\"position\":1,\"name\":\"\u0627\u0644\u0631\u0626\u064a\u0633\u064a\u0629\",\"item\":\"https:\\\/\\\/www.orthodoxonline.org\\\/theology\\\/\"},{\"@type\":\"ListItem\",\"position\":2,\"name\":\"\u0627\u0644\u0645\u0643\u062a\u0628\u0629 \u0627\u0644\u0623\u0631\u062b\u0648\u0630\u0643\u0633\u064a\u0629\",\"item\":\"https:\\\/\\\/www.orthodoxonline.org\\\/theology\\\/orthodox-library\\\/\"},{\"@type\":\"ListItem\",\"position\":3,\"name\":\"\u0627\u0644\u0641\u0636\u0627\u0626\u0644 \u0648\u0627\u0644\u062d\u064a\u0627\u0629 \u0627\u0644\u0631\u0648\u062d\u064a\u0629\",\"item\":\"https:\\\/\\\/www.orthodoxonline.org\\\/theology\\\/orthodox-library\\\/virtues-and-spiritual-life\\\/\"},{\"@type\":\"ListItem\",\"position\":4,\"name\":\"\u0623\u0645\u0633\u064a\u0629 \u0641\u064a \u0628\u0631\u064a\u0629 \u0627\u0644\u062c\u0628\u0644 \u0627\u0644\u0645\u0642\u062f\u0633 \u0622\u062b\u0648\u0633 - \u062d\u0648\u0627\u0631 \u062d\u0648\u0644 \u0627\u0644\u0635\u0644\u0627\u0629\",\"item\":\"https:\\\/\\\/www.orthodoxonline.org\\\/theology\\\/orthodox-library\\\/virtues-and-spiritual-life\\\/a-night-in-the-desert-of-the-holy-mountain-discussion-with-a-hermit-on-the-jesus-prayer\\\/\"},{\"@type\":\"ListItem\",\"position\":5,\"name\":\"10- \u0646\u0638\u0631\u0629 \u0645\u062c\u0645\u0644\u0629\"}]},{\"@type\":\"WebSite\",\"@id\":\"https:\\\/\\\/www.orthodoxonline.org\\\/theology\\\/#website\",\"url\":\"https:\\\/\\\/www.orthodoxonline.org\\\/theology\\\/\",\"name\":\"\u0623\u0631\u062b\u0648\u0630\u0643\u0633 \u0623\u0648\u0646\u0644\u0627\u064a\u0646\",\"description\":\"\u0625\u064a\u0645\u0627\u0646\u060c \u0639\u0642\u0627\u0626\u062f\u060c \u062a\u0627\u0631\u064a\u062e\u060c \u0644\u064a\u062a\u0648\u0631\u062c\u064a\u0629 \u0648\u062d\u064a\u0627\u0629 \u0627\u0644\u0643\u0646\u064a\u0633\u0629 \u0627\u0644\u0623\u0631\u062b\u0648\u0630\u0643\u0633\u064a\u0629 - \u0627\u0644\u0631\u0648\u0645 \u0627\u0644\u0623\u0631\u062b\u0648\u0630\u0643\u0633\",\"publisher\":{\"@id\":\"https:\\\/\\\/www.orthodoxonline.org\\\/theology\\\/#organization\"},\"alternateName\":\"\u0634\u0628\u0643\u0629 \u0623\u0631\u062b\u0648\u0630\u0643\u0633 \u0623\u0648\u0646\u0644\u0627\u064a\u0646\",\"potentialAction\":[{\"@type\":\"SearchAction\",\"target\":{\"@type\":\"EntryPoint\",\"urlTemplate\":\"https:\\\/\\\/www.orthodoxonline.org\\\/theology\\\/?s={search_term_string}\"},\"query-input\":{\"@type\":\"PropertyValueSpecification\",\"valueRequired\":true,\"valueName\":\"search_term_string\"}}],\"inLanguage\":\"it-IT\"},{\"@type\":\"Organization\",\"@id\":\"https:\\\/\\\/www.orthodoxonline.org\\\/theology\\\/#organization\",\"name\":\"\u0634\u0628\u0643\u0629 \u0623\u0631\u062b\u0648\u0630\u0643\u0633 \u0623\u0648\u0646\u0644\u0627\u064a\u0646\",\"url\":\"https:\\\/\\\/www.orthodoxonline.org\\\/theology\\\/\",\"logo\":{\"@type\":\"ImageObject\",\"inLanguage\":\"it-IT\",\"@id\":\"https:\\\/\\\/www.orthodoxonline.org\\\/theology\\\/#\\\/schema\\\/logo\\\/image\\\/\",\"url\":\"https:\\\/\\\/www.orthodoxonline.org\\\/theology\\\/wp-content\\\/uploads\\\/sites\\\/3\\\/2023\\\/07\\\/Logo-Header.png\",\"contentUrl\":\"https:\\\/\\\/www.orthodoxonline.org\\\/theology\\\/wp-content\\\/uploads\\\/sites\\\/3\\\/2023\\\/07\\\/Logo-Header.png\",\"width\":200,\"height\":200,\"caption\":\"\u0634\u0628\u0643\u0629 \u0623\u0631\u062b\u0648\u0630\u0643\u0633 \u0623\u0648\u0646\u0644\u0627\u064a\u0646\"},\"image\":{\"@id\":\"https:\\\/\\\/www.orthodoxonline.org\\\/theology\\\/#\\\/schema\\\/logo\\\/image\\\/\"},\"sameAs\":[\"https:\\\/\\\/facebook.com\\\/orthodoxonline\",\"https:\\\/\\\/x.com\\\/orthodoxonline\",\"https:\\\/\\\/www.instagram.com\\\/orthodoxonline\\\/\",\"https:\\\/\\\/www.youtube.com\\\/orthodoxonline\"],\"foundingDate\":\"2006-09-20\"},{\"@type\":\"Person\",\"@id\":\"https:\\\/\\\/www.orthodoxonline.org\\\/theology\\\/#\\\/schema\\\/person\\\/0a9d572114b79a21c1bee3963411ece8\",\"name\":\"\u0625\u064a\u0631\u0648\u062b\u064a\u0648\u0633 \u0641\u0644\u0627\u062e\u0648\u0633\u060c \u0627\u0644\u0645\u062a\u0631\u0648\u0628\u0648\u0644\u064a\u062a\",\"image\":{\"@type\":\"ImageObject\",\"inLanguage\":\"it-IT\",\"@id\":\"https:\\\/\\\/www.orthodoxonline.org\\\/theology\\\/wp-content\\\/litespeed\\\/avatar\\\/3\\\/397a9a50b65b9562ffe2edadf498ce22.jpg?ver=1777460384\",\"url\":\"https:\\\/\\\/www.orthodoxonline.org\\\/theology\\\/wp-content\\\/litespeed\\\/avatar\\\/3\\\/397a9a50b65b9562ffe2edadf498ce22.jpg?ver=1777460384\",\"contentUrl\":\"https:\\\/\\\/www.orthodoxonline.org\\\/theology\\\/wp-content\\\/litespeed\\\/avatar\\\/3\\\/397a9a50b65b9562ffe2edadf498ce22.jpg?ver=1777460384\",\"caption\":\"\u0625\u064a\u0631\u0648\u062b\u064a\u0648\u0633 \u0641\u0644\u0627\u062e\u0648\u0633\u060c \u0627\u0644\u0645\u062a\u0631\u0648\u0628\u0648\u0644\u064a\u062a\"},\"url\":\"http:\\\/\\\/www.orthodoxonline.org\\\/theology\\\/it\\\/author\\\/metr-hierotheos-vlachos-of-nafpaktos-ierotheos\\\/\"}]}<\/script>\n<!-- \/ Yoast SEO Premium plugin. -->","yoast_head_json":{"title":"10- Panoramica - Una serata nel deserto del Sacro Monte Athos - Dialogo sulla preghiera - Rete online ortodossa","description":": \u0627\u0644\u0622\u0646 \u0648\u0642\u062f \u0623\u0634\u0631\u0641\u062a\u064f \u0639\u0644\u0649 \u0627\u0644\u0646\u0647\u0627\u064a\u0629\u060c \u0623\u0634\u0639\u0631 \u0628\u0627\u0644\u062d\u0627\u062c\u0629 \u0625\u0644\u0649 \u062a\u0648\u062c\u064a\u0647 \u062c\u0632\u064a\u0644 \u0634\u0643\u0631\u064a \u0648\u0639\u0645\u064a\u0642 \u0625\u062c\u0644\u0627\u0644\u064a \u0625\u0644\u0649 \u0627\u0644\u062b\u0627\u0644\u0648\u062b \u0627\u0644\u0643\u0644\u064a \u0627\u0644\u0642\u062f\u0627\u0633\u0629\u060c \u0644\u0623\u0646\u0647 \u0641\u062a\u062d \u0639\u064a\u0646\u064a\u0651 \u0648\u0623\u0639\u0627\u0646\u0646\u064a \u0644\u0643\u064a \u0623\u0631\u062a\u0628\u0637 \u0631\u0648\u062d\u064a\u0627\u064b \u0628\u0627\u0644\u062c\u0628\u0644. \u0645\u0648\u0627\u0636\u064a\u0639 \u0645\u062a\u0635\u0644\u0629: \u0627\u0644\u062a\u0623\u0644\u0647, \u0627\u0644\u062c\u0628\u0644 \u0627\u0644\u0645\u0642\u062f\u0633, \u0627\u0644\u0635\u0644\u0627\u0629, \u062a\u062c\u0633\u062f \u0627\u0644\u0643\u0644\u0645\u0629","robots":{"index":"index","follow":"follow","max-snippet":"max-snippet:-1","max-image-preview":"max-image-preview:large","max-video-preview":"max-video-preview:-1"},"canonical":"https:\/\/www.orthodoxonline.org\/theology\/it\/orthodox-library\/virtues-and-spiritual-life\/a-night-in-the-desert-of-the-holy-mountain-discussion-with-a-hermit-on-the-jesus-prayer\/part-x-epilogue-and-glossary\/","og_locale":"it_IT","og_type":"article","og_title":"10- \u0646\u0638\u0631\u0629 \u0645\u062c\u0645\u0644\u0629 - \u0634\u0628\u0643\u0629 \u0623\u0631\u062b\u0648\u0630\u0643\u0633 \u0623\u0648\u0646\u0644\u0627\u064a\u0646","og_description":":\u0627\u0644\u0622\u0646 \u0648\u0642\u062f \u0623\u0634\u0631\u0641\u062a\u064f \u0639\u0644\u0649 \u0627\u0644\u0646\u0647\u0627\u064a\u0629\u060c \u0623\u0634\u0639\u0631 \u0628\u0627\u0644\u062d\u0627\u062c\u0629 \u0625\u0644\u0649 \u062a\u0648\u062c\u064a\u0647 \u062c\u0632\u064a\u0644 \u0634\u0643\u0631\u064a \u0648\u0639\u0645\u064a\u0642 \u0625\u062c\u0644\u0627\u0644\u064a \u0625\u0644\u0649 \u0627\u0644\u062b\u0627\u0644\u0648\u062b \u0627\u0644\u0643\u0644\u064a \u0627\u0644\u0642\u062f\u0627\u0633\u0629\u060c \u0644\u0623\u0646\u0647 \u0641\u062a\u062d \u0639\u064a\u0646\u064a\u0651 \u0648\u0623\u0639\u0627\u0646\u0646\u064a \u0644\u0643\u064a \u0623\u0631\u062a\u0628\u0637 \u0631\u0648\u062d\u064a\u0627\u064b \u0628\u0627\u0644\u062c\u0628\u0644. \u0645\u0648\u0627\u0636\u064a\u0639 \u0645\u062a\u0635\u0644\u0629: \u0627\u0644\u062a\u0623\u0644\u0647, \u0627\u0644\u062c\u0628\u0644 \u0627\u0644\u0645\u0642\u062f\u0633, \u0627\u0644\u0635\u0644\u0627\u0629, \u062a\u062c\u0633\u062f \u0627\u0644\u0643\u0644\u0645\u0629","og_url":"https:\/\/www.orthodoxonline.org\/theology\/it\/orthodox-library\/virtues-and-spiritual-life\/a-night-in-the-desert-of-the-holy-mountain-discussion-with-a-hermit-on-the-jesus-prayer\/part-x-epilogue-and-glossary\/","og_site_name":"\u0634\u0628\u0643\u0629 \u0623\u0631\u062b\u0648\u0630\u0643\u0633 \u0623\u0648\u0646\u0644\u0627\u064a\u0646","article_publisher":"https:\/\/facebook.com\/orthodoxonline","article_published_time":"2011-02-19T20:21:53+00:00","og_image":[{"width":919,"height":400,"url":"https:\/\/www.orthodoxonline.org\/theology\/wp-content\/uploads\/sites\/3\/2015\/03\/Orthodoxonline-Logo-Featured-Post.png","type":"image\/png"}],"author":"\u0625\u064a\u0631\u0648\u062b\u064a\u0648\u0633 \u0641\u0644\u0627\u062e\u0648\u0633\u060c \u0627\u0644\u0645\u062a\u0631\u0648\u0628\u0648\u0644\u064a\u062a","twitter_card":"summary_large_image","twitter_creator":"@orthodoxonline","twitter_site":"@orthodoxonline","twitter_misc":{"Scritto da":"\u0625\u064a\u0631\u0648\u062b\u064a\u0648\u0633 \u0641\u0644\u0627\u062e\u0648\u0633\u060c \u0627\u0644\u0645\u062a\u0631\u0648\u0628\u0648\u0644\u064a\u062a"},"schema":{"@context":"https:\/\/schema.org","@graph":[{"@type":"Article","@id":"https:\/\/www.orthodoxonline.org\/theology\/orthodox-library\/virtues-and-spiritual-life\/a-night-in-the-desert-of-the-holy-mountain-discussion-with-a-hermit-on-the-jesus-prayer\/part-x-epilogue-and-glossary\/#article","isPartOf":{"@id":"https:\/\/www.orthodoxonline.org\/theology\/orthodox-library\/virtues-and-spiritual-life\/a-night-in-the-desert-of-the-holy-mountain-discussion-with-a-hermit-on-the-jesus-prayer\/part-x-epilogue-and-glossary\/"},"author":{"name":"\u0625\u064a\u0631\u0648\u062b\u064a\u0648\u0633 \u0641\u0644\u0627\u062e\u0648\u0633\u060c \u0627\u0644\u0645\u062a\u0631\u0648\u0628\u0648\u0644\u064a\u062a","@id":"https:\/\/www.orthodoxonline.org\/theology\/#\/schema\/person\/0a9d572114b79a21c1bee3963411ece8"},"headline":"10- \u0646\u0638\u0631\u0629 \u0645\u062c\u0645\u0644\u0629","datePublished":"2011-02-19T20:21:53+00:00","mainEntityOfPage":{"@id":"https:\/\/www.orthodoxonline.org\/theology\/orthodox-library\/virtues-and-spiritual-life\/a-night-in-the-desert-of-the-holy-mountain-discussion-with-a-hermit-on-the-jesus-prayer\/part-x-epilogue-and-glossary\/"},"wordCount":20,"publisher":{"@id":"https:\/\/www.orthodoxonline.org\/theology\/#organization"},"image":{"@id":"https:\/\/www.orthodoxonline.org\/theology\/orthodox-library\/virtues-and-spiritual-life\/a-night-in-the-desert-of-the-holy-mountain-discussion-with-a-hermit-on-the-jesus-prayer\/part-x-epilogue-and-glossary\/#primaryimage"},"thumbnailUrl":"https:\/\/www.orthodoxonline.org\/theology\/wp-content\/uploads\/sites\/3\/2015\/03\/Orthodoxonline-Logo-Featured-Post.png","keywords":["\u0627\u0644\u062a\u0623\u0644\u0647","\u0627\u0644\u062c\u0628\u0644 \u0627\u0644\u0645\u0642\u062f\u0633","\u0627\u0644\u0635\u0644\u0627\u0629","\u062a\u062c\u0633\u062f \u0627\u0644\u0643\u0644\u0645\u0629"],"articleSection":["\u0623\u0645\u0633\u064a\u0629 \u0641\u064a \u0628\u0631\u064a\u0629 \u0627\u0644\u062c\u0628\u0644 \u0627\u0644\u0645\u0642\u062f\u0633 \u0622\u062b\u0648\u0633 - \u062d\u0648\u0627\u0631 \u062d\u0648\u0644 \u0627\u0644\u0635\u0644\u0627\u0629"],"inLanguage":"it-IT"},{"@type":"WebPage","@id":"https:\/\/www.orthodoxonline.org\/theology\/orthodox-library\/virtues-and-spiritual-life\/a-night-in-the-desert-of-the-holy-mountain-discussion-with-a-hermit-on-the-jesus-prayer\/part-x-epilogue-and-glossary\/","url":"https:\/\/www.orthodoxonline.org\/theology\/orthodox-library\/virtues-and-spiritual-life\/a-night-in-the-desert-of-the-holy-mountain-discussion-with-a-hermit-on-the-jesus-prayer\/part-x-epilogue-and-glossary\/","name":"10- Panoramica - Una serata nel deserto del Sacro Monte Athos - Dialogo sulla preghiera - Rete online ortodossa","isPartOf":{"@id":"https:\/\/www.orthodoxonline.org\/theology\/#website"},"primaryImageOfPage":{"@id":"https:\/\/www.orthodoxonline.org\/theology\/orthodox-library\/virtues-and-spiritual-life\/a-night-in-the-desert-of-the-holy-mountain-discussion-with-a-hermit-on-the-jesus-prayer\/part-x-epilogue-and-glossary\/#primaryimage"},"image":{"@id":"https:\/\/www.orthodoxonline.org\/theology\/orthodox-library\/virtues-and-spiritual-life\/a-night-in-the-desert-of-the-holy-mountain-discussion-with-a-hermit-on-the-jesus-prayer\/part-x-epilogue-and-glossary\/#primaryimage"},"thumbnailUrl":"https:\/\/www.orthodoxonline.org\/theology\/wp-content\/uploads\/sites\/3\/2015\/03\/Orthodoxonline-Logo-Featured-Post.png","datePublished":"2011-02-19T20:21:53+00:00","description":": \u0627\u0644\u0622\u0646 \u0648\u0642\u062f \u0623\u0634\u0631\u0641\u062a\u064f \u0639\u0644\u0649 \u0627\u0644\u0646\u0647\u0627\u064a\u0629\u060c \u0623\u0634\u0639\u0631 \u0628\u0627\u0644\u062d\u0627\u062c\u0629 \u0625\u0644\u0649 \u062a\u0648\u062c\u064a\u0647 \u062c\u0632\u064a\u0644 \u0634\u0643\u0631\u064a \u0648\u0639\u0645\u064a\u0642 \u0625\u062c\u0644\u0627\u0644\u064a \u0625\u0644\u0649 \u0627\u0644\u062b\u0627\u0644\u0648\u062b \u0627\u0644\u0643\u0644\u064a \u0627\u0644\u0642\u062f\u0627\u0633\u0629\u060c \u0644\u0623\u0646\u0647 \u0641\u062a\u062d \u0639\u064a\u0646\u064a\u0651 \u0648\u0623\u0639\u0627\u0646\u0646\u064a \u0644\u0643\u064a \u0623\u0631\u062a\u0628\u0637 \u0631\u0648\u062d\u064a\u0627\u064b \u0628\u0627\u0644\u062c\u0628\u0644. \u0645\u0648\u0627\u0636\u064a\u0639 \u0645\u062a\u0635\u0644\u0629: \u0627\u0644\u062a\u0623\u0644\u0647, \u0627\u0644\u062c\u0628\u0644 \u0627\u0644\u0645\u0642\u062f\u0633, \u0627\u0644\u0635\u0644\u0627\u0629, \u062a\u062c\u0633\u062f \u0627\u0644\u0643\u0644\u0645\u0629","breadcrumb":{"@id":"https:\/\/www.orthodoxonline.org\/theology\/orthodox-library\/virtues-and-spiritual-life\/a-night-in-the-desert-of-the-holy-mountain-discussion-with-a-hermit-on-the-jesus-prayer\/part-x-epilogue-and-glossary\/#breadcrumb"},"inLanguage":"it-IT","potentialAction":[{"@type":"ReadAction","target":["https:\/\/www.orthodoxonline.org\/theology\/orthodox-library\/virtues-and-spiritual-life\/a-night-in-the-desert-of-the-holy-mountain-discussion-with-a-hermit-on-the-jesus-prayer\/part-x-epilogue-and-glossary\/"]}]},{"@type":"ImageObject","inLanguage":"it-IT","@id":"https:\/\/www.orthodoxonline.org\/theology\/orthodox-library\/virtues-and-spiritual-life\/a-night-in-the-desert-of-the-holy-mountain-discussion-with-a-hermit-on-the-jesus-prayer\/part-x-epilogue-and-glossary\/#primaryimage","url":"https:\/\/www.orthodoxonline.org\/theology\/wp-content\/uploads\/sites\/3\/2015\/03\/Orthodoxonline-Logo-Featured-Post.png","contentUrl":"https:\/\/www.orthodoxonline.org\/theology\/wp-content\/uploads\/sites\/3\/2015\/03\/Orthodoxonline-Logo-Featured-Post.png","width":919,"height":400},{"@type":"BreadcrumbList","@id":"https:\/\/www.orthodoxonline.org\/theology\/orthodox-library\/virtues-and-spiritual-life\/a-night-in-the-desert-of-the-holy-mountain-discussion-with-a-hermit-on-the-jesus-prayer\/part-x-epilogue-and-glossary\/#breadcrumb","itemListElement":[{"@type":"ListItem","position":1,"name":"\u0627\u0644\u0631\u0626\u064a\u0633\u064a\u0629","item":"https:\/\/www.orthodoxonline.org\/theology\/"},{"@type":"ListItem","position":2,"name":"\u0627\u0644\u0645\u0643\u062a\u0628\u0629 \u0627\u0644\u0623\u0631\u062b\u0648\u0630\u0643\u0633\u064a\u0629","item":"https:\/\/www.orthodoxonline.org\/theology\/orthodox-library\/"},{"@type":"ListItem","position":3,"name":"\u0627\u0644\u0641\u0636\u0627\u0626\u0644 \u0648\u0627\u0644\u062d\u064a\u0627\u0629 \u0627\u0644\u0631\u0648\u062d\u064a\u0629","item":"https:\/\/www.orthodoxonline.org\/theology\/orthodox-library\/virtues-and-spiritual-life\/"},{"@type":"ListItem","position":4,"name":"\u0623\u0645\u0633\u064a\u0629 \u0641\u064a \u0628\u0631\u064a\u0629 \u0627\u0644\u062c\u0628\u0644 \u0627\u0644\u0645\u0642\u062f\u0633 \u0622\u062b\u0648\u0633 - \u062d\u0648\u0627\u0631 \u062d\u0648\u0644 \u0627\u0644\u0635\u0644\u0627\u0629","item":"https:\/\/www.orthodoxonline.org\/theology\/orthodox-library\/virtues-and-spiritual-life\/a-night-in-the-desert-of-the-holy-mountain-discussion-with-a-hermit-on-the-jesus-prayer\/"},{"@type":"ListItem","position":5,"name":"10- \u0646\u0638\u0631\u0629 \u0645\u062c\u0645\u0644\u0629"}]},{"@type":"WebSite","@id":"https:\/\/www.orthodoxonline.org\/theology\/#website","url":"https:\/\/www.orthodoxonline.org\/theology\/","name":"Ortodosso in linea","description":"Fede, dottrine, storia, liturgia e vita della Chiesa ortodossa - Ortodossa greca","publisher":{"@id":"https:\/\/www.orthodoxonline.org\/theology\/#organization"},"alternateName":"\u0634\u0628\u0643\u0629 \u0623\u0631\u062b\u0648\u0630\u0643\u0633 \u0623\u0648\u0646\u0644\u0627\u064a\u0646","potentialAction":[{"@type":"SearchAction","target":{"@type":"EntryPoint","urlTemplate":"https:\/\/www.orthodoxonline.org\/theology\/?s={search_term_string}"},"query-input":{"@type":"PropertyValueSpecification","valueRequired":true,"valueName":"search_term_string"}}],"inLanguage":"it-IT"},{"@type":"Organization","@id":"https:\/\/www.orthodoxonline.org\/theology\/#organization","name":"Rete online ortodossa","url":"https:\/\/www.orthodoxonline.org\/theology\/","logo":{"@type":"ImageObject","inLanguage":"it-IT","@id":"https:\/\/www.orthodoxonline.org\/theology\/#\/schema\/logo\/image\/","url":"https:\/\/www.orthodoxonline.org\/theology\/wp-content\/uploads\/sites\/3\/2023\/07\/Logo-Header.png","contentUrl":"https:\/\/www.orthodoxonline.org\/theology\/wp-content\/uploads\/sites\/3\/2023\/07\/Logo-Header.png","width":200,"height":200,"caption":"\u0634\u0628\u0643\u0629 \u0623\u0631\u062b\u0648\u0630\u0643\u0633 \u0623\u0648\u0646\u0644\u0627\u064a\u0646"},"image":{"@id":"https:\/\/www.orthodoxonline.org\/theology\/#\/schema\/logo\/image\/"},"sameAs":["https:\/\/facebook.com\/orthodoxonline","https:\/\/x.com\/orthodoxonline","https:\/\/www.instagram.com\/orthodoxonline\/","https:\/\/www.youtube.com\/orthodoxonline"],"foundingDate":"2006-09-20"},{"@type":"Person","@id":"https:\/\/www.orthodoxonline.org\/theology\/#\/schema\/person\/0a9d572114b79a21c1bee3963411ece8","name":"Erotheus Vlachos, metropolita","image":{"@type":"ImageObject","inLanguage":"it-IT","@id":"https:\/\/www.orthodoxonline.org\/theology\/wp-content\/litespeed\/avatar\/3\/397a9a50b65b9562ffe2edadf498ce22.jpg?ver=1777460384","url":"https:\/\/www.orthodoxonline.org\/theology\/wp-content\/litespeed\/avatar\/3\/397a9a50b65b9562ffe2edadf498ce22.jpg?ver=1777460384","contentUrl":"https:\/\/www.orthodoxonline.org\/theology\/wp-content\/litespeed\/avatar\/3\/397a9a50b65b9562ffe2edadf498ce22.jpg?ver=1777460384","caption":"\u0625\u064a\u0631\u0648\u062b\u064a\u0648\u0633 \u0641\u0644\u0627\u062e\u0648\u0633\u060c \u0627\u0644\u0645\u062a\u0631\u0648\u0628\u0648\u0644\u064a\u062a"},"url":"http:\/\/www.orthodoxonline.org\/theology\/it\/author\/metr-hierotheos-vlachos-of-nafpaktos-ierotheos\/"}]}},"wps_subtitle":"","amp_enabled":true,"_links":{"self":[{"href":"http:\/\/www.orthodoxonline.org\/theology\/it\/wp-json\/wp\/v2\/posts\/2727","targetHints":{"allow":["GET"]}}],"collection":[{"href":"http:\/\/www.orthodoxonline.org\/theology\/it\/wp-json\/wp\/v2\/posts"}],"about":[{"href":"http:\/\/www.orthodoxonline.org\/theology\/it\/wp-json\/wp\/v2\/types\/post"}],"author":[{"embeddable":true,"href":"http:\/\/www.orthodoxonline.org\/theology\/it\/wp-json\/wp\/v2\/users\/31"}],"replies":[{"embeddable":true,"href":"http:\/\/www.orthodoxonline.org\/theology\/it\/wp-json\/wp\/v2\/comments?post=2727"}],"version-history":[{"count":0,"href":"http:\/\/www.orthodoxonline.org\/theology\/it\/wp-json\/wp\/v2\/posts\/2727\/revisions"}],"wp:featuredmedia":[{"embeddable":true,"href":"http:\/\/www.orthodoxonline.org\/theology\/it\/wp-json\/wp\/v2\/media\/3449"}],"wp:attachment":[{"href":"http:\/\/www.orthodoxonline.org\/theology\/it\/wp-json\/wp\/v2\/media?parent=2727"}],"wp:term":[{"taxonomy":"category","embeddable":true,"href":"http:\/\/www.orthodoxonline.org\/theology\/it\/wp-json\/wp\/v2\/categories?post=2727"},{"taxonomy":"post_tag","embeddable":true,"href":"http:\/\/www.orthodoxonline.org\/theology\/it\/wp-json\/wp\/v2\/tags?post=2727"}],"curies":[{"name":"wp","href":"https:\/\/api.w.org\/{rel}","templated":true}]}}