{"id":2000,"date":"2010-04-28T20:09:13","date_gmt":"2010-04-28T20:09:13","guid":{"rendered":"http:\/\/orthodoxonline.org\/theology\/saints-and-fathers\/groups-and-convoys-of-saints-and-martyrs\/ss-the-martyrs-of-cyzicus\/"},"modified":"2010-04-28T20:09:13","modified_gmt":"2010-04-28T20:09:13","slug":"ss-the-martyrs-of-cyzicus","status":"publish","type":"post","link":"http:\/\/www.orthodoxonline.org\/theology\/pl\/saints-and-fathers\/groups-and-convoys-of-saints-and-martyrs\/ss-the-martyrs-of-cyzicus\/","title":{"rendered":"Dziewi\u0119ciu \u015bwi\u0119tych m\u0119czennik\u00f3w ponios\u0142o \u015bmier\u0107 m\u0119cze\u0144sk\u0105 w Kyzikos"},"content":{"rendered":"<p><img decoding=\"async\" class=\"alignleft size-full wp-image-1999\" style=\"float: left;\" title=\"\u015awi\u0119ci m\u0119czennicy, zaczynaj\u0105c od lewej i od pierwszego rz\u0119du: Antypatros, Artamon, Magnus, Filemon, Rufus, Tomaszjusz, Teodot, Teognet i Teostik.\" alt=\"\u015awi\u0119ci m\u0119czennicy, zaczynaj\u0105c od lewej i od pierwszego rz\u0119du: Antypatros, Artamon, Magnus, Filemon, Rufus, Tomaszjusz, Teodot, Teognet i Teostik.\" src=\"http:\/\/orthodoxonline.org\/theology\/wp-content\/uploads\/sites\/3\/2010\/04\/28_april_theognis_theostichus_rufus_antipatrus_artemas_thaumasius_theodotos_magnus_philimon.jpg\" height=\"100\" width=\"70\" srcset=\"https:\/\/www.orthodoxonline.org\/theology\/wp-content\/uploads\/sites\/3\/2010\/04\/28_april_theognis_theostichus_rufus_antipatrus_artemas_thaumasius_theodotos_magnus_philimon.jpg 458w, https:\/\/www.orthodoxonline.org\/theology\/wp-content\/uploads\/sites\/3\/2010\/04\/28_april_theognis_theostichus_rufus_antipatrus_artemas_thaumasius_theodotos_magnus_philimon-211x300.jpg 211w\" sizes=\"(max-width: 70px) 100vw, 70px\" \/>S\u0105 to Teognetus, Rufus, Antypatros, Teostik, Artamon, Magnus, Teodot, Tomaszjusz i Filemon. Pochodzili z r\u00f3\u017cnych miejsc i byli w r\u00f3\u017cnym wieku. Ich pozycje w spo\u0142ecze\u0144stwie waha\u0142y si\u0119 od \u017co\u0142nierzy, rolnik\u00f3w, mieszczan i duchowie\u0144stwa. Ale wszyscy zadeklarowali swoj\u0105 wiar\u0119 w Jezusa Chrystusa. Gor\u0105co pragn\u0105\u0142 rozproszy\u0107 chmury i je wzmocni\u0107.<\/p>\n<p>  <!--more-->  <\/p>\n<p>W mie\u015bcie Kyzikos w Azji Mniejszej, w czasie prze\u015bladowa\u0144 chrze\u015bcijan, pojawili si\u0119 ci \u017co\u0142nierze Chrystusa i odwa\u017cnie wyznawali Chrystusa, swojego Boga, i bez strachu i wahania pot\u0119piali poga\u0144stwo. Zostali aresztowani i postawieni przed gubernatorem miasta. Byli torturowani przez wiele dni i wtr\u0105ceni do wi\u0119zienia, nast\u0119pnie zostali wyprowadzeni, a prze\u015bladowcy obiecali im, \u017ce zostan\u0105 wypuszczeni, je\u015bli nie uwierz\u0105 w Chrystusa. Jednak staro\u017cytni m\u0119czennicy Chrystusa w dalszym ci\u0105gu wychwalali imi\u0119 Chrystusa, dlatego w latach 284\u2013292 n.e. wydano na nich wyrok \u015bmierci, obci\u0119to im g\u0142owy i pochowano ich w miejscu po\u0142o\u017conym blisko miasta.<\/p>\n<p>Nast\u0119pnie w roku 324 n.e., po ugaszeniu ognia prze\u015bladowa\u0144, chrze\u015bcijanie z Kyzikos przenie\u015bli relikwie \u015bwi\u0119tych, kt\u00f3re okaza\u0142y si\u0119 nierozpuszczalne, do zbudowanego dla nich ko\u015bcio\u0142a.<\/p>\n<p>Ko\u015bci\u00f3\u0142 obchodzi je 28 kwietnia.<\/p>\n<p>Troparia na takt w czwartej melodii<br \/> Twoi m\u0119czennicy, Panie, dzi\u0119ki swoim wysi\u0142kom uzyskali od Ciebie niezniszczalne korony, o nasz Bo\u017ce, poniewa\u017c doszli do Twojej mocy, dlatego zniszczyli uzurpator\u00f3w i zmia\u017cd\u017cyli moc demon\u00f3w, kt\u00f3rzy nie maj\u0105 mocy, Przez ich b\u0142agania, Chryste Bo\u017ce , ratuj nasze dusze.<\/p>","protected":false},"excerpt":{"rendered":"<p>\u0647\u0645 \u062b\u064a\u0648\u063a\u0646\u064a\u062a\u0648\u0633 \u0648\u0631\u0648\u0641\u0648\u0633 \u0648\u0623\u0646\u062a\u064a\u0628\u0627\u062a\u0631\u0648\u0633 \u0648\u062b\u064a\u0648\u0633\u062a\u064a\u0643\u0648\u0633 \u0648\u0627\u0631\u062a\u0627\u0645\u0648\u0646 \u0648\u0645\u0627\u063a\u0646\u0648\u0633 \u0648\u062b\u064a\u0648\u062f\u0648\u062a\u0648\u0633 \u0648\u062a\u0648\u0645\u0627\u0633\u064a\u0648\u0633 \u0648\u0641\u064a\u0644\u064a\u0645\u0648\u0646. \u062c\u0627\u0624\u0648\u0627 \u0645\u0646 \u0623\u0645\u0643\u0646\u0629 \u0634\u062a\u0651\u0649 \u0648\u062a\u0641\u0627\u0648\u062a\u062a \u0623\u0639\u0645\u0627\u0631\u0647\u0645. \u062a\u0631\u0627\u0648\u062d\u062a \u0645\u0631\u0627\u0643\u0632\u0647\u0645 \u0641\u064a \u0627\u0644\u0645\u062c\u062a\u0645\u0639 [&hellip;]<\/p>\n","protected":false},"author":83,"featured_media":1999,"comment_status":"closed","ping_status":"closed","sticky":false,"template":"","format":"standard","meta":{"_relevanssi_hide_post":"","_relevanssi_hide_content":"","_relevanssi_pin_for_all":"","_relevanssi_pin_keywords":"","_relevanssi_unpin_keywords":"","_relevanssi_related_keywords":"","_relevanssi_related_include_ids":"","_relevanssi_related_exclude_ids":"","_relevanssi_related_no_append":"","_relevanssi_related_not_related":"","_relevanssi_related_posts":"1381,2579,1146,1185,1714,1611,906,639,678,812,2057,2538","_relevanssi_noindex_reason":"","site-sidebar-layout":"default","site-content-layout":"","ast-site-content-layout":"default","site-content-style":"default","site-sidebar-style":"default","ast-global-header-display":"","ast-banner-title-visibility":"","ast-main-header-display":"","ast-hfb-above-header-display":"","ast-hfb-below-header-display":"","ast-hfb-mobile-header-display":"","site-post-title":"","ast-breadcrumbs-content":"","ast-featured-img":"","footer-sml-layout":"","ast-disable-related-posts":"","theme-transparent-header-meta":"","adv-header-id-meta":"","stick-header-meta":"","header-above-stick-meta":"","header-main-stick-meta":"","header-below-stick-meta":"","astra-migrate-meta-layouts":"default","ast-page-background-enabled":"default","ast-page-background-meta":{"desktop":{"background-color":"var(--ast-global-color-4)","background-image":"","background-repeat":"repeat","background-position":"center center","background-size":"auto","background-attachment":"scroll","background-type":"","background-media":"","overlay-type":"","overlay-color":"","overlay-opacity":"","overlay-gradient":""},"tablet":{"background-color":"","background-image":"","background-repeat":"repeat","background-position":"center center","background-size":"auto","background-attachment":"scroll","background-type":"","background-media":"","overlay-type":"","overlay-color":"","overlay-opacity":"","overlay-gradient":""},"mobile":{"background-color":"","background-image":"","background-repeat":"repeat","background-position":"center center","background-size":"auto","background-attachment":"scroll","background-type":"","background-media":"","overlay-type":"","overlay-color":"","overlay-opacity":"","overlay-gradient":""}},"ast-content-background-meta":{"desktop":{"background-color":"var(--ast-global-color-5)","background-image":"","background-repeat":"repeat","background-position":"center center","background-size":"auto","background-attachment":"scroll","background-type":"","background-media":"","overlay-type":"","overlay-color":"","overlay-opacity":"","overlay-gradient":""},"tablet":{"background-color":"var(--ast-global-color-5)","background-image":"","background-repeat":"repeat","background-position":"center center","background-size":"auto","background-attachment":"scroll","background-type":"","background-media":"","overlay-type":"","overlay-color":"","overlay-opacity":"","overlay-gradient":""},"mobile":{"background-color":"var(--ast-global-color-5)","background-image":"","background-repeat":"repeat","background-position":"center center","background-size":"auto","background-attachment":"scroll","background-type":"","background-media":"","overlay-type":"","overlay-color":"","overlay-opacity":"","overlay-gradient":""}},"footnotes":""},"categories":[104],"tags":[5749,5750,582,704,407,5753,3519,5755,5754,5752,2710,5751],"class_list":["post-2000","post","type-post","status-publish","format-standard","has-post-thumbnail","hentry","category-groups-and-convoys-of-saints-and-martyrs","tag-5749","tag-5750","tag-582","tag-704","tag-407","tag-5753","tag-3519","tag-5755","tag-5754","tag-5752","tag-2710","tag-5751"],"yoast_head":"<!-- This site is optimized with the Yoast SEO Premium plugin v27.4 (Yoast SEO v27.4) - https:\/\/yoast.com\/product\/yoast-seo-premium-wordpress\/ -->\n<title>\u0627\u0644\u0642\u062f\u064a\u0633\u0648\u0646 \u0627\u0644\u0634\u0647\u062f\u0627\u0621 \u0627\u0644\u062a\u0633\u0639\u0629 \u0627\u0644\u0645\u0633\u062a\u0634\u0647\u062f\u0648\u0646 \u0641\u064a \u0643\u064a\u0632\u064a\u0643\u0648\u0633 - \u0645\u062c\u0645\u0648\u0639\u0627\u062a \u0645\u0646 \u0627\u0644\u0642\u062f\u064a\u0633\u064a\u0646 \u0648\u0642\u0648\u0627\u0641\u0644 \u0627\u0644\u0634\u0647\u062f\u0627\u0621 - \u0634\u0628\u0643\u0629 \u0623\u0631\u062b\u0648\u0630\u0643\u0633 \u0623\u0648\u0646\u0644\u0627\u064a\u0646<\/title>\n<meta name=\"description\" content=\": \u0647\u0645 \u062b\u064a\u0648\u063a\u0646\u064a\u062a\u0648\u0633 \u0648\u0631\u0648\u0641\u0648\u0633 \u0648\u0623\u0646\u062a\u064a\u0628\u0627\u062a\u0631\u0648\u0633 \u0648\u062b\u064a\u0648\u0633\u062a\u064a\u0643\u0648\u0633 \u0648\u0627\u0631\u062a\u0627\u0645\u0648\u0646 \u0648\u0645\u0627\u063a\u0646\u0648\u0633 \u0648\u062b\u064a\u0648\u062f\u0648\u062a\u0648\u0633 \u0648\u062a\u0648\u0645\u0627\u0633\u064a\u0648\u0633 \u0648\u0641\u064a\u0644\u064a\u0645\u0648\u0646. \u062c\u0627\u0624\u0648\u0627 \u0645\u0646 \u0623\u0645\u0643\u0646\u0629 \u0634\u062a\u0651\u0649 \u0648\u062a\u0641\u0627\u0648\u062a\u062a \u0623\u0639\u0645\u0627\u0631\u0647\u0645. \u062a\u0631\u0627\u0648\u062d\u062a \u0645\u0631\u0627\u0643\u0632\u0647\u0645 \u0641\u064a \u0627\u0644\u0645\u062c\u062a\u0645\u0639. \u0645\u0648\u0627\u0636\u064a\u0639 \u0645\u062a\u0635\u0644\u0629: \u0623\u0646\u062a\u064a\u0628\u0627\u062a\u0631\u0648\u0633, \u0627\u0631\u062a\u0627\u0645\u0648\u0646, \u0627\u0644\u0627\u0636\u0637\u0647\u0627\u062f, \u0627\u0644\u0634\u0647\u062f\u0627\u0621, \u0627\u0644\u0642\u062f\u064a\u0633\u0648\u0646, \u062a\u0648\u0645\u0627\u0633\u064a\u0648\u0633, \u062b\u064a\u0648\u062f\u0648\u062a\u0648\u0633, \u062b\u064a\u0648\u0633\u062a\u064a\u0643\u0648\u0633, \u062b\u064a\u0648\u063a\u0646\u064a\u062a\u0648\u0633, \u0631\u0648\u0641\u0648\u0633, \u0641\u064a\u0644\u064a\u0645\u0648\u0646, \u0645\u0627\u063a\u0646\u0648\u0633\" \/>\n<meta name=\"robots\" content=\"index, follow, max-snippet:-1, max-image-preview:large, max-video-preview:-1\" \/>\n<link rel=\"canonical\" href=\"https:\/\/www.orthodoxonline.org\/theology\/pl\/saints-and-fathers\/groups-and-convoys-of-saints-and-martyrs\/ss-the-martyrs-of-cyzicus\/\" \/>\n<meta property=\"og:locale\" content=\"pl_PL\" \/>\n<meta property=\"og:type\" content=\"article\" \/>\n<meta property=\"og:title\" content=\"\u0627\u0644\u0642\u062f\u064a\u0633\u0648\u0646 \u0627\u0644\u0634\u0647\u062f\u0627\u0621 \u0627\u0644\u062a\u0633\u0639\u0629 \u0627\u0644\u0645\u0633\u062a\u0634\u0647\u062f\u0648\u0646 \u0641\u064a \u0643\u064a\u0632\u064a\u0643\u0648\u0633 - \u0634\u0628\u0643\u0629 \u0623\u0631\u062b\u0648\u0630\u0643\u0633 \u0623\u0648\u0646\u0644\u0627\u064a\u0646\" \/>\n<meta property=\"og:description\" content=\":\u0647\u0645 \u062b\u064a\u0648\u063a\u0646\u064a\u062a\u0648\u0633 \u0648\u0631\u0648\u0641\u0648\u0633 \u0648\u0623\u0646\u062a\u064a\u0628\u0627\u062a\u0631\u0648\u0633 \u0648\u062b\u064a\u0648\u0633\u062a\u064a\u0643\u0648\u0633 \u0648\u0627\u0631\u062a\u0627\u0645\u0648\u0646 \u0648\u0645\u0627\u063a\u0646\u0648\u0633 \u0648\u062b\u064a\u0648\u062f\u0648\u062a\u0648\u0633 \u0648\u062a\u0648\u0645\u0627\u0633\u064a\u0648\u0633 \u0648\u0641\u064a\u0644\u064a\u0645\u0648\u0646. \u062c\u0627\u0624\u0648\u0627 \u0645\u0646 \u0623\u0645\u0643\u0646\u0629 \u0634\u062a\u0651\u0649 \u0648\u062a\u0641\u0627\u0648\u062a\u062a \u0623\u0639\u0645\u0627\u0631\u0647\u0645. \u062a\u0631\u0627\u0648\u062d\u062a \u0645\u0631\u0627\u0643\u0632\u0647\u0645 \u0641\u064a \u0627\u0644\u0645\u062c\u062a\u0645\u0639. \u0645\u0648\u0627\u0636\u064a\u0639 \u0645\u062a\u0635\u0644\u0629: \u0623\u0646\u062a\u064a\u0628\u0627\u062a\u0631\u0648\u0633, \u0627\u0631\u062a\u0627\u0645\u0648\u0646, \u0627\u0644\u0627\u0636\u0637\u0647\u0627\u062f, \u0627\u0644\u0634\u0647\u062f\u0627\u0621, \u0627\u0644\u0642\u062f\u064a\u0633\u0648\u0646, \u062a\u0648\u0645\u0627\u0633\u064a\u0648\u0633, \u062b\u064a\u0648\u062f\u0648\u062a\u0648\u0633, \u062b\u064a\u0648\u0633\u062a\u064a\u0643\u0648\u0633, \u062b\u064a\u0648\u063a\u0646\u064a\u062a\u0648\u0633, \u0631\u0648\u0641\u0648\u0633, \u0641\u064a\u0644\u064a\u0645\u0648\u0646, \u0645\u0627\u063a\u0646\u0648\u0633\" \/>\n<meta property=\"og:url\" content=\"https:\/\/www.orthodoxonline.org\/theology\/pl\/saints-and-fathers\/groups-and-convoys-of-saints-and-martyrs\/ss-the-martyrs-of-cyzicus\/\" \/>\n<meta property=\"og:site_name\" content=\"\u0634\u0628\u0643\u0629 \u0623\u0631\u062b\u0648\u0630\u0643\u0633 \u0623\u0648\u0646\u0644\u0627\u064a\u0646\" \/>\n<meta property=\"article:publisher\" content=\"https:\/\/facebook.com\/orthodoxonline\" \/>\n<meta property=\"article:published_time\" content=\"2010-04-28T20:09:13+00:00\" \/>\n<meta property=\"og:image\" content=\"https:\/\/www.orthodoxonline.org\/theology\/wp-content\/uploads\/sites\/3\/2010\/04\/28_april_theognis_theostichus_rufus_antipatrus_artemas_thaumasius_theodotos_magnus_philimon.jpg\" \/>\n\t<meta property=\"og:image:width\" content=\"458\" \/>\n\t<meta property=\"og:image:height\" content=\"650\" \/>\n\t<meta property=\"og:image:type\" content=\"image\/jpeg\" \/>\n<meta name=\"author\" content=\"Bashar\" \/>\n<meta name=\"twitter:card\" content=\"summary_large_image\" \/>\n<meta name=\"twitter:creator\" content=\"@orthodoxonline\" \/>\n<meta name=\"twitter:site\" content=\"@orthodoxonline\" \/>\n<meta name=\"twitter:label1\" content=\"Napisane przez\" \/>\n\t<meta name=\"twitter:data1\" content=\"Bashar\" \/>\n<script type=\"application\/ld+json\" class=\"yoast-schema-graph\">{\"@context\":\"https:\\\/\\\/schema.org\",\"@graph\":[{\"@type\":\"Article\",\"@id\":\"https:\\\/\\\/www.orthodoxonline.org\\\/theology\\\/saints-and-fathers\\\/groups-and-convoys-of-saints-and-martyrs\\\/ss-the-martyrs-of-cyzicus\\\/#article\",\"isPartOf\":{\"@id\":\"https:\\\/\\\/www.orthodoxonline.org\\\/theology\\\/saints-and-fathers\\\/groups-and-convoys-of-saints-and-martyrs\\\/ss-the-martyrs-of-cyzicus\\\/\"},\"author\":{\"name\":\"Bashar\",\"@id\":\"https:\\\/\\\/www.orthodoxonline.org\\\/theology\\\/#\\\/schema\\\/person\\\/7c969bd36d032b5175e030a03776ca6a\"},\"headline\":\"\u0627\u0644\u0642\u062f\u064a\u0633\u0648\u0646 \u0627\u0644\u0634\u0647\u062f\u0627\u0621 \u0627\u0644\u062a\u0633\u0639\u0629 \u0627\u0644\u0645\u0633\u062a\u0634\u0647\u062f\u0648\u0646 \u0641\u064a \u0643\u064a\u0632\u064a\u0643\u0648\u0633\",\"datePublished\":\"2010-04-28T20:09:13+00:00\",\"mainEntityOfPage\":{\"@id\":\"https:\\\/\\\/www.orthodoxonline.org\\\/theology\\\/saints-and-fathers\\\/groups-and-convoys-of-saints-and-martyrs\\\/ss-the-martyrs-of-cyzicus\\\/\"},\"wordCount\":0,\"publisher\":{\"@id\":\"https:\\\/\\\/www.orthodoxonline.org\\\/theology\\\/#organization\"},\"image\":{\"@id\":\"https:\\\/\\\/www.orthodoxonline.org\\\/theology\\\/saints-and-fathers\\\/groups-and-convoys-of-saints-and-martyrs\\\/ss-the-martyrs-of-cyzicus\\\/#primaryimage\"},\"thumbnailUrl\":\"https:\\\/\\\/www.orthodoxonline.org\\\/theology\\\/wp-content\\\/uploads\\\/sites\\\/3\\\/2010\\\/04\\\/28_april_theognis_theostichus_rufus_antipatrus_artemas_thaumasius_theodotos_magnus_philimon.jpg\",\"keywords\":[\"\u0623\u0646\u062a\u064a\u0628\u0627\u062a\u0631\u0648\u0633\",\"\u0627\u0631\u062a\u0627\u0645\u0648\u0646\",\"\u0627\u0644\u0627\u0636\u0637\u0647\u0627\u062f\",\"\u0627\u0644\u0634\u0647\u062f\u0627\u0621\",\"\u0627\u0644\u0642\u062f\u064a\u0633\u0648\u0646\",\"\u062a\u0648\u0645\u0627\u0633\u064a\u0648\u0633\",\"\u062b\u064a\u0648\u062f\u0648\u062a\u0648\u0633\",\"\u062b\u064a\u0648\u0633\u062a\u064a\u0643\u0648\u0633\",\"\u062b\u064a\u0648\u063a\u0646\u064a\u062a\u0648\u0633\",\"\u0631\u0648\u0641\u0648\u0633\",\"\u0641\u064a\u0644\u064a\u0645\u0648\u0646\",\"\u0645\u0627\u063a\u0646\u0648\u0633\"],\"articleSection\":[\"\u0645\u062c\u0645\u0648\u0639\u0627\u062a \u0645\u0646 \u0627\u0644\u0642\u062f\u064a\u0633\u064a\u0646 \u0648\u0642\u0648\u0627\u0641\u0644 \u0627\u0644\u0634\u0647\u062f\u0627\u0621\"],\"inLanguage\":\"pl-PL\"},{\"@type\":\"WebPage\",\"@id\":\"https:\\\/\\\/www.orthodoxonline.org\\\/theology\\\/saints-and-fathers\\\/groups-and-convoys-of-saints-and-martyrs\\\/ss-the-martyrs-of-cyzicus\\\/\",\"url\":\"https:\\\/\\\/www.orthodoxonline.org\\\/theology\\\/saints-and-fathers\\\/groups-and-convoys-of-saints-and-martyrs\\\/ss-the-martyrs-of-cyzicus\\\/\",\"name\":\"\u0627\u0644\u0642\u062f\u064a\u0633\u0648\u0646 \u0627\u0644\u0634\u0647\u062f\u0627\u0621 \u0627\u0644\u062a\u0633\u0639\u0629 \u0627\u0644\u0645\u0633\u062a\u0634\u0647\u062f\u0648\u0646 \u0641\u064a \u0643\u064a\u0632\u064a\u0643\u0648\u0633 - \u0645\u062c\u0645\u0648\u0639\u0627\u062a \u0645\u0646 \u0627\u0644\u0642\u062f\u064a\u0633\u064a\u0646 \u0648\u0642\u0648\u0627\u0641\u0644 \u0627\u0644\u0634\u0647\u062f\u0627\u0621 - \u0634\u0628\u0643\u0629 \u0623\u0631\u062b\u0648\u0630\u0643\u0633 \u0623\u0648\u0646\u0644\u0627\u064a\u0646\",\"isPartOf\":{\"@id\":\"https:\\\/\\\/www.orthodoxonline.org\\\/theology\\\/#website\"},\"primaryImageOfPage\":{\"@id\":\"https:\\\/\\\/www.orthodoxonline.org\\\/theology\\\/saints-and-fathers\\\/groups-and-convoys-of-saints-and-martyrs\\\/ss-the-martyrs-of-cyzicus\\\/#primaryimage\"},\"image\":{\"@id\":\"https:\\\/\\\/www.orthodoxonline.org\\\/theology\\\/saints-and-fathers\\\/groups-and-convoys-of-saints-and-martyrs\\\/ss-the-martyrs-of-cyzicus\\\/#primaryimage\"},\"thumbnailUrl\":\"https:\\\/\\\/www.orthodoxonline.org\\\/theology\\\/wp-content\\\/uploads\\\/sites\\\/3\\\/2010\\\/04\\\/28_april_theognis_theostichus_rufus_antipatrus_artemas_thaumasius_theodotos_magnus_philimon.jpg\",\"datePublished\":\"2010-04-28T20:09:13+00:00\",\"description\":\": \u0647\u0645 \u062b\u064a\u0648\u063a\u0646\u064a\u062a\u0648\u0633 \u0648\u0631\u0648\u0641\u0648\u0633 \u0648\u0623\u0646\u062a\u064a\u0628\u0627\u062a\u0631\u0648\u0633 \u0648\u062b\u064a\u0648\u0633\u062a\u064a\u0643\u0648\u0633 \u0648\u0627\u0631\u062a\u0627\u0645\u0648\u0646 \u0648\u0645\u0627\u063a\u0646\u0648\u0633 \u0648\u062b\u064a\u0648\u062f\u0648\u062a\u0648\u0633 \u0648\u062a\u0648\u0645\u0627\u0633\u064a\u0648\u0633 \u0648\u0641\u064a\u0644\u064a\u0645\u0648\u0646. \u062c\u0627\u0624\u0648\u0627 \u0645\u0646 \u0623\u0645\u0643\u0646\u0629 \u0634\u062a\u0651\u0649 \u0648\u062a\u0641\u0627\u0648\u062a\u062a \u0623\u0639\u0645\u0627\u0631\u0647\u0645. \u062a\u0631\u0627\u0648\u062d\u062a \u0645\u0631\u0627\u0643\u0632\u0647\u0645 \u0641\u064a \u0627\u0644\u0645\u062c\u062a\u0645\u0639. \u0645\u0648\u0627\u0636\u064a\u0639 \u0645\u062a\u0635\u0644\u0629: \u0623\u0646\u062a\u064a\u0628\u0627\u062a\u0631\u0648\u0633, \u0627\u0631\u062a\u0627\u0645\u0648\u0646, \u0627\u0644\u0627\u0636\u0637\u0647\u0627\u062f, \u0627\u0644\u0634\u0647\u062f\u0627\u0621, \u0627\u0644\u0642\u062f\u064a\u0633\u0648\u0646, \u062a\u0648\u0645\u0627\u0633\u064a\u0648\u0633, \u062b\u064a\u0648\u062f\u0648\u062a\u0648\u0633, \u062b\u064a\u0648\u0633\u062a\u064a\u0643\u0648\u0633, \u062b\u064a\u0648\u063a\u0646\u064a\u062a\u0648\u0633, \u0631\u0648\u0641\u0648\u0633, \u0641\u064a\u0644\u064a\u0645\u0648\u0646, \u0645\u0627\u063a\u0646\u0648\u0633\",\"breadcrumb\":{\"@id\":\"https:\\\/\\\/www.orthodoxonline.org\\\/theology\\\/saints-and-fathers\\\/groups-and-convoys-of-saints-and-martyrs\\\/ss-the-martyrs-of-cyzicus\\\/#breadcrumb\"},\"inLanguage\":\"pl-PL\",\"potentialAction\":[{\"@type\":\"ReadAction\",\"target\":[\"https:\\\/\\\/www.orthodoxonline.org\\\/theology\\\/saints-and-fathers\\\/groups-and-convoys-of-saints-and-martyrs\\\/ss-the-martyrs-of-cyzicus\\\/\"]}]},{\"@type\":\"ImageObject\",\"inLanguage\":\"pl-PL\",\"@id\":\"https:\\\/\\\/www.orthodoxonline.org\\\/theology\\\/saints-and-fathers\\\/groups-and-convoys-of-saints-and-martyrs\\\/ss-the-martyrs-of-cyzicus\\\/#primaryimage\",\"url\":\"https:\\\/\\\/www.orthodoxonline.org\\\/theology\\\/wp-content\\\/uploads\\\/sites\\\/3\\\/2010\\\/04\\\/28_april_theognis_theostichus_rufus_antipatrus_artemas_thaumasius_theodotos_magnus_philimon.jpg\",\"contentUrl\":\"https:\\\/\\\/www.orthodoxonline.org\\\/theology\\\/wp-content\\\/uploads\\\/sites\\\/3\\\/2010\\\/04\\\/28_april_theognis_theostichus_rufus_antipatrus_artemas_thaumasius_theodotos_magnus_philimon.jpg\",\"width\":458,\"height\":650,\"caption\":\"\u0627\u0644\u0642\u062f\u064a\u0633\u0648\u0646 \u0627\u0644\u0634\u0647\u062f\u0627\u0621 \u0628\u062f\u0627\u064a\u0629\u064b \u0645\u0646 \u0627\u0644\u064a\u0633\u0627\u0631 \u0648\u0645\u0646 \u0627\u0644\u0635\u0641 \u0627\u0644\u0623\u0648\u0644: \u0623\u0646\u062a\u064a\u0628\u0627\u062a\u0631\u0648\u0633\u060c \u0627\u0631\u062a\u0627\u0645\u0648\u0646\u060c \u0645\u0627\u063a\u0646\u0648\u0633\u060c \u0641\u064a\u0644\u064a\u0645\u0648\u0646\u060c \u0631\u0648\u0641\u0648\u0633\u060c \u062a\u0648\u0645\u0627\u0633\u064a\u0648\u0633\u060c \u062b\u064a\u0648\u062f\u0648\u062a\u0648\u0633\u060c \u062b\u064a\u0648\u063a\u0646\u064a\u062a\u0648\u0633 \u0648\u062b\u064a\u0648\u0633\u062a\u064a\u0643\u0648\u0633\"},{\"@type\":\"BreadcrumbList\",\"@id\":\"https:\\\/\\\/www.orthodoxonline.org\\\/theology\\\/saints-and-fathers\\\/groups-and-convoys-of-saints-and-martyrs\\\/ss-the-martyrs-of-cyzicus\\\/#breadcrumb\",\"itemListElement\":[{\"@type\":\"ListItem\",\"position\":1,\"name\":\"\u0627\u0644\u0631\u0626\u064a\u0633\u064a\u0629\",\"item\":\"https:\\\/\\\/www.orthodoxonline.org\\\/theology\\\/\"},{\"@type\":\"ListItem\",\"position\":2,\"name\":\"\u0627\u0644\u0622\u0628\u0627\u0621 \u0648\u0627\u0644\u0642\u062f\u064a\u0633\u0648\u0646\",\"item\":\"https:\\\/\\\/www.orthodoxonline.org\\\/theology\\\/saints-and-fathers\\\/\"},{\"@type\":\"ListItem\",\"position\":3,\"name\":\"\u0645\u062c\u0645\u0648\u0639\u0627\u062a \u0645\u0646 \u0627\u0644\u0642\u062f\u064a\u0633\u064a\u0646 \u0648\u0642\u0648\u0627\u0641\u0644 \u0627\u0644\u0634\u0647\u062f\u0627\u0621\",\"item\":\"https:\\\/\\\/www.orthodoxonline.org\\\/theology\\\/saints-and-fathers\\\/groups-and-convoys-of-saints-and-martyrs\\\/\"},{\"@type\":\"ListItem\",\"position\":4,\"name\":\"\u0627\u0644\u0642\u062f\u064a\u0633\u0648\u0646 \u0627\u0644\u0634\u0647\u062f\u0627\u0621 \u0627\u0644\u062a\u0633\u0639\u0629 \u0627\u0644\u0645\u0633\u062a\u0634\u0647\u062f\u0648\u0646 \u0641\u064a \u0643\u064a\u0632\u064a\u0643\u0648\u0633\"}]},{\"@type\":\"WebSite\",\"@id\":\"https:\\\/\\\/www.orthodoxonline.org\\\/theology\\\/#website\",\"url\":\"https:\\\/\\\/www.orthodoxonline.org\\\/theology\\\/\",\"name\":\"\u0623\u0631\u062b\u0648\u0630\u0643\u0633 \u0623\u0648\u0646\u0644\u0627\u064a\u0646\",\"description\":\"\u0625\u064a\u0645\u0627\u0646\u060c \u0639\u0642\u0627\u0626\u062f\u060c \u062a\u0627\u0631\u064a\u062e\u060c \u0644\u064a\u062a\u0648\u0631\u062c\u064a\u0629 \u0648\u062d\u064a\u0627\u0629 \u0627\u0644\u0643\u0646\u064a\u0633\u0629 \u0627\u0644\u0623\u0631\u062b\u0648\u0630\u0643\u0633\u064a\u0629 - \u0627\u0644\u0631\u0648\u0645 \u0627\u0644\u0623\u0631\u062b\u0648\u0630\u0643\u0633\",\"publisher\":{\"@id\":\"https:\\\/\\\/www.orthodoxonline.org\\\/theology\\\/#organization\"},\"alternateName\":\"\u0634\u0628\u0643\u0629 \u0623\u0631\u062b\u0648\u0630\u0643\u0633 \u0623\u0648\u0646\u0644\u0627\u064a\u0646\",\"potentialAction\":[{\"@type\":\"SearchAction\",\"target\":{\"@type\":\"EntryPoint\",\"urlTemplate\":\"https:\\\/\\\/www.orthodoxonline.org\\\/theology\\\/?s={search_term_string}\"},\"query-input\":{\"@type\":\"PropertyValueSpecification\",\"valueRequired\":true,\"valueName\":\"search_term_string\"}}],\"inLanguage\":\"pl-PL\"},{\"@type\":\"Organization\",\"@id\":\"https:\\\/\\\/www.orthodoxonline.org\\\/theology\\\/#organization\",\"name\":\"\u0634\u0628\u0643\u0629 \u0623\u0631\u062b\u0648\u0630\u0643\u0633 \u0623\u0648\u0646\u0644\u0627\u064a\u0646\",\"url\":\"https:\\\/\\\/www.orthodoxonline.org\\\/theology\\\/\",\"logo\":{\"@type\":\"ImageObject\",\"inLanguage\":\"pl-PL\",\"@id\":\"https:\\\/\\\/www.orthodoxonline.org\\\/theology\\\/#\\\/schema\\\/logo\\\/image\\\/\",\"url\":\"https:\\\/\\\/www.orthodoxonline.org\\\/theology\\\/wp-content\\\/uploads\\\/sites\\\/3\\\/2023\\\/07\\\/Logo-Header.png\",\"contentUrl\":\"https:\\\/\\\/www.orthodoxonline.org\\\/theology\\\/wp-content\\\/uploads\\\/sites\\\/3\\\/2023\\\/07\\\/Logo-Header.png\",\"width\":200,\"height\":200,\"caption\":\"\u0634\u0628\u0643\u0629 \u0623\u0631\u062b\u0648\u0630\u0643\u0633 \u0623\u0648\u0646\u0644\u0627\u064a\u0646\"},\"image\":{\"@id\":\"https:\\\/\\\/www.orthodoxonline.org\\\/theology\\\/#\\\/schema\\\/logo\\\/image\\\/\"},\"sameAs\":[\"https:\\\/\\\/facebook.com\\\/orthodoxonline\",\"https:\\\/\\\/x.com\\\/orthodoxonline\",\"https:\\\/\\\/www.instagram.com\\\/orthodoxonline\\\/\",\"https:\\\/\\\/www.youtube.com\\\/orthodoxonline\"],\"foundingDate\":\"2006-09-20\"},{\"@type\":\"Person\",\"@id\":\"https:\\\/\\\/www.orthodoxonline.org\\\/theology\\\/#\\\/schema\\\/person\\\/7c969bd36d032b5175e030a03776ca6a\",\"name\":\"Bashar\",\"image\":{\"@type\":\"ImageObject\",\"inLanguage\":\"pl-PL\",\"@id\":\"https:\\\/\\\/www.orthodoxonline.org\\\/theology\\\/wp-content\\\/litespeed\\\/avatar\\\/3\\\/1eba1ab6a0ab02307b551dbc84ef63b9.jpg?ver=1776851415\",\"url\":\"https:\\\/\\\/www.orthodoxonline.org\\\/theology\\\/wp-content\\\/litespeed\\\/avatar\\\/3\\\/1eba1ab6a0ab02307b551dbc84ef63b9.jpg?ver=1776851415\",\"contentUrl\":\"https:\\\/\\\/www.orthodoxonline.org\\\/theology\\\/wp-content\\\/litespeed\\\/avatar\\\/3\\\/1eba1ab6a0ab02307b551dbc84ef63b9.jpg?ver=1776851415\",\"caption\":\"Bashar\"},\"url\":\"http:\\\/\\\/www.orthodoxonline.org\\\/theology\\\/pl\\\/author\\\/bashar\\\/\"}]}<\/script>\n<!-- \/ Yoast SEO Premium plugin. -->","yoast_head_json":{"title":"Dziewi\u0119ciu \u015awi\u0119tych M\u0119czennik\u00f3w M\u0119czennik\u00f3w w Kyzikos - Grupy \u015bwi\u0119tych i karawany m\u0119czennik\u00f3w - Prawos\u0142awna sie\u0107 internetowa","description":": \u0647\u0645 \u062b\u064a\u0648\u063a\u0646\u064a\u062a\u0648\u0633 \u0648\u0631\u0648\u0641\u0648\u0633 \u0648\u0623\u0646\u062a\u064a\u0628\u0627\u062a\u0631\u0648\u0633 \u0648\u062b\u064a\u0648\u0633\u062a\u064a\u0643\u0648\u0633 \u0648\u0627\u0631\u062a\u0627\u0645\u0648\u0646 \u0648\u0645\u0627\u063a\u0646\u0648\u0633 \u0648\u062b\u064a\u0648\u062f\u0648\u062a\u0648\u0633 \u0648\u062a\u0648\u0645\u0627\u0633\u064a\u0648\u0633 \u0648\u0641\u064a\u0644\u064a\u0645\u0648\u0646. \u062c\u0627\u0624\u0648\u0627 \u0645\u0646 \u0623\u0645\u0643\u0646\u0629 \u0634\u062a\u0651\u0649 \u0648\u062a\u0641\u0627\u0648\u062a\u062a \u0623\u0639\u0645\u0627\u0631\u0647\u0645. \u062a\u0631\u0627\u0648\u062d\u062a \u0645\u0631\u0627\u0643\u0632\u0647\u0645 \u0641\u064a \u0627\u0644\u0645\u062c\u062a\u0645\u0639. \u0645\u0648\u0627\u0636\u064a\u0639 \u0645\u062a\u0635\u0644\u0629: \u0623\u0646\u062a\u064a\u0628\u0627\u062a\u0631\u0648\u0633, \u0627\u0631\u062a\u0627\u0645\u0648\u0646, \u0627\u0644\u0627\u0636\u0637\u0647\u0627\u062f, \u0627\u0644\u0634\u0647\u062f\u0627\u0621, \u0627\u0644\u0642\u062f\u064a\u0633\u0648\u0646, \u062a\u0648\u0645\u0627\u0633\u064a\u0648\u0633, \u062b\u064a\u0648\u062f\u0648\u062a\u0648\u0633, \u062b\u064a\u0648\u0633\u062a\u064a\u0643\u0648\u0633, \u062b\u064a\u0648\u063a\u0646\u064a\u062a\u0648\u0633, \u0631\u0648\u0641\u0648\u0633, \u0641\u064a\u0644\u064a\u0645\u0648\u0646, \u0645\u0627\u063a\u0646\u0648\u0633","robots":{"index":"index","follow":"follow","max-snippet":"max-snippet:-1","max-image-preview":"max-image-preview:large","max-video-preview":"max-video-preview:-1"},"canonical":"https:\/\/www.orthodoxonline.org\/theology\/pl\/saints-and-fathers\/groups-and-convoys-of-saints-and-martyrs\/ss-the-martyrs-of-cyzicus\/","og_locale":"pl_PL","og_type":"article","og_title":"\u0627\u0644\u0642\u062f\u064a\u0633\u0648\u0646 \u0627\u0644\u0634\u0647\u062f\u0627\u0621 \u0627\u0644\u062a\u0633\u0639\u0629 \u0627\u0644\u0645\u0633\u062a\u0634\u0647\u062f\u0648\u0646 \u0641\u064a \u0643\u064a\u0632\u064a\u0643\u0648\u0633 - \u0634\u0628\u0643\u0629 \u0623\u0631\u062b\u0648\u0630\u0643\u0633 \u0623\u0648\u0646\u0644\u0627\u064a\u0646","og_description":":\u0647\u0645 \u062b\u064a\u0648\u063a\u0646\u064a\u062a\u0648\u0633 \u0648\u0631\u0648\u0641\u0648\u0633 \u0648\u0623\u0646\u062a\u064a\u0628\u0627\u062a\u0631\u0648\u0633 \u0648\u062b\u064a\u0648\u0633\u062a\u064a\u0643\u0648\u0633 \u0648\u0627\u0631\u062a\u0627\u0645\u0648\u0646 \u0648\u0645\u0627\u063a\u0646\u0648\u0633 \u0648\u062b\u064a\u0648\u062f\u0648\u062a\u0648\u0633 \u0648\u062a\u0648\u0645\u0627\u0633\u064a\u0648\u0633 \u0648\u0641\u064a\u0644\u064a\u0645\u0648\u0646. \u062c\u0627\u0624\u0648\u0627 \u0645\u0646 \u0623\u0645\u0643\u0646\u0629 \u0634\u062a\u0651\u0649 \u0648\u062a\u0641\u0627\u0648\u062a\u062a \u0623\u0639\u0645\u0627\u0631\u0647\u0645. \u062a\u0631\u0627\u0648\u062d\u062a \u0645\u0631\u0627\u0643\u0632\u0647\u0645 \u0641\u064a \u0627\u0644\u0645\u062c\u062a\u0645\u0639. \u0645\u0648\u0627\u0636\u064a\u0639 \u0645\u062a\u0635\u0644\u0629: \u0623\u0646\u062a\u064a\u0628\u0627\u062a\u0631\u0648\u0633, \u0627\u0631\u062a\u0627\u0645\u0648\u0646, \u0627\u0644\u0627\u0636\u0637\u0647\u0627\u062f, \u0627\u0644\u0634\u0647\u062f\u0627\u0621, \u0627\u0644\u0642\u062f\u064a\u0633\u0648\u0646, \u062a\u0648\u0645\u0627\u0633\u064a\u0648\u0633, \u062b\u064a\u0648\u062f\u0648\u062a\u0648\u0633, \u062b\u064a\u0648\u0633\u062a\u064a\u0643\u0648\u0633, \u062b\u064a\u0648\u063a\u0646\u064a\u062a\u0648\u0633, \u0631\u0648\u0641\u0648\u0633, \u0641\u064a\u0644\u064a\u0645\u0648\u0646, \u0645\u0627\u063a\u0646\u0648\u0633","og_url":"https:\/\/www.orthodoxonline.org\/theology\/pl\/saints-and-fathers\/groups-and-convoys-of-saints-and-martyrs\/ss-the-martyrs-of-cyzicus\/","og_site_name":"\u0634\u0628\u0643\u0629 \u0623\u0631\u062b\u0648\u0630\u0643\u0633 \u0623\u0648\u0646\u0644\u0627\u064a\u0646","article_publisher":"https:\/\/facebook.com\/orthodoxonline","article_published_time":"2010-04-28T20:09:13+00:00","og_image":[{"width":458,"height":650,"url":"https:\/\/www.orthodoxonline.org\/theology\/wp-content\/uploads\/sites\/3\/2010\/04\/28_april_theognis_theostichus_rufus_antipatrus_artemas_thaumasius_theodotos_magnus_philimon.jpg","type":"image\/jpeg"}],"author":"Bashar","twitter_card":"summary_large_image","twitter_creator":"@orthodoxonline","twitter_site":"@orthodoxonline","twitter_misc":{"Napisane przez":"Bashar"},"schema":{"@context":"https:\/\/schema.org","@graph":[{"@type":"Article","@id":"https:\/\/www.orthodoxonline.org\/theology\/saints-and-fathers\/groups-and-convoys-of-saints-and-martyrs\/ss-the-martyrs-of-cyzicus\/#article","isPartOf":{"@id":"https:\/\/www.orthodoxonline.org\/theology\/saints-and-fathers\/groups-and-convoys-of-saints-and-martyrs\/ss-the-martyrs-of-cyzicus\/"},"author":{"name":"Bashar","@id":"https:\/\/www.orthodoxonline.org\/theology\/#\/schema\/person\/7c969bd36d032b5175e030a03776ca6a"},"headline":"\u0627\u0644\u0642\u062f\u064a\u0633\u0648\u0646 \u0627\u0644\u0634\u0647\u062f\u0627\u0621 \u0627\u0644\u062a\u0633\u0639\u0629 \u0627\u0644\u0645\u0633\u062a\u0634\u0647\u062f\u0648\u0646 \u0641\u064a \u0643\u064a\u0632\u064a\u0643\u0648\u0633","datePublished":"2010-04-28T20:09:13+00:00","mainEntityOfPage":{"@id":"https:\/\/www.orthodoxonline.org\/theology\/saints-and-fathers\/groups-and-convoys-of-saints-and-martyrs\/ss-the-martyrs-of-cyzicus\/"},"wordCount":0,"publisher":{"@id":"https:\/\/www.orthodoxonline.org\/theology\/#organization"},"image":{"@id":"https:\/\/www.orthodoxonline.org\/theology\/saints-and-fathers\/groups-and-convoys-of-saints-and-martyrs\/ss-the-martyrs-of-cyzicus\/#primaryimage"},"thumbnailUrl":"https:\/\/www.orthodoxonline.org\/theology\/wp-content\/uploads\/sites\/3\/2010\/04\/28_april_theognis_theostichus_rufus_antipatrus_artemas_thaumasius_theodotos_magnus_philimon.jpg","keywords":["\u0623\u0646\u062a\u064a\u0628\u0627\u062a\u0631\u0648\u0633","\u0627\u0631\u062a\u0627\u0645\u0648\u0646","\u0627\u0644\u0627\u0636\u0637\u0647\u0627\u062f","\u0627\u0644\u0634\u0647\u062f\u0627\u0621","\u0627\u0644\u0642\u062f\u064a\u0633\u0648\u0646","\u062a\u0648\u0645\u0627\u0633\u064a\u0648\u0633","\u062b\u064a\u0648\u062f\u0648\u062a\u0648\u0633","\u062b\u064a\u0648\u0633\u062a\u064a\u0643\u0648\u0633","\u062b\u064a\u0648\u063a\u0646\u064a\u062a\u0648\u0633","\u0631\u0648\u0641\u0648\u0633","\u0641\u064a\u0644\u064a\u0645\u0648\u0646","\u0645\u0627\u063a\u0646\u0648\u0633"],"articleSection":["\u0645\u062c\u0645\u0648\u0639\u0627\u062a \u0645\u0646 \u0627\u0644\u0642\u062f\u064a\u0633\u064a\u0646 \u0648\u0642\u0648\u0627\u0641\u0644 \u0627\u0644\u0634\u0647\u062f\u0627\u0621"],"inLanguage":"pl-PL"},{"@type":"WebPage","@id":"https:\/\/www.orthodoxonline.org\/theology\/saints-and-fathers\/groups-and-convoys-of-saints-and-martyrs\/ss-the-martyrs-of-cyzicus\/","url":"https:\/\/www.orthodoxonline.org\/theology\/saints-and-fathers\/groups-and-convoys-of-saints-and-martyrs\/ss-the-martyrs-of-cyzicus\/","name":"Dziewi\u0119ciu \u015awi\u0119tych M\u0119czennik\u00f3w M\u0119czennik\u00f3w w Kyzikos - Grupy \u015bwi\u0119tych i karawany m\u0119czennik\u00f3w - Prawos\u0142awna sie\u0107 internetowa","isPartOf":{"@id":"https:\/\/www.orthodoxonline.org\/theology\/#website"},"primaryImageOfPage":{"@id":"https:\/\/www.orthodoxonline.org\/theology\/saints-and-fathers\/groups-and-convoys-of-saints-and-martyrs\/ss-the-martyrs-of-cyzicus\/#primaryimage"},"image":{"@id":"https:\/\/www.orthodoxonline.org\/theology\/saints-and-fathers\/groups-and-convoys-of-saints-and-martyrs\/ss-the-martyrs-of-cyzicus\/#primaryimage"},"thumbnailUrl":"https:\/\/www.orthodoxonline.org\/theology\/wp-content\/uploads\/sites\/3\/2010\/04\/28_april_theognis_theostichus_rufus_antipatrus_artemas_thaumasius_theodotos_magnus_philimon.jpg","datePublished":"2010-04-28T20:09:13+00:00","description":": \u0647\u0645 \u062b\u064a\u0648\u063a\u0646\u064a\u062a\u0648\u0633 \u0648\u0631\u0648\u0641\u0648\u0633 \u0648\u0623\u0646\u062a\u064a\u0628\u0627\u062a\u0631\u0648\u0633 \u0648\u062b\u064a\u0648\u0633\u062a\u064a\u0643\u0648\u0633 \u0648\u0627\u0631\u062a\u0627\u0645\u0648\u0646 \u0648\u0645\u0627\u063a\u0646\u0648\u0633 \u0648\u062b\u064a\u0648\u062f\u0648\u062a\u0648\u0633 \u0648\u062a\u0648\u0645\u0627\u0633\u064a\u0648\u0633 \u0648\u0641\u064a\u0644\u064a\u0645\u0648\u0646. \u062c\u0627\u0624\u0648\u0627 \u0645\u0646 \u0623\u0645\u0643\u0646\u0629 \u0634\u062a\u0651\u0649 \u0648\u062a\u0641\u0627\u0648\u062a\u062a \u0623\u0639\u0645\u0627\u0631\u0647\u0645. \u062a\u0631\u0627\u0648\u062d\u062a \u0645\u0631\u0627\u0643\u0632\u0647\u0645 \u0641\u064a \u0627\u0644\u0645\u062c\u062a\u0645\u0639. \u0645\u0648\u0627\u0636\u064a\u0639 \u0645\u062a\u0635\u0644\u0629: \u0623\u0646\u062a\u064a\u0628\u0627\u062a\u0631\u0648\u0633, \u0627\u0631\u062a\u0627\u0645\u0648\u0646, \u0627\u0644\u0627\u0636\u0637\u0647\u0627\u062f, \u0627\u0644\u0634\u0647\u062f\u0627\u0621, \u0627\u0644\u0642\u062f\u064a\u0633\u0648\u0646, \u062a\u0648\u0645\u0627\u0633\u064a\u0648\u0633, \u062b\u064a\u0648\u062f\u0648\u062a\u0648\u0633, \u062b\u064a\u0648\u0633\u062a\u064a\u0643\u0648\u0633, \u062b\u064a\u0648\u063a\u0646\u064a\u062a\u0648\u0633, \u0631\u0648\u0641\u0648\u0633, \u0641\u064a\u0644\u064a\u0645\u0648\u0646, \u0645\u0627\u063a\u0646\u0648\u0633","breadcrumb":{"@id":"https:\/\/www.orthodoxonline.org\/theology\/saints-and-fathers\/groups-and-convoys-of-saints-and-martyrs\/ss-the-martyrs-of-cyzicus\/#breadcrumb"},"inLanguage":"pl-PL","potentialAction":[{"@type":"ReadAction","target":["https:\/\/www.orthodoxonline.org\/theology\/saints-and-fathers\/groups-and-convoys-of-saints-and-martyrs\/ss-the-martyrs-of-cyzicus\/"]}]},{"@type":"ImageObject","inLanguage":"pl-PL","@id":"https:\/\/www.orthodoxonline.org\/theology\/saints-and-fathers\/groups-and-convoys-of-saints-and-martyrs\/ss-the-martyrs-of-cyzicus\/#primaryimage","url":"https:\/\/www.orthodoxonline.org\/theology\/wp-content\/uploads\/sites\/3\/2010\/04\/28_april_theognis_theostichus_rufus_antipatrus_artemas_thaumasius_theodotos_magnus_philimon.jpg","contentUrl":"https:\/\/www.orthodoxonline.org\/theology\/wp-content\/uploads\/sites\/3\/2010\/04\/28_april_theognis_theostichus_rufus_antipatrus_artemas_thaumasius_theodotos_magnus_philimon.jpg","width":458,"height":650,"caption":"\u0627\u0644\u0642\u062f\u064a\u0633\u0648\u0646 \u0627\u0644\u0634\u0647\u062f\u0627\u0621 \u0628\u062f\u0627\u064a\u0629\u064b \u0645\u0646 \u0627\u0644\u064a\u0633\u0627\u0631 \u0648\u0645\u0646 \u0627\u0644\u0635\u0641 \u0627\u0644\u0623\u0648\u0644: \u0623\u0646\u062a\u064a\u0628\u0627\u062a\u0631\u0648\u0633\u060c \u0627\u0631\u062a\u0627\u0645\u0648\u0646\u060c \u0645\u0627\u063a\u0646\u0648\u0633\u060c \u0641\u064a\u0644\u064a\u0645\u0648\u0646\u060c \u0631\u0648\u0641\u0648\u0633\u060c \u062a\u0648\u0645\u0627\u0633\u064a\u0648\u0633\u060c \u062b\u064a\u0648\u062f\u0648\u062a\u0648\u0633\u060c \u062b\u064a\u0648\u063a\u0646\u064a\u062a\u0648\u0633 \u0648\u062b\u064a\u0648\u0633\u062a\u064a\u0643\u0648\u0633"},{"@type":"BreadcrumbList","@id":"https:\/\/www.orthodoxonline.org\/theology\/saints-and-fathers\/groups-and-convoys-of-saints-and-martyrs\/ss-the-martyrs-of-cyzicus\/#breadcrumb","itemListElement":[{"@type":"ListItem","position":1,"name":"\u0627\u0644\u0631\u0626\u064a\u0633\u064a\u0629","item":"https:\/\/www.orthodoxonline.org\/theology\/"},{"@type":"ListItem","position":2,"name":"\u0627\u0644\u0622\u0628\u0627\u0621 \u0648\u0627\u0644\u0642\u062f\u064a\u0633\u0648\u0646","item":"https:\/\/www.orthodoxonline.org\/theology\/saints-and-fathers\/"},{"@type":"ListItem","position":3,"name":"\u0645\u062c\u0645\u0648\u0639\u0627\u062a \u0645\u0646 \u0627\u0644\u0642\u062f\u064a\u0633\u064a\u0646 \u0648\u0642\u0648\u0627\u0641\u0644 \u0627\u0644\u0634\u0647\u062f\u0627\u0621","item":"https:\/\/www.orthodoxonline.org\/theology\/saints-and-fathers\/groups-and-convoys-of-saints-and-martyrs\/"},{"@type":"ListItem","position":4,"name":"\u0627\u0644\u0642\u062f\u064a\u0633\u0648\u0646 \u0627\u0644\u0634\u0647\u062f\u0627\u0621 \u0627\u0644\u062a\u0633\u0639\u0629 \u0627\u0644\u0645\u0633\u062a\u0634\u0647\u062f\u0648\u0646 \u0641\u064a \u0643\u064a\u0632\u064a\u0643\u0648\u0633"}]},{"@type":"WebSite","@id":"https:\/\/www.orthodoxonline.org\/theology\/#website","url":"https:\/\/www.orthodoxonline.org\/theology\/","name":"Prawos\u0142awny w Internecie","description":"Wiara, doktryny, historia, liturgia i \u017cycie Ko\u015bcio\u0142a prawos\u0142awnego \u2013 Greckokatolickiego","publisher":{"@id":"https:\/\/www.orthodoxonline.org\/theology\/#organization"},"alternateName":"\u0634\u0628\u0643\u0629 \u0623\u0631\u062b\u0648\u0630\u0643\u0633 \u0623\u0648\u0646\u0644\u0627\u064a\u0646","potentialAction":[{"@type":"SearchAction","target":{"@type":"EntryPoint","urlTemplate":"https:\/\/www.orthodoxonline.org\/theology\/?s={search_term_string}"},"query-input":{"@type":"PropertyValueSpecification","valueRequired":true,"valueName":"search_term_string"}}],"inLanguage":"pl-PL"},{"@type":"Organization","@id":"https:\/\/www.orthodoxonline.org\/theology\/#organization","name":"Ortodoksyjna sie\u0107 internetowa","url":"https:\/\/www.orthodoxonline.org\/theology\/","logo":{"@type":"ImageObject","inLanguage":"pl-PL","@id":"https:\/\/www.orthodoxonline.org\/theology\/#\/schema\/logo\/image\/","url":"https:\/\/www.orthodoxonline.org\/theology\/wp-content\/uploads\/sites\/3\/2023\/07\/Logo-Header.png","contentUrl":"https:\/\/www.orthodoxonline.org\/theology\/wp-content\/uploads\/sites\/3\/2023\/07\/Logo-Header.png","width":200,"height":200,"caption":"\u0634\u0628\u0643\u0629 \u0623\u0631\u062b\u0648\u0630\u0643\u0633 \u0623\u0648\u0646\u0644\u0627\u064a\u0646"},"image":{"@id":"https:\/\/www.orthodoxonline.org\/theology\/#\/schema\/logo\/image\/"},"sameAs":["https:\/\/facebook.com\/orthodoxonline","https:\/\/x.com\/orthodoxonline","https:\/\/www.instagram.com\/orthodoxonline\/","https:\/\/www.youtube.com\/orthodoxonline"],"foundingDate":"2006-09-20"},{"@type":"Person","@id":"https:\/\/www.orthodoxonline.org\/theology\/#\/schema\/person\/7c969bd36d032b5175e030a03776ca6a","name":"Baszar","image":{"@type":"ImageObject","inLanguage":"pl-PL","@id":"https:\/\/www.orthodoxonline.org\/theology\/wp-content\/litespeed\/avatar\/3\/1eba1ab6a0ab02307b551dbc84ef63b9.jpg?ver=1776851415","url":"https:\/\/www.orthodoxonline.org\/theology\/wp-content\/litespeed\/avatar\/3\/1eba1ab6a0ab02307b551dbc84ef63b9.jpg?ver=1776851415","contentUrl":"https:\/\/www.orthodoxonline.org\/theology\/wp-content\/litespeed\/avatar\/3\/1eba1ab6a0ab02307b551dbc84ef63b9.jpg?ver=1776851415","caption":"Bashar"},"url":"http:\/\/www.orthodoxonline.org\/theology\/pl\/author\/bashar\/"}]}},"wps_subtitle":"","amp_enabled":true,"_links":{"self":[{"href":"http:\/\/www.orthodoxonline.org\/theology\/pl\/wp-json\/wp\/v2\/posts\/2000","targetHints":{"allow":["GET"]}}],"collection":[{"href":"http:\/\/www.orthodoxonline.org\/theology\/pl\/wp-json\/wp\/v2\/posts"}],"about":[{"href":"http:\/\/www.orthodoxonline.org\/theology\/pl\/wp-json\/wp\/v2\/types\/post"}],"author":[{"embeddable":true,"href":"http:\/\/www.orthodoxonline.org\/theology\/pl\/wp-json\/wp\/v2\/users\/83"}],"replies":[{"embeddable":true,"href":"http:\/\/www.orthodoxonline.org\/theology\/pl\/wp-json\/wp\/v2\/comments?post=2000"}],"version-history":[{"count":0,"href":"http:\/\/www.orthodoxonline.org\/theology\/pl\/wp-json\/wp\/v2\/posts\/2000\/revisions"}],"wp:featuredmedia":[{"embeddable":true,"href":"http:\/\/www.orthodoxonline.org\/theology\/pl\/wp-json\/wp\/v2\/media\/1999"}],"wp:attachment":[{"href":"http:\/\/www.orthodoxonline.org\/theology\/pl\/wp-json\/wp\/v2\/media?parent=2000"}],"wp:term":[{"taxonomy":"category","embeddable":true,"href":"http:\/\/www.orthodoxonline.org\/theology\/pl\/wp-json\/wp\/v2\/categories?post=2000"},{"taxonomy":"post_tag","embeddable":true,"href":"http:\/\/www.orthodoxonline.org\/theology\/pl\/wp-json\/wp\/v2\/tags?post=2000"}],"curies":[{"name":"wp","href":"https:\/\/api.w.org\/{rel}","templated":true}]}}