{"id":1041,"date":"2009-06-06T13:21:07","date_gmt":"2009-06-06T13:21:07","guid":{"rendered":"http:\/\/orthodoxonline.org\/theology\/faith-and-theology\/jesus-christ\/the-divinity-nature-and-incarnation\/the-christ-the-son-of-human\/"},"modified":"2009-06-06T13:21:07","modified_gmt":"2009-06-06T13:21:07","slug":"the-christ-the-son-of-human","status":"publish","type":"post","link":"http:\/\/www.orthodoxonline.org\/theology\/pt\/faith-and-theology\/the-son\/the-divinity-nature-and-incarnation\/the-christ-the-son-of-human\/","title":{"rendered":"Cristo, o Filho do Homem"},"content":{"rendered":"<p>Quando alguns querem confirmar que Cristo n\u00e3o era Deus, mas apenas um ser humano, muitas vezes voc\u00ea os v\u00ea recorrendo a vers\u00edculos que O chamam de \u201cFilho do Homem\u201d ou \u201cFilho do Homem\u201d. Estas pessoas ignoram, sem d\u00favida, que este t\u00edtulo inclui um reconhecimento expl\u00edcito de que Cristo \u00e9 Deus, uma vez que este t\u00edtulo se refere na B\u00edblia Sagrada, nos seus dois Testamentos, a um ser divino com forma humana. O t\u00edtulo de Filho do Homem n\u00e3o \u00e9 menos importante que o t\u00edtulo de Filho de Deus, porque os atributos do Filho do Homem tamb\u00e9m s\u00e3o atributos divinos.<\/p>\n<p>  <!--more-->  <\/p>\n<p>Daniel, o Profeta, foi o primeiro a dar este t\u00edtulo a um ser que viria no fim dos tempos para reinar para sempre: \u201cE eu vi nas vis\u00f5es da noite, e eis que algu\u00e9m como o Filho do Homem vinha nas nuvens do c\u00e9u. Eles O adoram, e Sua autoridade \u00e9 eterna e n\u00e3o desaparecer\u00e1, e Seu reino n\u00e3o ser\u00e1 destru\u00eddo (Daniel 7:13-14). A imagem do Senhor vindo nas nuvens \u00e9 uma imagem familiar no Antigo Testamento que indica a presen\u00e7a poderosa do pr\u00f3prio Deus.<\/p>\n<p>Jesus Cristo revelou aos seus disc\u00edpulos que ele \u00e9 o Filho do Homem mencionado no Livro de Daniel, e em seu discurso sobre o fim dos tempos ele usa a mesma imagem encontrada em Daniel, dizendo: \u201cE ent\u00e3o o sinal do Filho do Homem aparecer\u00e1\u201d. aparecer\u00e1 no c\u00e9u, e naquele tempo todas as tribos da terra chorar\u00e3o e ver\u00e3o o Filho do Homem vindo nas nuvens do c\u00e9u com poder e grande majestade\u201d (Mateus 24:30).<br \/>Falar sobre Cristo ser o Filho do Homem est\u00e1 ligado a falar sobre o \u00faltimo dia e o julgamento, pois o Filho do Homem \u00e9 o juiz que julgar\u00e1 os vivos e os mortos.<\/p>\n<p>A conversa sobre o Filho do Homem tamb\u00e9m est\u00e1 ligada \u00e0 conversa sobre o sofrimento salvador do Senhor. Cada vez que Jesus ensinava aos seus disc\u00edpulos sobre a sua morte e ressurrei\u00e7\u00e3o, ele usava o t\u00edtulo de Filho do Homem. (Mateus 20:18-19).<\/p>\n<p>No Evangelho de Jo\u00e3o, a hora da morte na cruz \u00e9 a hora da gl\u00f3ria, e o Filho do Homem \u00e9 aquele que morrer\u00e1 e ser\u00e1 glorificado na sua morte. Na noite em que foi tra\u00eddo, Jesus disse: \u201c Agora o Filho do Homem foi glorificado e Deus foi glorificado nele\u201d (13:31).<\/p>\n<p>Mas esta morte na qual o Filho do Homem glorificar\u00e1 a Deus \u00e9 a mesma que dar\u00e1 a salva\u00e7\u00e3o ao mundo: \u201cE assim como Mois\u00e9s levantou a serpente no deserto, assim importa que o Filho do Homem seja levantado, para que todo aquele que cr\u00ea nele n\u00e3o pere\u00e7a, mas tenha a vida eterna (Jo\u00e3o 3:14-15) Portanto, o Filho do Homem concede a salva\u00e7\u00e3o a todo aquele que nele cr\u00ea, crucificado por ele e para sua salva\u00e7\u00e3o.<\/p>\n<p>A raz\u00e3o pela qual os judeus condenaram Cristo \u00e0 morte foi porque ele lhes disse que era o Filho do Homem. Quando Caif\u00e1s, o sumo sacerdote, lhe perguntou: Voc\u00ea \u00e9 o Cristo, o bendito Filho de Deus? Jesus respondeu-lhe: \u201cEu sou ele, e vereis o Filho do Homem sentado \u00e0 direita do Poder e vindo sobre as nuvens do c\u00e9u\u201d (Marcos 14:61). Ent\u00e3o toda a assembl\u00e9ia judaica o acusou de blasf\u00eamia e o sentenciou \u00e0 morte. Os judeus entenderam que quando Jesus se considerava Filho do Homem, ele se equiparava a Deus, pois este t\u00edtulo se refere a um ser divino que viria do c\u00e9u nas nuvens para restaurar o reino a Israel, mas Cristo decepcionou suas esperan\u00e7as e lhes mostrou um rei diferente do que imaginavam, ent\u00e3o o mataram como o pior dos assassinos.<\/p>\n<p>N\u00e3o h\u00e1 d\u00favida de que a miss\u00e3o principal do Filho do Homem \u00e9 conceder a salva\u00e7\u00e3o a todos os seres humanos, pois \u201co Filho do Homem veio buscar e salvar o que estava perdido\u201d (Lucas 19:10). O Filho do Homem veio, morreu e ressuscitou, cumprindo toda a justi\u00e7a, e nos salvou com seu sangue, e vir\u00e1 no \u00faltimo dia para julgar os vivos e os mortos. Preparemo-nos para esse dia com o que o pr\u00f3prio Jesus tem. desenhados para a nossa salva\u00e7\u00e3o, para que a surpresa n\u00e3o seja uma cat\u00e1strofe que n\u00e3o dure para sempre.<\/p>\n<p style=\"text-align: left;\">Metropolita Youhanna Mansour<br \/>Do boletim da Diocese de Latakia<\/p>","protected":false},"excerpt":{"rendered":"<p>\u0639\u0646\u062f\u0645\u0627 \u064a\u0631\u064a\u062f \u0627\u0644\u0628\u0639\u0636 \u0623\u0646 \u064a\u0624\u0643\u062f \u0623\u0646 \u0627\u0644\u0645\u0633\u064a\u062d \u0644\u0645 \u064a\u0643\u0646 \u0625\u0644\u0647\u0627\u064b \u0628\u0644 \u0643\u0627\u0646 \u0645\u062c\u0631\u0651\u062f \u0625\u0646\u0633\u0627\u0646\u060c \u0643\u062b\u064a\u0631\u0627\u064b \u0645\u0627 \u062a\u0631\u0627\u0647\u0645 \u064a\u0644\u062c\u0623\u0648\u0646 \u0625\u0644\u0649 \u0627\u0644\u0622\u064a\u0627\u062a [&hellip;]<\/p>\n","protected":false},"author":9,"featured_media":3449,"comment_status":"closed","ping_status":"closed","sticky":false,"template":"","format":"standard","meta":{"_relevanssi_hide_post":"","_relevanssi_hide_content":"","_relevanssi_pin_for_all":"","_relevanssi_pin_keywords":"","_relevanssi_unpin_keywords":"","_relevanssi_related_keywords":"","_relevanssi_related_include_ids":"","_relevanssi_related_exclude_ids":"","_relevanssi_related_no_append":"","_relevanssi_related_not_related":"","_relevanssi_related_posts":"1040,1128,1098,721,1172,5014,1132,2544,2881,1169,4993,1065","_relevanssi_noindex_reason":"","site-sidebar-layout":"default","site-content-layout":"","ast-site-content-layout":"default","site-content-style":"default","site-sidebar-style":"default","ast-global-header-display":"","ast-banner-title-visibility":"","ast-main-header-display":"","ast-hfb-above-header-display":"","ast-hfb-below-header-display":"","ast-hfb-mobile-header-display":"","site-post-title":"","ast-breadcrumbs-content":"","ast-featured-img":"","footer-sml-layout":"","ast-disable-related-posts":"","theme-transparent-header-meta":"","adv-header-id-meta":"","stick-header-meta":"","header-above-stick-meta":"","header-main-stick-meta":"","header-below-stick-meta":"","astra-migrate-meta-layouts":"default","ast-page-background-enabled":"default","ast-page-background-meta":{"desktop":{"background-color":"var(--ast-global-color-4)","background-image":"","background-repeat":"repeat","background-position":"center center","background-size":"auto","background-attachment":"scroll","background-type":"","background-media":"","overlay-type":"","overlay-color":"","overlay-opacity":"","overlay-gradient":""},"tablet":{"background-color":"","background-image":"","background-repeat":"repeat","background-position":"center center","background-size":"auto","background-attachment":"scroll","background-type":"","background-media":"","overlay-type":"","overlay-color":"","overlay-opacity":"","overlay-gradient":""},"mobile":{"background-color":"","background-image":"","background-repeat":"repeat","background-position":"center center","background-size":"auto","background-attachment":"scroll","background-type":"","background-media":"","overlay-type":"","overlay-color":"","overlay-opacity":"","overlay-gradient":""}},"ast-content-background-meta":{"desktop":{"background-color":"var(--ast-global-color-5)","background-image":"","background-repeat":"repeat","background-position":"center center","background-size":"auto","background-attachment":"scroll","background-type":"","background-media":"","overlay-type":"","overlay-color":"","overlay-opacity":"","overlay-gradient":""},"tablet":{"background-color":"var(--ast-global-color-5)","background-image":"","background-repeat":"repeat","background-position":"center center","background-size":"auto","background-attachment":"scroll","background-type":"","background-media":"","overlay-type":"","overlay-color":"","overlay-opacity":"","overlay-gradient":""},"mobile":{"background-color":"var(--ast-global-color-5)","background-image":"","background-repeat":"repeat","background-position":"center center","background-size":"auto","background-attachment":"scroll","background-type":"","background-media":"","overlay-type":"","overlay-color":"","overlay-opacity":"","overlay-gradient":""}},"footnotes":""},"categories":[39],"tags":[322,357,2002],"class_list":["post-1041","post","type-post","status-publish","format-standard","has-post-thumbnail","hentry","category-the-divinity-nature-and-incarnation","tag-322","tag-357","tag-2002"],"yoast_head":"<!-- This site is optimized with the Yoast SEO Premium plugin v27.4 (Yoast SEO v27.4) - https:\/\/yoast.com\/product\/yoast-seo-premium-wordpress\/ -->\n<title>\u0627\u0644\u0645\u0633\u064a\u062d \u0627\u0628\u0646 \u0627\u0644\u0628\u0634\u0631 - \u0627\u0628\u0646 \u0627\u0644\u0644\u0647 - \u0627\u0644\u0643\u0644\u0645\u0629 \u0627\u0644\u0645\u062a\u062c\u0633\u062f - \u0634\u0628\u0643\u0629 \u0623\u0631\u062b\u0648\u0630\u0643\u0633 \u0623\u0648\u0646\u0644\u0627\u064a\u0646<\/title>\n<meta name=\"description\" content=\": \u0639\u0646\u062f\u0645\u0627 \u064a\u0631\u064a\u062f \u0627\u0644\u0628\u0639\u0636 \u0623\u0646 \u064a\u0624\u0643\u062f \u0623\u0646 \u0627\u0644\u0645\u0633\u064a\u062d \u0644\u0645 \u064a\u0643\u0646 \u0625\u0644\u0647\u0627\u064b \u0628\u0644 \u0643\u0627\u0646 \u0645\u062c\u0631\u0651\u062f \u0625\u0646\u0633\u0627\u0646\u060c \u0643\u062b\u064a\u0631\u0627\u064b \u0645\u0627 \u062a\u0631\u0627\u0647\u0645 \u064a\u0644\u062c\u0623\u0648\u0646 \u0625\u0644\u0649 \u0627\u0644\u0622\u064a\u0627\u062a \u0627\u0644\u062a\u064a \u062a\u0637\u0644\u0642 \u0639\u0644\u064a\u0647 \u0644\u0642\u0628 &quot;\u0627\u0628\u0646 \u0627\u0644\u0625\u0646\u0633\u0627\u0646&quot; \u0623\u0648 &quot;\u0627\u0628\u0646 \u0627\u0644\u0628\u0634\u0631&quot;.. \u0645\u0648\u0627\u0636\u064a\u0639 \u0645\u062a\u0635\u0644\u0629: \u0623\u0644\u0648\u0647\u064a\u0629 \u0627\u0644\u0645\u0633\u064a\u062d, \u0627\u0628\u0646 \u0627\u0644\u0625\u0646\u0633\u0627\u0646, \u0627\u0628\u0646 \u0627\u0644\u0628\u0634\u0631\" \/>\n<meta name=\"robots\" content=\"index, follow, max-snippet:-1, max-image-preview:large, max-video-preview:-1\" \/>\n<link rel=\"canonical\" href=\"https:\/\/www.orthodoxonline.org\/theology\/pt\/faith-and-theology\/the-son\/the-divinity-nature-and-incarnation\/the-christ-the-son-of-human\/\" \/>\n<meta property=\"og:locale\" content=\"pt_BR\" \/>\n<meta property=\"og:type\" content=\"article\" \/>\n<meta property=\"og:title\" content=\"\u0627\u0644\u0645\u0633\u064a\u062d \u0627\u0628\u0646 \u0627\u0644\u0628\u0634\u0631 - \u0634\u0628\u0643\u0629 \u0623\u0631\u062b\u0648\u0630\u0643\u0633 \u0623\u0648\u0646\u0644\u0627\u064a\u0646\" \/>\n<meta property=\"og:description\" content=\":\u0639\u0646\u062f\u0645\u0627 \u064a\u0631\u064a\u062f \u0627\u0644\u0628\u0639\u0636 \u0623\u0646 \u064a\u0624\u0643\u062f \u0623\u0646 \u0627\u0644\u0645\u0633\u064a\u062d \u0644\u0645 \u064a\u0643\u0646 \u0625\u0644\u0647\u0627\u064b \u0628\u0644 \u0643\u0627\u0646 \u0645\u062c\u0631\u0651\u062f \u0625\u0646\u0633\u0627\u0646\u060c \u0643\u062b\u064a\u0631\u0627\u064b \u0645\u0627 \u062a\u0631\u0627\u0647\u0645 \u064a\u0644\u062c\u0623\u0648\u0646 \u0625\u0644\u0649 \u0627\u0644\u0622\u064a\u0627\u062a \u0627\u0644\u062a\u064a \u062a\u0637\u0644\u0642 \u0639\u0644\u064a\u0647 \u0644\u0642\u0628 &quot;\u0627\u0628\u0646 \u0627\u0644\u0625\u0646\u0633\u0627\u0646&quot; \u0623\u0648 &quot;\u0627\u0628\u0646 \u0627\u0644\u0628\u0634\u0631&quot;.. \u0645\u0648\u0627\u0636\u064a\u0639 \u0645\u062a\u0635\u0644\u0629: \u0623\u0644\u0648\u0647\u064a\u0629 \u0627\u0644\u0645\u0633\u064a\u062d, \u0627\u0628\u0646 \u0627\u0644\u0625\u0646\u0633\u0627\u0646, \u0627\u0628\u0646 \u0627\u0644\u0628\u0634\u0631\" \/>\n<meta property=\"og:url\" content=\"https:\/\/www.orthodoxonline.org\/theology\/pt\/faith-and-theology\/the-son\/the-divinity-nature-and-incarnation\/the-christ-the-son-of-human\/\" \/>\n<meta property=\"og:site_name\" content=\"\u0634\u0628\u0643\u0629 \u0623\u0631\u062b\u0648\u0630\u0643\u0633 \u0623\u0648\u0646\u0644\u0627\u064a\u0646\" \/>\n<meta property=\"article:publisher\" content=\"https:\/\/facebook.com\/orthodoxonline\" \/>\n<meta property=\"article:published_time\" content=\"2009-06-06T13:21:07+00:00\" \/>\n<meta property=\"og:image\" content=\"https:\/\/www.orthodoxonline.org\/theology\/wp-content\/uploads\/sites\/3\/2015\/03\/Orthodoxonline-Logo-Featured-Post.png\" \/>\n\t<meta property=\"og:image:width\" content=\"919\" \/>\n\t<meta property=\"og:image:height\" content=\"400\" \/>\n\t<meta property=\"og:image:type\" content=\"image\/png\" \/>\n<meta name=\"author\" content=\"\u0646\u0634\u0631\u0629 \u0645\u0637\u0631\u0627\u0646\u064a\u0629 \u0627\u0644\u0644\u0627\u0630\u0642\u064a\u0629\" \/>\n<meta name=\"twitter:card\" content=\"summary_large_image\" \/>\n<meta name=\"twitter:creator\" content=\"@orthodoxonline\" \/>\n<meta name=\"twitter:site\" content=\"@orthodoxonline\" \/>\n<meta name=\"twitter:label1\" content=\"Escrito por\" \/>\n\t<meta name=\"twitter:data1\" content=\"\u0646\u0634\u0631\u0629 \u0645\u0637\u0631\u0627\u0646\u064a\u0629 \u0627\u0644\u0644\u0627\u0630\u0642\u064a\u0629\" \/>\n<script type=\"application\/ld+json\" class=\"yoast-schema-graph\">{\"@context\":\"https:\\\/\\\/schema.org\",\"@graph\":[{\"@type\":\"Article\",\"@id\":\"https:\\\/\\\/www.orthodoxonline.org\\\/theology\\\/faith-and-theology\\\/the-son\\\/the-divinity-nature-and-incarnation\\\/the-christ-the-son-of-human\\\/#article\",\"isPartOf\":{\"@id\":\"https:\\\/\\\/www.orthodoxonline.org\\\/theology\\\/faith-and-theology\\\/the-son\\\/the-divinity-nature-and-incarnation\\\/the-christ-the-son-of-human\\\/\"},\"author\":{\"name\":\"\u0646\u0634\u0631\u0629 \u0645\u0637\u0631\u0627\u0646\u064a\u0629 \u0627\u0644\u0644\u0627\u0630\u0642\u064a\u0629\",\"@id\":\"https:\\\/\\\/www.orthodoxonline.org\\\/theology\\\/#\\\/schema\\\/person\\\/deffb82692f10a9476f9e2f1c8474572\"},\"headline\":\"\u0627\u0644\u0645\u0633\u064a\u062d \u0627\u0628\u0646 \u0627\u0644\u0628\u0634\u0631\",\"datePublished\":\"2009-06-06T13:21:07+00:00\",\"mainEntityOfPage\":{\"@id\":\"https:\\\/\\\/www.orthodoxonline.org\\\/theology\\\/faith-and-theology\\\/the-son\\\/the-divinity-nature-and-incarnation\\\/the-christ-the-son-of-human\\\/\"},\"wordCount\":4,\"publisher\":{\"@id\":\"https:\\\/\\\/www.orthodoxonline.org\\\/theology\\\/#organization\"},\"image\":{\"@id\":\"https:\\\/\\\/www.orthodoxonline.org\\\/theology\\\/faith-and-theology\\\/the-son\\\/the-divinity-nature-and-incarnation\\\/the-christ-the-son-of-human\\\/#primaryimage\"},\"thumbnailUrl\":\"https:\\\/\\\/www.orthodoxonline.org\\\/theology\\\/wp-content\\\/uploads\\\/sites\\\/3\\\/2015\\\/03\\\/Orthodoxonline-Logo-Featured-Post.png\",\"keywords\":[\"\u0623\u0644\u0648\u0647\u064a\u0629 \u0627\u0644\u0645\u0633\u064a\u062d\",\"\u0627\u0628\u0646 \u0627\u0644\u0625\u0646\u0633\u0627\u0646\",\"\u0627\u0628\u0646 \u0627\u0644\u0628\u0634\u0631\"],\"articleSection\":[\"\u0627\u0628\u0646 \u0627\u0644\u0644\u0647 - \u0627\u0644\u0643\u0644\u0645\u0629 \u0627\u0644\u0645\u062a\u062c\u0633\u062f\"],\"inLanguage\":\"pt-BR\"},{\"@type\":\"WebPage\",\"@id\":\"https:\\\/\\\/www.orthodoxonline.org\\\/theology\\\/faith-and-theology\\\/the-son\\\/the-divinity-nature-and-incarnation\\\/the-christ-the-son-of-human\\\/\",\"url\":\"https:\\\/\\\/www.orthodoxonline.org\\\/theology\\\/faith-and-theology\\\/the-son\\\/the-divinity-nature-and-incarnation\\\/the-christ-the-son-of-human\\\/\",\"name\":\"\u0627\u0644\u0645\u0633\u064a\u062d \u0627\u0628\u0646 \u0627\u0644\u0628\u0634\u0631 - \u0627\u0628\u0646 \u0627\u0644\u0644\u0647 - \u0627\u0644\u0643\u0644\u0645\u0629 \u0627\u0644\u0645\u062a\u062c\u0633\u062f - \u0634\u0628\u0643\u0629 \u0623\u0631\u062b\u0648\u0630\u0643\u0633 \u0623\u0648\u0646\u0644\u0627\u064a\u0646\",\"isPartOf\":{\"@id\":\"https:\\\/\\\/www.orthodoxonline.org\\\/theology\\\/#website\"},\"primaryImageOfPage\":{\"@id\":\"https:\\\/\\\/www.orthodoxonline.org\\\/theology\\\/faith-and-theology\\\/the-son\\\/the-divinity-nature-and-incarnation\\\/the-christ-the-son-of-human\\\/#primaryimage\"},\"image\":{\"@id\":\"https:\\\/\\\/www.orthodoxonline.org\\\/theology\\\/faith-and-theology\\\/the-son\\\/the-divinity-nature-and-incarnation\\\/the-christ-the-son-of-human\\\/#primaryimage\"},\"thumbnailUrl\":\"https:\\\/\\\/www.orthodoxonline.org\\\/theology\\\/wp-content\\\/uploads\\\/sites\\\/3\\\/2015\\\/03\\\/Orthodoxonline-Logo-Featured-Post.png\",\"datePublished\":\"2009-06-06T13:21:07+00:00\",\"description\":\": \u0639\u0646\u062f\u0645\u0627 \u064a\u0631\u064a\u062f \u0627\u0644\u0628\u0639\u0636 \u0623\u0646 \u064a\u0624\u0643\u062f \u0623\u0646 \u0627\u0644\u0645\u0633\u064a\u062d \u0644\u0645 \u064a\u0643\u0646 \u0625\u0644\u0647\u0627\u064b \u0628\u0644 \u0643\u0627\u0646 \u0645\u062c\u0631\u0651\u062f \u0625\u0646\u0633\u0627\u0646\u060c \u0643\u062b\u064a\u0631\u0627\u064b \u0645\u0627 \u062a\u0631\u0627\u0647\u0645 \u064a\u0644\u062c\u0623\u0648\u0646 \u0625\u0644\u0649 \u0627\u0644\u0622\u064a\u0627\u062a \u0627\u0644\u062a\u064a \u062a\u0637\u0644\u0642 \u0639\u0644\u064a\u0647 \u0644\u0642\u0628 \\\"\u0627\u0628\u0646 \u0627\u0644\u0625\u0646\u0633\u0627\u0646\\\" \u0623\u0648 \\\"\u0627\u0628\u0646 \u0627\u0644\u0628\u0634\u0631\\\".. \u0645\u0648\u0627\u0636\u064a\u0639 \u0645\u062a\u0635\u0644\u0629: \u0623\u0644\u0648\u0647\u064a\u0629 \u0627\u0644\u0645\u0633\u064a\u062d, \u0627\u0628\u0646 \u0627\u0644\u0625\u0646\u0633\u0627\u0646, \u0627\u0628\u0646 \u0627\u0644\u0628\u0634\u0631\",\"breadcrumb\":{\"@id\":\"https:\\\/\\\/www.orthodoxonline.org\\\/theology\\\/faith-and-theology\\\/the-son\\\/the-divinity-nature-and-incarnation\\\/the-christ-the-son-of-human\\\/#breadcrumb\"},\"inLanguage\":\"pt-BR\",\"potentialAction\":[{\"@type\":\"ReadAction\",\"target\":[\"https:\\\/\\\/www.orthodoxonline.org\\\/theology\\\/faith-and-theology\\\/the-son\\\/the-divinity-nature-and-incarnation\\\/the-christ-the-son-of-human\\\/\"]}]},{\"@type\":\"ImageObject\",\"inLanguage\":\"pt-BR\",\"@id\":\"https:\\\/\\\/www.orthodoxonline.org\\\/theology\\\/faith-and-theology\\\/the-son\\\/the-divinity-nature-and-incarnation\\\/the-christ-the-son-of-human\\\/#primaryimage\",\"url\":\"https:\\\/\\\/www.orthodoxonline.org\\\/theology\\\/wp-content\\\/uploads\\\/sites\\\/3\\\/2015\\\/03\\\/Orthodoxonline-Logo-Featured-Post.png\",\"contentUrl\":\"https:\\\/\\\/www.orthodoxonline.org\\\/theology\\\/wp-content\\\/uploads\\\/sites\\\/3\\\/2015\\\/03\\\/Orthodoxonline-Logo-Featured-Post.png\",\"width\":919,\"height\":400},{\"@type\":\"BreadcrumbList\",\"@id\":\"https:\\\/\\\/www.orthodoxonline.org\\\/theology\\\/faith-and-theology\\\/the-son\\\/the-divinity-nature-and-incarnation\\\/the-christ-the-son-of-human\\\/#breadcrumb\",\"itemListElement\":[{\"@type\":\"ListItem\",\"position\":1,\"name\":\"\u0627\u0644\u0631\u0626\u064a\u0633\u064a\u0629\",\"item\":\"https:\\\/\\\/www.orthodoxonline.org\\\/theology\\\/\"},{\"@type\":\"ListItem\",\"position\":2,\"name\":\"\u0627\u0644\u0625\u064a\u0645\u0627\u0646 \u0648\u0627\u0644\u0644\u0627\u0647\u0648\u062a \u0627\u0644\u0623\u0631\u062b\u0648\u0630\u0643\u0633\u064a\",\"item\":\"https:\\\/\\\/www.orthodoxonline.org\\\/theology\\\/faith-and-theology\\\/\"},{\"@type\":\"ListItem\",\"position\":3,\"name\":\"\u0627\u0642\u0646\u0648\u0645 \u0627\u0644\u0627\u0628\u0646\",\"item\":\"https:\\\/\\\/www.orthodoxonline.org\\\/theology\\\/faith-and-theology\\\/the-son\\\/\"},{\"@type\":\"ListItem\",\"position\":4,\"name\":\"\u0627\u0628\u0646 \u0627\u0644\u0644\u0647 - \u0627\u0644\u0643\u0644\u0645\u0629 \u0627\u0644\u0645\u062a\u062c\u0633\u062f\",\"item\":\"https:\\\/\\\/www.orthodoxonline.org\\\/theology\\\/faith-and-theology\\\/the-son\\\/the-divinity-nature-and-incarnation\\\/\"},{\"@type\":\"ListItem\",\"position\":5,\"name\":\"\u0627\u0644\u0645\u0633\u064a\u062d \u0627\u0628\u0646 \u0627\u0644\u0628\u0634\u0631\"}]},{\"@type\":\"WebSite\",\"@id\":\"https:\\\/\\\/www.orthodoxonline.org\\\/theology\\\/#website\",\"url\":\"https:\\\/\\\/www.orthodoxonline.org\\\/theology\\\/\",\"name\":\"\u0623\u0631\u062b\u0648\u0630\u0643\u0633 \u0623\u0648\u0646\u0644\u0627\u064a\u0646\",\"description\":\"\u0625\u064a\u0645\u0627\u0646\u060c \u0639\u0642\u0627\u0626\u062f\u060c \u062a\u0627\u0631\u064a\u062e\u060c \u0644\u064a\u062a\u0648\u0631\u062c\u064a\u0629 \u0648\u062d\u064a\u0627\u0629 \u0627\u0644\u0643\u0646\u064a\u0633\u0629 \u0627\u0644\u0623\u0631\u062b\u0648\u0630\u0643\u0633\u064a\u0629 - \u0627\u0644\u0631\u0648\u0645 \u0627\u0644\u0623\u0631\u062b\u0648\u0630\u0643\u0633\",\"publisher\":{\"@id\":\"https:\\\/\\\/www.orthodoxonline.org\\\/theology\\\/#organization\"},\"alternateName\":\"\u0634\u0628\u0643\u0629 \u0623\u0631\u062b\u0648\u0630\u0643\u0633 \u0623\u0648\u0646\u0644\u0627\u064a\u0646\",\"potentialAction\":[{\"@type\":\"SearchAction\",\"target\":{\"@type\":\"EntryPoint\",\"urlTemplate\":\"https:\\\/\\\/www.orthodoxonline.org\\\/theology\\\/?s={search_term_string}\"},\"query-input\":{\"@type\":\"PropertyValueSpecification\",\"valueRequired\":true,\"valueName\":\"search_term_string\"}}],\"inLanguage\":\"pt-BR\"},{\"@type\":\"Organization\",\"@id\":\"https:\\\/\\\/www.orthodoxonline.org\\\/theology\\\/#organization\",\"name\":\"\u0634\u0628\u0643\u0629 \u0623\u0631\u062b\u0648\u0630\u0643\u0633 \u0623\u0648\u0646\u0644\u0627\u064a\u0646\",\"url\":\"https:\\\/\\\/www.orthodoxonline.org\\\/theology\\\/\",\"logo\":{\"@type\":\"ImageObject\",\"inLanguage\":\"pt-BR\",\"@id\":\"https:\\\/\\\/www.orthodoxonline.org\\\/theology\\\/#\\\/schema\\\/logo\\\/image\\\/\",\"url\":\"https:\\\/\\\/www.orthodoxonline.org\\\/theology\\\/wp-content\\\/uploads\\\/sites\\\/3\\\/2023\\\/07\\\/Logo-Header.png\",\"contentUrl\":\"https:\\\/\\\/www.orthodoxonline.org\\\/theology\\\/wp-content\\\/uploads\\\/sites\\\/3\\\/2023\\\/07\\\/Logo-Header.png\",\"width\":200,\"height\":200,\"caption\":\"\u0634\u0628\u0643\u0629 \u0623\u0631\u062b\u0648\u0630\u0643\u0633 \u0623\u0648\u0646\u0644\u0627\u064a\u0646\"},\"image\":{\"@id\":\"https:\\\/\\\/www.orthodoxonline.org\\\/theology\\\/#\\\/schema\\\/logo\\\/image\\\/\"},\"sameAs\":[\"https:\\\/\\\/facebook.com\\\/orthodoxonline\",\"https:\\\/\\\/x.com\\\/orthodoxonline\",\"https:\\\/\\\/www.instagram.com\\\/orthodoxonline\\\/\",\"https:\\\/\\\/www.youtube.com\\\/orthodoxonline\"],\"foundingDate\":\"2006-09-20\"},{\"@type\":\"Person\",\"@id\":\"https:\\\/\\\/www.orthodoxonline.org\\\/theology\\\/#\\\/schema\\\/person\\\/deffb82692f10a9476f9e2f1c8474572\",\"name\":\"\u0646\u0634\u0631\u0629 \u0645\u0637\u0631\u0627\u0646\u064a\u0629 \u0627\u0644\u0644\u0627\u0630\u0642\u064a\u0629\",\"image\":{\"@type\":\"ImageObject\",\"inLanguage\":\"pt-BR\",\"@id\":\"https:\\\/\\\/www.orthodoxonline.org\\\/theology\\\/wp-content\\\/litespeed\\\/avatar\\\/3\\\/9b598a4339bf6e4af55cbb0002a30d6b.jpg?ver=1776870467\",\"url\":\"https:\\\/\\\/www.orthodoxonline.org\\\/theology\\\/wp-content\\\/litespeed\\\/avatar\\\/3\\\/9b598a4339bf6e4af55cbb0002a30d6b.jpg?ver=1776870467\",\"contentUrl\":\"https:\\\/\\\/www.orthodoxonline.org\\\/theology\\\/wp-content\\\/litespeed\\\/avatar\\\/3\\\/9b598a4339bf6e4af55cbb0002a30d6b.jpg?ver=1776870467\",\"caption\":\"\u0646\u0634\u0631\u0629 \u0645\u0637\u0631\u0627\u0646\u064a\u0629 \u0627\u0644\u0644\u0627\u0630\u0642\u064a\u0629\"},\"url\":\"http:\\\/\\\/www.orthodoxonline.org\\\/theology\\\/pt\\\/author\\\/latakia\\\/\"}]}<\/script>\n<!-- \/ Yoast SEO Premium plugin. -->","yoast_head_json":{"title":"Cristo, o Filho do Homem - o Filho de Deus - o Verbo Encarnado - Rede Ortodoxa Online","description":": \u0639\u0646\u062f\u0645\u0627 \u064a\u0631\u064a\u062f \u0627\u0644\u0628\u0639\u0636 \u0623\u0646 \u064a\u0624\u0643\u062f \u0623\u0646 \u0627\u0644\u0645\u0633\u064a\u062d \u0644\u0645 \u064a\u0643\u0646 \u0625\u0644\u0647\u0627\u064b \u0628\u0644 \u0643\u0627\u0646 \u0645\u062c\u0631\u0651\u062f \u0625\u0646\u0633\u0627\u0646\u060c \u0643\u062b\u064a\u0631\u0627\u064b \u0645\u0627 \u062a\u0631\u0627\u0647\u0645 \u064a\u0644\u062c\u0623\u0648\u0646 \u0625\u0644\u0649 \u0627\u0644\u0622\u064a\u0627\u062a \u0627\u0644\u062a\u064a \u062a\u0637\u0644\u0642 \u0639\u0644\u064a\u0647 \u0644\u0642\u0628 \"\u0627\u0628\u0646 \u0627\u0644\u0625\u0646\u0633\u0627\u0646\" \u0623\u0648 \"\u0627\u0628\u0646 \u0627\u0644\u0628\u0634\u0631\".. \u0645\u0648\u0627\u0636\u064a\u0639 \u0645\u062a\u0635\u0644\u0629: \u0623\u0644\u0648\u0647\u064a\u0629 \u0627\u0644\u0645\u0633\u064a\u062d, \u0627\u0628\u0646 \u0627\u0644\u0625\u0646\u0633\u0627\u0646, \u0627\u0628\u0646 \u0627\u0644\u0628\u0634\u0631","robots":{"index":"index","follow":"follow","max-snippet":"max-snippet:-1","max-image-preview":"max-image-preview:large","max-video-preview":"max-video-preview:-1"},"canonical":"https:\/\/www.orthodoxonline.org\/theology\/pt\/faith-and-theology\/the-son\/the-divinity-nature-and-incarnation\/the-christ-the-son-of-human\/","og_locale":"pt_BR","og_type":"article","og_title":"\u0627\u0644\u0645\u0633\u064a\u062d \u0627\u0628\u0646 \u0627\u0644\u0628\u0634\u0631 - \u0634\u0628\u0643\u0629 \u0623\u0631\u062b\u0648\u0630\u0643\u0633 \u0623\u0648\u0646\u0644\u0627\u064a\u0646","og_description":":\u0639\u0646\u062f\u0645\u0627 \u064a\u0631\u064a\u062f \u0627\u0644\u0628\u0639\u0636 \u0623\u0646 \u064a\u0624\u0643\u062f \u0623\u0646 \u0627\u0644\u0645\u0633\u064a\u062d \u0644\u0645 \u064a\u0643\u0646 \u0625\u0644\u0647\u0627\u064b \u0628\u0644 \u0643\u0627\u0646 \u0645\u062c\u0631\u0651\u062f \u0625\u0646\u0633\u0627\u0646\u060c \u0643\u062b\u064a\u0631\u0627\u064b \u0645\u0627 \u062a\u0631\u0627\u0647\u0645 \u064a\u0644\u062c\u0623\u0648\u0646 \u0625\u0644\u0649 \u0627\u0644\u0622\u064a\u0627\u062a \u0627\u0644\u062a\u064a \u062a\u0637\u0644\u0642 \u0639\u0644\u064a\u0647 \u0644\u0642\u0628 \"\u0627\u0628\u0646 \u0627\u0644\u0625\u0646\u0633\u0627\u0646\" \u0623\u0648 \"\u0627\u0628\u0646 \u0627\u0644\u0628\u0634\u0631\".. \u0645\u0648\u0627\u0636\u064a\u0639 \u0645\u062a\u0635\u0644\u0629: \u0623\u0644\u0648\u0647\u064a\u0629 \u0627\u0644\u0645\u0633\u064a\u062d, \u0627\u0628\u0646 \u0627\u0644\u0625\u0646\u0633\u0627\u0646, \u0627\u0628\u0646 \u0627\u0644\u0628\u0634\u0631","og_url":"https:\/\/www.orthodoxonline.org\/theology\/pt\/faith-and-theology\/the-son\/the-divinity-nature-and-incarnation\/the-christ-the-son-of-human\/","og_site_name":"\u0634\u0628\u0643\u0629 \u0623\u0631\u062b\u0648\u0630\u0643\u0633 \u0623\u0648\u0646\u0644\u0627\u064a\u0646","article_publisher":"https:\/\/facebook.com\/orthodoxonline","article_published_time":"2009-06-06T13:21:07+00:00","og_image":[{"width":919,"height":400,"url":"https:\/\/www.orthodoxonline.org\/theology\/wp-content\/uploads\/sites\/3\/2015\/03\/Orthodoxonline-Logo-Featured-Post.png","type":"image\/png"}],"author":"\u0646\u0634\u0631\u0629 \u0645\u0637\u0631\u0627\u0646\u064a\u0629 \u0627\u0644\u0644\u0627\u0630\u0642\u064a\u0629","twitter_card":"summary_large_image","twitter_creator":"@orthodoxonline","twitter_site":"@orthodoxonline","twitter_misc":{"Escrito por":"\u0646\u0634\u0631\u0629 \u0645\u0637\u0631\u0627\u0646\u064a\u0629 \u0627\u0644\u0644\u0627\u0630\u0642\u064a\u0629"},"schema":{"@context":"https:\/\/schema.org","@graph":[{"@type":"Article","@id":"https:\/\/www.orthodoxonline.org\/theology\/faith-and-theology\/the-son\/the-divinity-nature-and-incarnation\/the-christ-the-son-of-human\/#article","isPartOf":{"@id":"https:\/\/www.orthodoxonline.org\/theology\/faith-and-theology\/the-son\/the-divinity-nature-and-incarnation\/the-christ-the-son-of-human\/"},"author":{"name":"\u0646\u0634\u0631\u0629 \u0645\u0637\u0631\u0627\u0646\u064a\u0629 \u0627\u0644\u0644\u0627\u0630\u0642\u064a\u0629","@id":"https:\/\/www.orthodoxonline.org\/theology\/#\/schema\/person\/deffb82692f10a9476f9e2f1c8474572"},"headline":"\u0627\u0644\u0645\u0633\u064a\u062d \u0627\u0628\u0646 \u0627\u0644\u0628\u0634\u0631","datePublished":"2009-06-06T13:21:07+00:00","mainEntityOfPage":{"@id":"https:\/\/www.orthodoxonline.org\/theology\/faith-and-theology\/the-son\/the-divinity-nature-and-incarnation\/the-christ-the-son-of-human\/"},"wordCount":4,"publisher":{"@id":"https:\/\/www.orthodoxonline.org\/theology\/#organization"},"image":{"@id":"https:\/\/www.orthodoxonline.org\/theology\/faith-and-theology\/the-son\/the-divinity-nature-and-incarnation\/the-christ-the-son-of-human\/#primaryimage"},"thumbnailUrl":"https:\/\/www.orthodoxonline.org\/theology\/wp-content\/uploads\/sites\/3\/2015\/03\/Orthodoxonline-Logo-Featured-Post.png","keywords":["\u0623\u0644\u0648\u0647\u064a\u0629 \u0627\u0644\u0645\u0633\u064a\u062d","\u0627\u0628\u0646 \u0627\u0644\u0625\u0646\u0633\u0627\u0646","\u0627\u0628\u0646 \u0627\u0644\u0628\u0634\u0631"],"articleSection":["\u0627\u0628\u0646 \u0627\u0644\u0644\u0647 - \u0627\u0644\u0643\u0644\u0645\u0629 \u0627\u0644\u0645\u062a\u062c\u0633\u062f"],"inLanguage":"pt-BR"},{"@type":"WebPage","@id":"https:\/\/www.orthodoxonline.org\/theology\/faith-and-theology\/the-son\/the-divinity-nature-and-incarnation\/the-christ-the-son-of-human\/","url":"https:\/\/www.orthodoxonline.org\/theology\/faith-and-theology\/the-son\/the-divinity-nature-and-incarnation\/the-christ-the-son-of-human\/","name":"Cristo, o Filho do Homem - o Filho de Deus - o Verbo Encarnado - Rede Ortodoxa Online","isPartOf":{"@id":"https:\/\/www.orthodoxonline.org\/theology\/#website"},"primaryImageOfPage":{"@id":"https:\/\/www.orthodoxonline.org\/theology\/faith-and-theology\/the-son\/the-divinity-nature-and-incarnation\/the-christ-the-son-of-human\/#primaryimage"},"image":{"@id":"https:\/\/www.orthodoxonline.org\/theology\/faith-and-theology\/the-son\/the-divinity-nature-and-incarnation\/the-christ-the-son-of-human\/#primaryimage"},"thumbnailUrl":"https:\/\/www.orthodoxonline.org\/theology\/wp-content\/uploads\/sites\/3\/2015\/03\/Orthodoxonline-Logo-Featured-Post.png","datePublished":"2009-06-06T13:21:07+00:00","description":": \u0639\u0646\u062f\u0645\u0627 \u064a\u0631\u064a\u062f \u0627\u0644\u0628\u0639\u0636 \u0623\u0646 \u064a\u0624\u0643\u062f \u0623\u0646 \u0627\u0644\u0645\u0633\u064a\u062d \u0644\u0645 \u064a\u0643\u0646 \u0625\u0644\u0647\u0627\u064b \u0628\u0644 \u0643\u0627\u0646 \u0645\u062c\u0631\u0651\u062f \u0625\u0646\u0633\u0627\u0646\u060c \u0643\u062b\u064a\u0631\u0627\u064b \u0645\u0627 \u062a\u0631\u0627\u0647\u0645 \u064a\u0644\u062c\u0623\u0648\u0646 \u0625\u0644\u0649 \u0627\u0644\u0622\u064a\u0627\u062a \u0627\u0644\u062a\u064a \u062a\u0637\u0644\u0642 \u0639\u0644\u064a\u0647 \u0644\u0642\u0628 \"\u0627\u0628\u0646 \u0627\u0644\u0625\u0646\u0633\u0627\u0646\" \u0623\u0648 \"\u0627\u0628\u0646 \u0627\u0644\u0628\u0634\u0631\".. \u0645\u0648\u0627\u0636\u064a\u0639 \u0645\u062a\u0635\u0644\u0629: \u0623\u0644\u0648\u0647\u064a\u0629 \u0627\u0644\u0645\u0633\u064a\u062d, \u0627\u0628\u0646 \u0627\u0644\u0625\u0646\u0633\u0627\u0646, \u0627\u0628\u0646 \u0627\u0644\u0628\u0634\u0631","breadcrumb":{"@id":"https:\/\/www.orthodoxonline.org\/theology\/faith-and-theology\/the-son\/the-divinity-nature-and-incarnation\/the-christ-the-son-of-human\/#breadcrumb"},"inLanguage":"pt-BR","potentialAction":[{"@type":"ReadAction","target":["https:\/\/www.orthodoxonline.org\/theology\/faith-and-theology\/the-son\/the-divinity-nature-and-incarnation\/the-christ-the-son-of-human\/"]}]},{"@type":"ImageObject","inLanguage":"pt-BR","@id":"https:\/\/www.orthodoxonline.org\/theology\/faith-and-theology\/the-son\/the-divinity-nature-and-incarnation\/the-christ-the-son-of-human\/#primaryimage","url":"https:\/\/www.orthodoxonline.org\/theology\/wp-content\/uploads\/sites\/3\/2015\/03\/Orthodoxonline-Logo-Featured-Post.png","contentUrl":"https:\/\/www.orthodoxonline.org\/theology\/wp-content\/uploads\/sites\/3\/2015\/03\/Orthodoxonline-Logo-Featured-Post.png","width":919,"height":400},{"@type":"BreadcrumbList","@id":"https:\/\/www.orthodoxonline.org\/theology\/faith-and-theology\/the-son\/the-divinity-nature-and-incarnation\/the-christ-the-son-of-human\/#breadcrumb","itemListElement":[{"@type":"ListItem","position":1,"name":"\u0627\u0644\u0631\u0626\u064a\u0633\u064a\u0629","item":"https:\/\/www.orthodoxonline.org\/theology\/"},{"@type":"ListItem","position":2,"name":"\u0627\u0644\u0625\u064a\u0645\u0627\u0646 \u0648\u0627\u0644\u0644\u0627\u0647\u0648\u062a \u0627\u0644\u0623\u0631\u062b\u0648\u0630\u0643\u0633\u064a","item":"https:\/\/www.orthodoxonline.org\/theology\/faith-and-theology\/"},{"@type":"ListItem","position":3,"name":"\u0627\u0642\u0646\u0648\u0645 \u0627\u0644\u0627\u0628\u0646","item":"https:\/\/www.orthodoxonline.org\/theology\/faith-and-theology\/the-son\/"},{"@type":"ListItem","position":4,"name":"\u0627\u0628\u0646 \u0627\u0644\u0644\u0647 - \u0627\u0644\u0643\u0644\u0645\u0629 \u0627\u0644\u0645\u062a\u062c\u0633\u062f","item":"https:\/\/www.orthodoxonline.org\/theology\/faith-and-theology\/the-son\/the-divinity-nature-and-incarnation\/"},{"@type":"ListItem","position":5,"name":"\u0627\u0644\u0645\u0633\u064a\u062d \u0627\u0628\u0646 \u0627\u0644\u0628\u0634\u0631"}]},{"@type":"WebSite","@id":"https:\/\/www.orthodoxonline.org\/theology\/#website","url":"https:\/\/www.orthodoxonline.org\/theology\/","name":"Ortodoxo On-line","description":"F\u00e9, doutrinas, hist\u00f3ria, liturgia e vida da Igreja Ortodoxa Grega.","publisher":{"@id":"https:\/\/www.orthodoxonline.org\/theology\/#organization"},"alternateName":"\u0634\u0628\u0643\u0629 \u0623\u0631\u062b\u0648\u0630\u0643\u0633 \u0623\u0648\u0646\u0644\u0627\u064a\u0646","potentialAction":[{"@type":"SearchAction","target":{"@type":"EntryPoint","urlTemplate":"https:\/\/www.orthodoxonline.org\/theology\/?s={search_term_string}"},"query-input":{"@type":"PropertyValueSpecification","valueRequired":true,"valueName":"search_term_string"}}],"inLanguage":"pt-BR"},{"@type":"Organization","@id":"https:\/\/www.orthodoxonline.org\/theology\/#organization","name":"Rede Online Ortodoxa","url":"https:\/\/www.orthodoxonline.org\/theology\/","logo":{"@type":"ImageObject","inLanguage":"pt-BR","@id":"https:\/\/www.orthodoxonline.org\/theology\/#\/schema\/logo\/image\/","url":"https:\/\/www.orthodoxonline.org\/theology\/wp-content\/uploads\/sites\/3\/2023\/07\/Logo-Header.png","contentUrl":"https:\/\/www.orthodoxonline.org\/theology\/wp-content\/uploads\/sites\/3\/2023\/07\/Logo-Header.png","width":200,"height":200,"caption":"\u0634\u0628\u0643\u0629 \u0623\u0631\u062b\u0648\u0630\u0643\u0633 \u0623\u0648\u0646\u0644\u0627\u064a\u0646"},"image":{"@id":"https:\/\/www.orthodoxonline.org\/theology\/#\/schema\/logo\/image\/"},"sameAs":["https:\/\/facebook.com\/orthodoxonline","https:\/\/x.com\/orthodoxonline","https:\/\/www.instagram.com\/orthodoxonline\/","https:\/\/www.youtube.com\/orthodoxonline"],"foundingDate":"2006-09-20"},{"@type":"Person","@id":"https:\/\/www.orthodoxonline.org\/theology\/#\/schema\/person\/deffb82692f10a9476f9e2f1c8474572","name":"Boletim do Arcebispado de Lattakia","image":{"@type":"ImageObject","inLanguage":"pt-BR","@id":"https:\/\/www.orthodoxonline.org\/theology\/wp-content\/litespeed\/avatar\/3\/9b598a4339bf6e4af55cbb0002a30d6b.jpg?ver=1776870467","url":"https:\/\/www.orthodoxonline.org\/theology\/wp-content\/litespeed\/avatar\/3\/9b598a4339bf6e4af55cbb0002a30d6b.jpg?ver=1776870467","contentUrl":"https:\/\/www.orthodoxonline.org\/theology\/wp-content\/litespeed\/avatar\/3\/9b598a4339bf6e4af55cbb0002a30d6b.jpg?ver=1776870467","caption":"\u0646\u0634\u0631\u0629 \u0645\u0637\u0631\u0627\u0646\u064a\u0629 \u0627\u0644\u0644\u0627\u0630\u0642\u064a\u0629"},"url":"http:\/\/www.orthodoxonline.org\/theology\/pt\/author\/latakia\/"}]}},"wps_subtitle":"","amp_enabled":true,"_links":{"self":[{"href":"http:\/\/www.orthodoxonline.org\/theology\/pt\/wp-json\/wp\/v2\/posts\/1041","targetHints":{"allow":["GET"]}}],"collection":[{"href":"http:\/\/www.orthodoxonline.org\/theology\/pt\/wp-json\/wp\/v2\/posts"}],"about":[{"href":"http:\/\/www.orthodoxonline.org\/theology\/pt\/wp-json\/wp\/v2\/types\/post"}],"author":[{"embeddable":true,"href":"http:\/\/www.orthodoxonline.org\/theology\/pt\/wp-json\/wp\/v2\/users\/9"}],"replies":[{"embeddable":true,"href":"http:\/\/www.orthodoxonline.org\/theology\/pt\/wp-json\/wp\/v2\/comments?post=1041"}],"version-history":[{"count":0,"href":"http:\/\/www.orthodoxonline.org\/theology\/pt\/wp-json\/wp\/v2\/posts\/1041\/revisions"}],"wp:featuredmedia":[{"embeddable":true,"href":"http:\/\/www.orthodoxonline.org\/theology\/pt\/wp-json\/wp\/v2\/media\/3449"}],"wp:attachment":[{"href":"http:\/\/www.orthodoxonline.org\/theology\/pt\/wp-json\/wp\/v2\/media?parent=1041"}],"wp:term":[{"taxonomy":"category","embeddable":true,"href":"http:\/\/www.orthodoxonline.org\/theology\/pt\/wp-json\/wp\/v2\/categories?post=1041"},{"taxonomy":"post_tag","embeddable":true,"href":"http:\/\/www.orthodoxonline.org\/theology\/pt\/wp-json\/wp\/v2\/tags?post=1041"}],"curies":[{"name":"wp","href":"https:\/\/api.w.org\/{rel}","templated":true}]}}