{"id":1113,"date":"2009-06-16T16:02:26","date_gmt":"2009-06-16T16:02:26","guid":{"rendered":"http:\/\/orthodoxonline.org\/theology\/faith-and-theology\/studies-and-articles-about-orthodox-faith-and-theology\/the-sacrament-of-cross\/"},"modified":"2009-06-16T16:02:26","modified_gmt":"2009-06-16T16:02:26","slug":"the-sacrament-of-cross","status":"publish","type":"post","link":"http:\/\/www.orthodoxonline.org\/theology\/pt\/faith-and-theology\/studies-and-articles-about-orthodox-faith-and-theology\/the-sacrament-of-cross\/","title":{"rendered":"O segredo do bem"},"content":{"rendered":"<p>\u00c9 o segredo do amor que Deus predestinou antes dos tempos para a nossa gl\u00f3ria e o revelou na plenitude dos tempos para que todas as pessoas possam participar da vida eterna. Este mist\u00e9rio \u2013 que \u00e9 \u201cuma verdade que transcende toda a interpreta\u00e7\u00e3o humana\u201d \u2013 \u00e9 explorado por todos aqueles que se humilharam com sinceridade de cora\u00e7\u00e3o diante do crucificado nu e para quem a morte do Salvador foi fonte de vida nova.<\/p>\n<p>  <!--more-->  <\/p>\n<p>O tema da cruz ocupou um lugar importante nos escritos do Novo Testamento, especialmente nas cartas de S\u00e3o Paulo, e gira em torno de dois pontos importantes: o primeiro \u00e9 que a morte de Cristo na cruz \u00e9 um acontecimento que realmente ocorreu lugar na hist\u00f3ria, e a segunda \u00e9 que este evento \u00e9 a vida do mundo. O primeiro vers\u00edculo que nos surpreende, no nosso contexto, \u00e9 o que disse o Ap\u00f3stolo na sua primeira carta \u00e0 Igreja de Corinto, que \u00e9: \u201cDecidi n\u00e3o saber coisa alguma entre v\u00f3s, sen\u00e3o a Jesus Cristo, e este crucificado\u201d (2,2), o que significa, sem d\u00favida, que este acontecimento salv\u00edfico n\u00e3o est\u00e1 detido pelo passado, mas que a sua ac\u00e7\u00e3o continua na hist\u00f3ria, e indica posteriormente o que o Mensageiro espera ver nesta comunidade emergente, que \u00e9 que ele acredite na aceita\u00e7\u00e3o de Jesus como Senhor e Salvador, e isso significa obedecer \u00e0 Palavra de Deus em sua vida di\u00e1ria. Isto porque a boa nova com a qual o Vaso Eleito os impregnou n\u00e3o pode ser satisfeita apenas com palavras, mas sim atrav\u00e9s da convers\u00e3o completa a Deus e da crucifica\u00e7\u00e3o de todo desejo nocivo para imaginar o Cristo vitorioso naqueles que Nele cr\u00eaem. Na sua carta aos G\u00e1latas, o Ap\u00f3stolo cita um maravilhoso testemunho que nos ajuda a compreender melhor o sentido com que abrimos aqui o discurso: \u00abJ\u00e1 estou crucificado com Cristo, e vivo j\u00e1 n\u00e3o eu, mas Cristo vive em mim.\u201d Tudo o que vivo agora na carne, vivo pela f\u00e9 na f\u00e9 do Filho de Deus, que me amou e se entregou por mim\u201d (2:20). \u00c9 claro que Paulo n\u00e3o fala como as pessoas falam, nem vive como o mundo vive. Ele entendeu o segredo, e sua vida foi a melhor express\u00e3o de sua realiza\u00e7\u00e3o. Isso porque ele acreditava que Cristo o amava com uma personalidade pessoal e incompar\u00e1vel. amor... Ele quis dizer aqui: Se n\u00e3o houvesse nenhum ser humano no mundo... Al\u00e9m dele, o \u00fanico Filho de Deus teria vindo e se entregado por Ele. Cristo morreu por ele e ele n\u00e3o pode ficar neutro diante deste terr\u00edvel acontecimento. Se ele diz que foi crucificado \u201ccom Cristo\u201d, ele \u00e9, sem d\u00favida, um crente, o que significa que Cristo (Paulo) o carregou consigo na sua cruz. Este conhecimento indica que o Mensageiro aceitou a salva\u00e7\u00e3o que Cristo realizou no mundo e, consequentemente, confirma que este \u201camor louco\u201d, que \u00e9 fonte de uma vida nova e \u00e9 acolhido todos os dias, tornou-se toda a sua vida. Ser crucificado com Cristo n\u00e3o significa que temos nossas pr\u00f3prias cruzes como indiv\u00edduos separados Dele, mas sim que acreditamos que Jesus nos levou com ele em sua mesma cruz e eliminou todo pecado em n\u00f3s e no mundo e nos ressuscitou com ele para uma nova vida.<\/p>\n<p>Quem n\u00e3o provou em sua vida o fruto da vit\u00f3ria da Cruz de Cristo, \u201cpecado, salva\u00e7\u00e3o ou reden\u00e7\u00e3o\u201d n\u00e3o pode ter significado para ele. Quem considera que n\u00e3o h\u00e1 valor na vida sem desfrutar dos prazeres deste mundo, que \u00e9 \u201caquele campo frio e abstrato\u201d, como o descreve o Padre Leif Gelleh, cai em pecado. \u00c9 verdade que o mundo tem um brilho tentador e, se n\u00e3o fosse por ele, ningu\u00e9m teria ca\u00eddo no seu engano. No entanto, o amor que os crentes provam nos seus cora\u00e7\u00f5es \u00e9 mais forte e mais brilhante, e o seu navio que os transporta para o porto da salva\u00e7\u00e3o \u00e9 a cruz. N\u00e3o quero que meu leitor entenda que o Senhor Jesus \u00e9 conquistador (como pode ser conquistador Aquele que foi crucificado por amor \u00e0 humanidade?), e Ele busca as pessoas contra a sua vontade. A sua grandeza, em todo o caso, \u00e9 que o seu amor altru\u00edsta \u00e9 um apelo que, se acolhido, tem todo o poder de aniquilar a persist\u00eancia daqueles que est\u00e3o imersos nos seus pecados e de os renovar. Para viver basta que a pessoa aceite, sem desespero, ser vencida pelo amor maravilhoso do Senhor. Isto porque Aquele que desceu ao fundo do Inferno e venceu a morte atrav\u00e9s da sua morte \u00e9 capaz - se quisermos - de \u201csalvar-nos de todas as quedas e tristezas\u201d e, consequentemente, de remover todas as contradi\u00e7\u00f5es entre o seu amor por n\u00f3s e os nossos falha em obedecer ao seu amor.<\/p>\n<p>N\u00e3o \u00e9 surpreendente que voc\u00ea encontre neste mundo muitas tenta\u00e7\u00f5es e considera\u00e7\u00f5es que contradizem a ess\u00eancia da verdade e trabalhem contra ela. Pelo contr\u00e1rio, \u00e9 surpreendente que voc\u00ea encontre crist\u00e3os se afogando no mundo e correndo para o que eles pensam ser alegria e gl\u00f3ria no mundo. isto. Pode ser irritante dizer que o que faz da cruz de Cristo um evento de julgamento \u00e9 que os crentes em Deus anseiam pelo poder do mundo que foi anulado e buscam a gl\u00f3ria que se desvaneceu e foi esvaziada de seu significado. Como a crucifica\u00e7\u00e3o de Jesus \u00e9 a realidade de nossas vidas? Este \u00e9 o desafio daquele que (Jesus) obedeceu ao seu Pai at\u00e9 ao fim. Cristo morreu \u201cpor n\u00f3s\u201d, e isso significa que a vida separada Dele n\u00e3o tem valor, e n\u00e3o h\u00e1 valor para rebeli\u00e3o e desobedi\u00eancia, porque toda rebeli\u00e3o foi derrotada pela luz que irrompeu da sepultura no terceiro dia (ver Paulo&#039;s convers\u00e3o). As trevas n\u00e3o podem resistir \u00e0 luz, nem o pecado pode resistir \u00e0 justi\u00e7a, nem o \u00f3dio pode resistir ao amor... e toda rebeli\u00e3o \u00e9 estupidez, independentemente da sua interpreta\u00e7\u00e3o. Contudo, os justos est\u00e3o confiantes de que a verdade prevalece, n\u00e3o importa quantos inimigos ela tenha, e que Ele \u00e9 capaz, em todos os momentos, de estabelecer o Seu reino em obedi\u00eancia \u00e0 hist\u00f3ria. A morte do Salvador resumiu a hist\u00f3ria humana, e o julgamento do mundo parecia uma vit\u00f3ria certa e ocorreu inteiramente naquele momento em que o mundo pensava que o Filho de Deus havia morrido derrotado. N\u00e3o, o n\u00famero n\u00e3o \u00e9 nada, e o poder do mundo n\u00e3o \u00e9 nada: a beleza, a raz\u00e3o, o dinheiro, o poder..., e tudo o que se pensava ser alguma coisa tornou-se nada, porque Jesus \u201co poder e a sabedoria de Deus\u201d (1 Cor\u00edntios 1:24) exp\u00f4s o mundo, derrubou seus conceitos e tornou in\u00fateis os padr\u00f5es do mundo. E somente Ele se tornou tudo e em todos.<\/p>\n<p>Cristo \u00e9 vitorioso nos seus entes queridos, este \u00e9 o seu segredo. Ele n\u00e3o venceu apenas a sua morte na cruz, mas a morte, e isto significa que atrav\u00e9s da sua morte ele venceu a morte de todos n\u00f3s e toda a ina\u00e7\u00e3o e pecado em n\u00f3s e no mundo... e esta vit\u00f3ria \u00e9 o segredo da a nova exist\u00eancia, e \u00e9 que toda luz e virtude, em cada gera\u00e7\u00e3o, se tornaram poss\u00edveis atrav\u00e9s dele. Cristo, que condescendeu em revelar Sua for\u00e7a e beleza na \u201cabertura e fei\u00fara\u201d, capacitou-nos, que n\u00e3o \u00e9ramos nada antes de Sua encarna\u00e7\u00e3o e crucifica\u00e7\u00e3o, a nos tornarmos atrav\u00e9s Dele e daqueles que pens\u00e1vamos ser inexistentes e nada, presentes e em tudo.<\/p>\n<p>O mundo estava se afogando no lama\u00e7al do pecado quando o Filho de Deus veio e nos amou at\u00e9 o fim e nos deu o caminho para a vit\u00f3ria e a garantia da verdadeira vida. Este \u00e9 o segredo que \u201capareceu\u201d e se tornou dispon\u00edvel para cada pessoa em o mundo para revel\u00e1-lo e viver.<\/p>\n<p style=\"text-align: left;\">Do meu boletim paroquial de 2000<\/p>","protected":false},"excerpt":{"rendered":"<p>\u0647\u0648 \u0633\u0631\u0651 \u0627\u0644\u062d\u0628 \u0627\u0644\u0630\u064a \u0633\u0628\u0642 \u0627\u0644\u0644\u0647 \u0641\u0639\u064a\u0651\u0646\u0647 \u0642\u0628\u0644 \u0627\u0644\u062f\u0647\u0648\u0631 \u0644\u0645\u062c\u062f\u0646\u0627\u060c \u0648\u0643\u0634\u0641\u0647 \u0641\u064a \u0645\u0644\u0621 \u0627\u0644\u0632\u0645\u0627\u0646 \u0644\u062a\u0643\u0648\u0646 \u0644\u062c\u0645\u064a\u0639 \u0627\u0644\u0646\u0627\u0633 \u0634\u0631\u0643\u0629 \u0627\u0644\u062d\u064a\u0627\u0629 \u0627\u0644\u0623\u0628\u062f\u064a\u0629. [&hellip;]<\/p>\n","protected":false},"author":8,"featured_media":3449,"comment_status":"closed","ping_status":"closed","sticky":false,"template":"","format":"standard","meta":{"_relevanssi_hide_post":"","_relevanssi_hide_content":"","_relevanssi_pin_for_all":"","_relevanssi_pin_keywords":"","_relevanssi_unpin_keywords":"","_relevanssi_related_keywords":"","_relevanssi_related_include_ids":"","_relevanssi_related_exclude_ids":"","_relevanssi_related_no_append":"","_relevanssi_related_not_related":"","_relevanssi_related_posts":"2534,1040,2262,2489,2891,2458,2843,2815,2544,2800,1862,5014","_relevanssi_noindex_reason":"","site-sidebar-layout":"default","site-content-layout":"","ast-site-content-layout":"default","site-content-style":"default","site-sidebar-style":"default","ast-global-header-display":"","ast-banner-title-visibility":"","ast-main-header-display":"","ast-hfb-above-header-display":"","ast-hfb-below-header-display":"","ast-hfb-mobile-header-display":"","site-post-title":"","ast-breadcrumbs-content":"","ast-featured-img":"","footer-sml-layout":"","ast-disable-related-posts":"","theme-transparent-header-meta":"","adv-header-id-meta":"","stick-header-meta":"","header-above-stick-meta":"","header-main-stick-meta":"","header-below-stick-meta":"","astra-migrate-meta-layouts":"default","ast-page-background-enabled":"default","ast-page-background-meta":{"desktop":{"background-color":"var(--ast-global-color-4)","background-image":"","background-repeat":"repeat","background-position":"center center","background-size":"auto","background-attachment":"scroll","background-type":"","background-media":"","overlay-type":"","overlay-color":"","overlay-opacity":"","overlay-gradient":""},"tablet":{"background-color":"","background-image":"","background-repeat":"repeat","background-position":"center center","background-size":"auto","background-attachment":"scroll","background-type":"","background-media":"","overlay-type":"","overlay-color":"","overlay-opacity":"","overlay-gradient":""},"mobile":{"background-color":"","background-image":"","background-repeat":"repeat","background-position":"center center","background-size":"auto","background-attachment":"scroll","background-type":"","background-media":"","overlay-type":"","overlay-color":"","overlay-opacity":"","overlay-gradient":""}},"ast-content-background-meta":{"desktop":{"background-color":"var(--ast-global-color-5)","background-image":"","background-repeat":"repeat","background-position":"center center","background-size":"auto","background-attachment":"scroll","background-type":"","background-media":"","overlay-type":"","overlay-color":"","overlay-opacity":"","overlay-gradient":""},"tablet":{"background-color":"var(--ast-global-color-5)","background-image":"","background-repeat":"repeat","background-position":"center center","background-size":"auto","background-attachment":"scroll","background-type":"","background-media":"","overlay-type":"","overlay-color":"","overlay-opacity":"","overlay-gradient":""},"mobile":{"background-color":"var(--ast-global-color-5)","background-image":"","background-repeat":"repeat","background-position":"center center","background-size":"auto","background-attachment":"scroll","background-type":"","background-media":"","overlay-type":"","overlay-color":"","overlay-opacity":"","overlay-gradient":""}},"footnotes":""},"categories":[52],"tags":[558],"class_list":["post-1113","post","type-post","status-publish","format-standard","has-post-thumbnail","hentry","category-studies-and-articles-about-orthodox-faith-and-theology","tag-558"],"yoast_head":"<!-- This site is optimized with the Yoast SEO Premium plugin v27.4 (Yoast SEO v27.4) - https:\/\/yoast.com\/product\/yoast-seo-premium-wordpress\/ -->\n<title>\u0633\u0631 \u0627\u0644\u0635\u064a\u0628 - \u062f\u0631\u0627\u0633\u0627\u062a \u0648\u0645\u0642\u0627\u0644\u0627\u062a \u0644\u0627\u0647\u0648\u062a\u064a\u0629 \u0639\u0642\u0627\u0626\u062f\u064a\u0629 - \u0634\u0628\u0643\u0629 \u0623\u0631\u062b\u0648\u0630\u0643\u0633 \u0623\u0648\u0646\u0644\u0627\u064a\u0646<\/title>\n<meta name=\"description\" content=\": \u0647\u0648 \u0633\u0631\u0651 \u0627\u0644\u062d\u0628 \u0627\u0644\u0630\u064a \u0633\u0628\u0642 \u0627\u0644\u0644\u0647 \u0641\u0639\u064a\u0651\u0646\u0647 \u0642\u0628\u0644 \u0627\u0644\u062f\u0647\u0648\u0631 \u0644\u0645\u062c\u062f\u0646\u0627\u060c \u0648\u0643\u0634\u0641\u0647 \u0641\u064a \u0645\u0644\u0621 \u0627\u0644\u0632\u0645\u0627\u0646 \u0644\u062a\u0643\u0648\u0646 \u0644\u062c\u0645\u064a\u0639 \u0627\u0644\u0646\u0627\u0633 \u0634\u0631\u0643\u0629 \u0627\u0644\u062d\u064a\u0627\u0629 \u0627\u0644\u0623\u0628\u062f\u064a\u0629. \u0648\u0647\u0630\u0627 \u0627\u0644\u0633\u0631\u0651 -\u0627\u0644\u0630\u064a \u0647\u0648 &quot;\u062d\u0642\u064a\u0642\u0629 \u062a\u062a\u062c\u0627\u0648\u0632 \u0643\u0644 \u062a\u0641\u0633\u064a\u0631. \u0645\u0648\u0627\u0636\u064a\u0639 \u0645\u062a\u0635\u0644\u0629: \u0627\u0644\u0635\u0644\u064a\u0628\" \/>\n<meta name=\"robots\" content=\"index, follow, max-snippet:-1, max-image-preview:large, max-video-preview:-1\" \/>\n<link rel=\"canonical\" href=\"https:\/\/www.orthodoxonline.org\/theology\/pt\/faith-and-theology\/studies-and-articles-about-orthodox-faith-and-theology\/the-sacrament-of-cross\/\" \/>\n<meta property=\"og:locale\" content=\"pt_BR\" \/>\n<meta property=\"og:type\" content=\"article\" \/>\n<meta property=\"og:title\" content=\"\u0633\u0631 \u0627\u0644\u0635\u064a\u0628 - \u0634\u0628\u0643\u0629 \u0623\u0631\u062b\u0648\u0630\u0643\u0633 \u0623\u0648\u0646\u0644\u0627\u064a\u0646\" \/>\n<meta property=\"og:description\" content=\":\u0647\u0648 \u0633\u0631\u0651 \u0627\u0644\u062d\u0628 \u0627\u0644\u0630\u064a \u0633\u0628\u0642 \u0627\u0644\u0644\u0647 \u0641\u0639\u064a\u0651\u0646\u0647 \u0642\u0628\u0644 \u0627\u0644\u062f\u0647\u0648\u0631 \u0644\u0645\u062c\u062f\u0646\u0627\u060c \u0648\u0643\u0634\u0641\u0647 \u0641\u064a \u0645\u0644\u0621 \u0627\u0644\u0632\u0645\u0627\u0646 \u0644\u062a\u0643\u0648\u0646 \u0644\u062c\u0645\u064a\u0639 \u0627\u0644\u0646\u0627\u0633 \u0634\u0631\u0643\u0629 \u0627\u0644\u062d\u064a\u0627\u0629 \u0627\u0644\u0623\u0628\u062f\u064a\u0629. \u0648\u0647\u0630\u0627 \u0627\u0644\u0633\u0631\u0651 -\u0627\u0644\u0630\u064a \u0647\u0648 &quot;\u062d\u0642\u064a\u0642\u0629 \u062a\u062a\u062c\u0627\u0648\u0632 \u0643\u0644 \u062a\u0641\u0633\u064a\u0631. \u0645\u0648\u0627\u0636\u064a\u0639 \u0645\u062a\u0635\u0644\u0629: \u0627\u0644\u0635\u0644\u064a\u0628\" \/>\n<meta property=\"og:url\" content=\"https:\/\/www.orthodoxonline.org\/theology\/pt\/faith-and-theology\/studies-and-articles-about-orthodox-faith-and-theology\/the-sacrament-of-cross\/\" \/>\n<meta property=\"og:site_name\" content=\"\u0634\u0628\u0643\u0629 \u0623\u0631\u062b\u0648\u0630\u0643\u0633 \u0623\u0648\u0646\u0644\u0627\u064a\u0646\" \/>\n<meta property=\"article:publisher\" content=\"https:\/\/facebook.com\/orthodoxonline\" \/>\n<meta property=\"article:published_time\" content=\"2009-06-16T16:02:26+00:00\" \/>\n<meta property=\"og:image\" content=\"https:\/\/www.orthodoxonline.org\/theology\/wp-content\/uploads\/sites\/3\/2015\/03\/Orthodoxonline-Logo-Featured-Post.png\" \/>\n\t<meta property=\"og:image:width\" content=\"919\" \/>\n\t<meta property=\"og:image:height\" content=\"400\" \/>\n\t<meta property=\"og:image:type\" content=\"image\/png\" \/>\n<meta name=\"author\" content=\"\u0631\u0639\u064a\u062a\u064a\u060c \u0646\u0634\u0631\u0629 \u0645\u0637\u0631\u0627\u0646\u064a\u0629 \u062c\u0628\u0644 \u0644\u0628\u0646\u0627\u0646\" \/>\n<meta name=\"twitter:card\" content=\"summary_large_image\" \/>\n<meta name=\"twitter:creator\" content=\"@orthodoxonline\" \/>\n<meta name=\"twitter:site\" content=\"@orthodoxonline\" \/>\n<meta name=\"twitter:label1\" content=\"Escrito por\" \/>\n\t<meta name=\"twitter:data1\" content=\"\u0631\u0639\u064a\u062a\u064a\u060c \u0646\u0634\u0631\u0629 \u0645\u0637\u0631\u0627\u0646\u064a\u0629 \u062c\u0628\u0644 \u0644\u0628\u0646\u0627\u0646\" \/>\n<script type=\"application\/ld+json\" class=\"yoast-schema-graph\">{\"@context\":\"https:\\\/\\\/schema.org\",\"@graph\":[{\"@type\":\"Article\",\"@id\":\"https:\\\/\\\/www.orthodoxonline.org\\\/theology\\\/faith-and-theology\\\/studies-and-articles-about-orthodox-faith-and-theology\\\/the-sacrament-of-cross\\\/#article\",\"isPartOf\":{\"@id\":\"https:\\\/\\\/www.orthodoxonline.org\\\/theology\\\/faith-and-theology\\\/studies-and-articles-about-orthodox-faith-and-theology\\\/the-sacrament-of-cross\\\/\"},\"author\":{\"name\":\"\u0631\u0639\u064a\u062a\u064a\u060c \u0646\u0634\u0631\u0629 \u0645\u0637\u0631\u0627\u0646\u064a\u0629 \u062c\u0628\u0644 \u0644\u0628\u0646\u0627\u0646\",\"@id\":\"https:\\\/\\\/www.orthodoxonline.org\\\/theology\\\/#\\\/schema\\\/person\\\/76e8d2eb452814b8af30774a5623b4aa\"},\"headline\":\"\u0633\u0631 \u0627\u0644\u0635\u064a\u0628\",\"datePublished\":\"2009-06-16T16:02:26+00:00\",\"mainEntityOfPage\":{\"@id\":\"https:\\\/\\\/www.orthodoxonline.org\\\/theology\\\/faith-and-theology\\\/studies-and-articles-about-orthodox-faith-and-theology\\\/the-sacrament-of-cross\\\/\"},\"wordCount\":4,\"publisher\":{\"@id\":\"https:\\\/\\\/www.orthodoxonline.org\\\/theology\\\/#organization\"},\"image\":{\"@id\":\"https:\\\/\\\/www.orthodoxonline.org\\\/theology\\\/faith-and-theology\\\/studies-and-articles-about-orthodox-faith-and-theology\\\/the-sacrament-of-cross\\\/#primaryimage\"},\"thumbnailUrl\":\"https:\\\/\\\/www.orthodoxonline.org\\\/theology\\\/wp-content\\\/uploads\\\/sites\\\/3\\\/2015\\\/03\\\/Orthodoxonline-Logo-Featured-Post.png\",\"keywords\":[\"\u0627\u0644\u0635\u0644\u064a\u0628\"],\"articleSection\":[\"\u062f\u0631\u0627\u0633\u0627\u062a \u0648\u0645\u0642\u0627\u0644\u0627\u062a \u0644\u0627\u0647\u0648\u062a\u064a\u0629 \u0639\u0642\u0627\u0626\u062f\u064a\u0629\"],\"inLanguage\":\"pt-BR\"},{\"@type\":\"WebPage\",\"@id\":\"https:\\\/\\\/www.orthodoxonline.org\\\/theology\\\/faith-and-theology\\\/studies-and-articles-about-orthodox-faith-and-theology\\\/the-sacrament-of-cross\\\/\",\"url\":\"https:\\\/\\\/www.orthodoxonline.org\\\/theology\\\/faith-and-theology\\\/studies-and-articles-about-orthodox-faith-and-theology\\\/the-sacrament-of-cross\\\/\",\"name\":\"\u0633\u0631 \u0627\u0644\u0635\u064a\u0628 - \u062f\u0631\u0627\u0633\u0627\u062a \u0648\u0645\u0642\u0627\u0644\u0627\u062a \u0644\u0627\u0647\u0648\u062a\u064a\u0629 \u0639\u0642\u0627\u0626\u062f\u064a\u0629 - \u0634\u0628\u0643\u0629 \u0623\u0631\u062b\u0648\u0630\u0643\u0633 \u0623\u0648\u0646\u0644\u0627\u064a\u0646\",\"isPartOf\":{\"@id\":\"https:\\\/\\\/www.orthodoxonline.org\\\/theology\\\/#website\"},\"primaryImageOfPage\":{\"@id\":\"https:\\\/\\\/www.orthodoxonline.org\\\/theology\\\/faith-and-theology\\\/studies-and-articles-about-orthodox-faith-and-theology\\\/the-sacrament-of-cross\\\/#primaryimage\"},\"image\":{\"@id\":\"https:\\\/\\\/www.orthodoxonline.org\\\/theology\\\/faith-and-theology\\\/studies-and-articles-about-orthodox-faith-and-theology\\\/the-sacrament-of-cross\\\/#primaryimage\"},\"thumbnailUrl\":\"https:\\\/\\\/www.orthodoxonline.org\\\/theology\\\/wp-content\\\/uploads\\\/sites\\\/3\\\/2015\\\/03\\\/Orthodoxonline-Logo-Featured-Post.png\",\"datePublished\":\"2009-06-16T16:02:26+00:00\",\"description\":\": \u0647\u0648 \u0633\u0631\u0651 \u0627\u0644\u062d\u0628 \u0627\u0644\u0630\u064a \u0633\u0628\u0642 \u0627\u0644\u0644\u0647 \u0641\u0639\u064a\u0651\u0646\u0647 \u0642\u0628\u0644 \u0627\u0644\u062f\u0647\u0648\u0631 \u0644\u0645\u062c\u062f\u0646\u0627\u060c \u0648\u0643\u0634\u0641\u0647 \u0641\u064a \u0645\u0644\u0621 \u0627\u0644\u0632\u0645\u0627\u0646 \u0644\u062a\u0643\u0648\u0646 \u0644\u062c\u0645\u064a\u0639 \u0627\u0644\u0646\u0627\u0633 \u0634\u0631\u0643\u0629 \u0627\u0644\u062d\u064a\u0627\u0629 \u0627\u0644\u0623\u0628\u062f\u064a\u0629. \u0648\u0647\u0630\u0627 \u0627\u0644\u0633\u0631\u0651 -\u0627\u0644\u0630\u064a \u0647\u0648 \\\"\u062d\u0642\u064a\u0642\u0629 \u062a\u062a\u062c\u0627\u0648\u0632 \u0643\u0644 \u062a\u0641\u0633\u064a\u0631. \u0645\u0648\u0627\u0636\u064a\u0639 \u0645\u062a\u0635\u0644\u0629: \u0627\u0644\u0635\u0644\u064a\u0628\",\"breadcrumb\":{\"@id\":\"https:\\\/\\\/www.orthodoxonline.org\\\/theology\\\/faith-and-theology\\\/studies-and-articles-about-orthodox-faith-and-theology\\\/the-sacrament-of-cross\\\/#breadcrumb\"},\"inLanguage\":\"pt-BR\",\"potentialAction\":[{\"@type\":\"ReadAction\",\"target\":[\"https:\\\/\\\/www.orthodoxonline.org\\\/theology\\\/faith-and-theology\\\/studies-and-articles-about-orthodox-faith-and-theology\\\/the-sacrament-of-cross\\\/\"]}]},{\"@type\":\"ImageObject\",\"inLanguage\":\"pt-BR\",\"@id\":\"https:\\\/\\\/www.orthodoxonline.org\\\/theology\\\/faith-and-theology\\\/studies-and-articles-about-orthodox-faith-and-theology\\\/the-sacrament-of-cross\\\/#primaryimage\",\"url\":\"https:\\\/\\\/www.orthodoxonline.org\\\/theology\\\/wp-content\\\/uploads\\\/sites\\\/3\\\/2015\\\/03\\\/Orthodoxonline-Logo-Featured-Post.png\",\"contentUrl\":\"https:\\\/\\\/www.orthodoxonline.org\\\/theology\\\/wp-content\\\/uploads\\\/sites\\\/3\\\/2015\\\/03\\\/Orthodoxonline-Logo-Featured-Post.png\",\"width\":919,\"height\":400},{\"@type\":\"BreadcrumbList\",\"@id\":\"https:\\\/\\\/www.orthodoxonline.org\\\/theology\\\/faith-and-theology\\\/studies-and-articles-about-orthodox-faith-and-theology\\\/the-sacrament-of-cross\\\/#breadcrumb\",\"itemListElement\":[{\"@type\":\"ListItem\",\"position\":1,\"name\":\"\u0627\u0644\u0631\u0626\u064a\u0633\u064a\u0629\",\"item\":\"https:\\\/\\\/www.orthodoxonline.org\\\/theology\\\/\"},{\"@type\":\"ListItem\",\"position\":2,\"name\":\"\u0627\u0644\u0625\u064a\u0645\u0627\u0646 \u0648\u0627\u0644\u0644\u0627\u0647\u0648\u062a \u0627\u0644\u0623\u0631\u062b\u0648\u0630\u0643\u0633\u064a\",\"item\":\"https:\\\/\\\/www.orthodoxonline.org\\\/theology\\\/faith-and-theology\\\/\"},{\"@type\":\"ListItem\",\"position\":3,\"name\":\"\u062f\u0631\u0627\u0633\u0627\u062a \u0648\u0645\u0642\u0627\u0644\u0627\u062a \u0644\u0627\u0647\u0648\u062a\u064a\u0629 \u0639\u0642\u0627\u0626\u062f\u064a\u0629\",\"item\":\"https:\\\/\\\/www.orthodoxonline.org\\\/theology\\\/faith-and-theology\\\/studies-and-articles-about-orthodox-faith-and-theology\\\/\"},{\"@type\":\"ListItem\",\"position\":4,\"name\":\"\u0633\u0631 \u0627\u0644\u0635\u064a\u0628\"}]},{\"@type\":\"WebSite\",\"@id\":\"https:\\\/\\\/www.orthodoxonline.org\\\/theology\\\/#website\",\"url\":\"https:\\\/\\\/www.orthodoxonline.org\\\/theology\\\/\",\"name\":\"\u0623\u0631\u062b\u0648\u0630\u0643\u0633 \u0623\u0648\u0646\u0644\u0627\u064a\u0646\",\"description\":\"\u0625\u064a\u0645\u0627\u0646\u060c \u0639\u0642\u0627\u0626\u062f\u060c \u062a\u0627\u0631\u064a\u062e\u060c \u0644\u064a\u062a\u0648\u0631\u062c\u064a\u0629 \u0648\u062d\u064a\u0627\u0629 \u0627\u0644\u0643\u0646\u064a\u0633\u0629 \u0627\u0644\u0623\u0631\u062b\u0648\u0630\u0643\u0633\u064a\u0629 - \u0627\u0644\u0631\u0648\u0645 \u0627\u0644\u0623\u0631\u062b\u0648\u0630\u0643\u0633\",\"publisher\":{\"@id\":\"https:\\\/\\\/www.orthodoxonline.org\\\/theology\\\/#organization\"},\"alternateName\":\"\u0634\u0628\u0643\u0629 \u0623\u0631\u062b\u0648\u0630\u0643\u0633 \u0623\u0648\u0646\u0644\u0627\u064a\u0646\",\"potentialAction\":[{\"@type\":\"SearchAction\",\"target\":{\"@type\":\"EntryPoint\",\"urlTemplate\":\"https:\\\/\\\/www.orthodoxonline.org\\\/theology\\\/?s={search_term_string}\"},\"query-input\":{\"@type\":\"PropertyValueSpecification\",\"valueRequired\":true,\"valueName\":\"search_term_string\"}}],\"inLanguage\":\"pt-BR\"},{\"@type\":\"Organization\",\"@id\":\"https:\\\/\\\/www.orthodoxonline.org\\\/theology\\\/#organization\",\"name\":\"\u0634\u0628\u0643\u0629 \u0623\u0631\u062b\u0648\u0630\u0643\u0633 \u0623\u0648\u0646\u0644\u0627\u064a\u0646\",\"url\":\"https:\\\/\\\/www.orthodoxonline.org\\\/theology\\\/\",\"logo\":{\"@type\":\"ImageObject\",\"inLanguage\":\"pt-BR\",\"@id\":\"https:\\\/\\\/www.orthodoxonline.org\\\/theology\\\/#\\\/schema\\\/logo\\\/image\\\/\",\"url\":\"https:\\\/\\\/www.orthodoxonline.org\\\/theology\\\/wp-content\\\/uploads\\\/sites\\\/3\\\/2023\\\/07\\\/Logo-Header.png\",\"contentUrl\":\"https:\\\/\\\/www.orthodoxonline.org\\\/theology\\\/wp-content\\\/uploads\\\/sites\\\/3\\\/2023\\\/07\\\/Logo-Header.png\",\"width\":200,\"height\":200,\"caption\":\"\u0634\u0628\u0643\u0629 \u0623\u0631\u062b\u0648\u0630\u0643\u0633 \u0623\u0648\u0646\u0644\u0627\u064a\u0646\"},\"image\":{\"@id\":\"https:\\\/\\\/www.orthodoxonline.org\\\/theology\\\/#\\\/schema\\\/logo\\\/image\\\/\"},\"sameAs\":[\"https:\\\/\\\/facebook.com\\\/orthodoxonline\",\"https:\\\/\\\/x.com\\\/orthodoxonline\",\"https:\\\/\\\/www.instagram.com\\\/orthodoxonline\\\/\",\"https:\\\/\\\/www.youtube.com\\\/orthodoxonline\"],\"foundingDate\":\"2006-09-20\"},{\"@type\":\"Person\",\"@id\":\"https:\\\/\\\/www.orthodoxonline.org\\\/theology\\\/#\\\/schema\\\/person\\\/76e8d2eb452814b8af30774a5623b4aa\",\"name\":\"\u0631\u0639\u064a\u062a\u064a\u060c \u0646\u0634\u0631\u0629 \u0645\u0637\u0631\u0627\u0646\u064a\u0629 \u062c\u0628\u0644 \u0644\u0628\u0646\u0627\u0646\",\"image\":{\"@type\":\"ImageObject\",\"inLanguage\":\"pt-BR\",\"@id\":\"https:\\\/\\\/www.orthodoxonline.org\\\/theology\\\/wp-content\\\/litespeed\\\/avatar\\\/3\\\/c42124ba79eee7b4372e471bfcc38788.jpg?ver=1776851734\",\"url\":\"https:\\\/\\\/www.orthodoxonline.org\\\/theology\\\/wp-content\\\/litespeed\\\/avatar\\\/3\\\/c42124ba79eee7b4372e471bfcc38788.jpg?ver=1776851734\",\"contentUrl\":\"https:\\\/\\\/www.orthodoxonline.org\\\/theology\\\/wp-content\\\/litespeed\\\/avatar\\\/3\\\/c42124ba79eee7b4372e471bfcc38788.jpg?ver=1776851734\",\"caption\":\"\u0631\u0639\u064a\u062a\u064a\u060c \u0646\u0634\u0631\u0629 \u0645\u0637\u0631\u0627\u0646\u064a\u0629 \u062c\u0628\u0644 \u0644\u0628\u0646\u0627\u0646\"},\"url\":\"http:\\\/\\\/www.orthodoxonline.org\\\/theology\\\/pt\\\/author\\\/raiati\\\/\"}]}<\/script>\n<!-- \/ Yoast SEO Premium plugin. -->","yoast_head_json":{"title":"\u0633\u0631 \u0627\u0644\u0635\u064a\u0628 - \u062f\u0631\u0627\u0633\u0627\u062a \u0648\u0645\u0642\u0627\u0644\u0627\u062a \u0644\u0627\u0647\u0648\u062a\u064a\u0629 \u0639\u0642\u0627\u0626\u062f\u064a\u0629 - \u0634\u0628\u0643\u0629 \u0623\u0631\u062b\u0648\u0630\u0643\u0633 \u0623\u0648\u0646\u0644\u0627\u064a\u0646","description":": \u0647\u0648 \u0633\u0631\u0651 \u0627\u0644\u062d\u0628 \u0627\u0644\u0630\u064a \u0633\u0628\u0642 \u0627\u0644\u0644\u0647 \u0641\u0639\u064a\u0651\u0646\u0647 \u0642\u0628\u0644 \u0627\u0644\u062f\u0647\u0648\u0631 \u0644\u0645\u062c\u062f\u0646\u0627\u060c \u0648\u0643\u0634\u0641\u0647 \u0641\u064a \u0645\u0644\u0621 \u0627\u0644\u0632\u0645\u0627\u0646 \u0644\u062a\u0643\u0648\u0646 \u0644\u062c\u0645\u064a\u0639 \u0627\u0644\u0646\u0627\u0633 \u0634\u0631\u0643\u0629 \u0627\u0644\u062d\u064a\u0627\u0629 \u0627\u0644\u0623\u0628\u062f\u064a\u0629. \u0648\u0647\u0630\u0627 \u0627\u0644\u0633\u0631\u0651 -\u0627\u0644\u0630\u064a \u0647\u0648 \"\u062d\u0642\u064a\u0642\u0629 \u062a\u062a\u062c\u0627\u0648\u0632 \u0643\u0644 \u062a\u0641\u0633\u064a\u0631. \u0645\u0648\u0627\u0636\u064a\u0639 \u0645\u062a\u0635\u0644\u0629: \u0627\u0644\u0635\u0644\u064a\u0628","robots":{"index":"index","follow":"follow","max-snippet":"max-snippet:-1","max-image-preview":"max-image-preview:large","max-video-preview":"max-video-preview:-1"},"canonical":"https:\/\/www.orthodoxonline.org\/theology\/pt\/faith-and-theology\/studies-and-articles-about-orthodox-faith-and-theology\/the-sacrament-of-cross\/","og_locale":"pt_BR","og_type":"article","og_title":"\u0633\u0631 \u0627\u0644\u0635\u064a\u0628 - \u0634\u0628\u0643\u0629 \u0623\u0631\u062b\u0648\u0630\u0643\u0633 \u0623\u0648\u0646\u0644\u0627\u064a\u0646","og_description":":\u0647\u0648 \u0633\u0631\u0651 \u0627\u0644\u062d\u0628 \u0627\u0644\u0630\u064a \u0633\u0628\u0642 \u0627\u0644\u0644\u0647 \u0641\u0639\u064a\u0651\u0646\u0647 \u0642\u0628\u0644 \u0627\u0644\u062f\u0647\u0648\u0631 \u0644\u0645\u062c\u062f\u0646\u0627\u060c \u0648\u0643\u0634\u0641\u0647 \u0641\u064a \u0645\u0644\u0621 \u0627\u0644\u0632\u0645\u0627\u0646 \u0644\u062a\u0643\u0648\u0646 \u0644\u062c\u0645\u064a\u0639 \u0627\u0644\u0646\u0627\u0633 \u0634\u0631\u0643\u0629 \u0627\u0644\u062d\u064a\u0627\u0629 \u0627\u0644\u0623\u0628\u062f\u064a\u0629. \u0648\u0647\u0630\u0627 \u0627\u0644\u0633\u0631\u0651 -\u0627\u0644\u0630\u064a \u0647\u0648 \"\u062d\u0642\u064a\u0642\u0629 \u062a\u062a\u062c\u0627\u0648\u0632 \u0643\u0644 \u062a\u0641\u0633\u064a\u0631. \u0645\u0648\u0627\u0636\u064a\u0639 \u0645\u062a\u0635\u0644\u0629: \u0627\u0644\u0635\u0644\u064a\u0628","og_url":"https:\/\/www.orthodoxonline.org\/theology\/pt\/faith-and-theology\/studies-and-articles-about-orthodox-faith-and-theology\/the-sacrament-of-cross\/","og_site_name":"\u0634\u0628\u0643\u0629 \u0623\u0631\u062b\u0648\u0630\u0643\u0633 \u0623\u0648\u0646\u0644\u0627\u064a\u0646","article_publisher":"https:\/\/facebook.com\/orthodoxonline","article_published_time":"2009-06-16T16:02:26+00:00","og_image":[{"width":919,"height":400,"url":"https:\/\/www.orthodoxonline.org\/theology\/wp-content\/uploads\/sites\/3\/2015\/03\/Orthodoxonline-Logo-Featured-Post.png","type":"image\/png"}],"author":"\u0631\u0639\u064a\u062a\u064a\u060c \u0646\u0634\u0631\u0629 \u0645\u0637\u0631\u0627\u0646\u064a\u0629 \u062c\u0628\u0644 \u0644\u0628\u0646\u0627\u0646","twitter_card":"summary_large_image","twitter_creator":"@orthodoxonline","twitter_site":"@orthodoxonline","twitter_misc":{"Escrito por":"\u0631\u0639\u064a\u062a\u064a\u060c \u0646\u0634\u0631\u0629 \u0645\u0637\u0631\u0627\u0646\u064a\u0629 \u062c\u0628\u0644 \u0644\u0628\u0646\u0627\u0646"},"schema":{"@context":"https:\/\/schema.org","@graph":[{"@type":"Article","@id":"https:\/\/www.orthodoxonline.org\/theology\/faith-and-theology\/studies-and-articles-about-orthodox-faith-and-theology\/the-sacrament-of-cross\/#article","isPartOf":{"@id":"https:\/\/www.orthodoxonline.org\/theology\/faith-and-theology\/studies-and-articles-about-orthodox-faith-and-theology\/the-sacrament-of-cross\/"},"author":{"name":"\u0631\u0639\u064a\u062a\u064a\u060c \u0646\u0634\u0631\u0629 \u0645\u0637\u0631\u0627\u0646\u064a\u0629 \u062c\u0628\u0644 \u0644\u0628\u0646\u0627\u0646","@id":"https:\/\/www.orthodoxonline.org\/theology\/#\/schema\/person\/76e8d2eb452814b8af30774a5623b4aa"},"headline":"\u0633\u0631 \u0627\u0644\u0635\u064a\u0628","datePublished":"2009-06-16T16:02:26+00:00","mainEntityOfPage":{"@id":"https:\/\/www.orthodoxonline.org\/theology\/faith-and-theology\/studies-and-articles-about-orthodox-faith-and-theology\/the-sacrament-of-cross\/"},"wordCount":4,"publisher":{"@id":"https:\/\/www.orthodoxonline.org\/theology\/#organization"},"image":{"@id":"https:\/\/www.orthodoxonline.org\/theology\/faith-and-theology\/studies-and-articles-about-orthodox-faith-and-theology\/the-sacrament-of-cross\/#primaryimage"},"thumbnailUrl":"https:\/\/www.orthodoxonline.org\/theology\/wp-content\/uploads\/sites\/3\/2015\/03\/Orthodoxonline-Logo-Featured-Post.png","keywords":["\u0627\u0644\u0635\u0644\u064a\u0628"],"articleSection":["\u062f\u0631\u0627\u0633\u0627\u062a \u0648\u0645\u0642\u0627\u0644\u0627\u062a \u0644\u0627\u0647\u0648\u062a\u064a\u0629 \u0639\u0642\u0627\u0626\u062f\u064a\u0629"],"inLanguage":"pt-BR"},{"@type":"WebPage","@id":"https:\/\/www.orthodoxonline.org\/theology\/faith-and-theology\/studies-and-articles-about-orthodox-faith-and-theology\/the-sacrament-of-cross\/","url":"https:\/\/www.orthodoxonline.org\/theology\/faith-and-theology\/studies-and-articles-about-orthodox-faith-and-theology\/the-sacrament-of-cross\/","name":"\u0633\u0631 \u0627\u0644\u0635\u064a\u0628 - \u062f\u0631\u0627\u0633\u0627\u062a \u0648\u0645\u0642\u0627\u0644\u0627\u062a \u0644\u0627\u0647\u0648\u062a\u064a\u0629 \u0639\u0642\u0627\u0626\u062f\u064a\u0629 - \u0634\u0628\u0643\u0629 \u0623\u0631\u062b\u0648\u0630\u0643\u0633 \u0623\u0648\u0646\u0644\u0627\u064a\u0646","isPartOf":{"@id":"https:\/\/www.orthodoxonline.org\/theology\/#website"},"primaryImageOfPage":{"@id":"https:\/\/www.orthodoxonline.org\/theology\/faith-and-theology\/studies-and-articles-about-orthodox-faith-and-theology\/the-sacrament-of-cross\/#primaryimage"},"image":{"@id":"https:\/\/www.orthodoxonline.org\/theology\/faith-and-theology\/studies-and-articles-about-orthodox-faith-and-theology\/the-sacrament-of-cross\/#primaryimage"},"thumbnailUrl":"https:\/\/www.orthodoxonline.org\/theology\/wp-content\/uploads\/sites\/3\/2015\/03\/Orthodoxonline-Logo-Featured-Post.png","datePublished":"2009-06-16T16:02:26+00:00","description":": \u0647\u0648 \u0633\u0631\u0651 \u0627\u0644\u062d\u0628 \u0627\u0644\u0630\u064a \u0633\u0628\u0642 \u0627\u0644\u0644\u0647 \u0641\u0639\u064a\u0651\u0646\u0647 \u0642\u0628\u0644 \u0627\u0644\u062f\u0647\u0648\u0631 \u0644\u0645\u062c\u062f\u0646\u0627\u060c \u0648\u0643\u0634\u0641\u0647 \u0641\u064a \u0645\u0644\u0621 \u0627\u0644\u0632\u0645\u0627\u0646 \u0644\u062a\u0643\u0648\u0646 \u0644\u062c\u0645\u064a\u0639 \u0627\u0644\u0646\u0627\u0633 \u0634\u0631\u0643\u0629 \u0627\u0644\u062d\u064a\u0627\u0629 \u0627\u0644\u0623\u0628\u062f\u064a\u0629. \u0648\u0647\u0630\u0627 \u0627\u0644\u0633\u0631\u0651 -\u0627\u0644\u0630\u064a \u0647\u0648 \"\u062d\u0642\u064a\u0642\u0629 \u062a\u062a\u062c\u0627\u0648\u0632 \u0643\u0644 \u062a\u0641\u0633\u064a\u0631. \u0645\u0648\u0627\u0636\u064a\u0639 \u0645\u062a\u0635\u0644\u0629: \u0627\u0644\u0635\u0644\u064a\u0628","breadcrumb":{"@id":"https:\/\/www.orthodoxonline.org\/theology\/faith-and-theology\/studies-and-articles-about-orthodox-faith-and-theology\/the-sacrament-of-cross\/#breadcrumb"},"inLanguage":"pt-BR","potentialAction":[{"@type":"ReadAction","target":["https:\/\/www.orthodoxonline.org\/theology\/faith-and-theology\/studies-and-articles-about-orthodox-faith-and-theology\/the-sacrament-of-cross\/"]}]},{"@type":"ImageObject","inLanguage":"pt-BR","@id":"https:\/\/www.orthodoxonline.org\/theology\/faith-and-theology\/studies-and-articles-about-orthodox-faith-and-theology\/the-sacrament-of-cross\/#primaryimage","url":"https:\/\/www.orthodoxonline.org\/theology\/wp-content\/uploads\/sites\/3\/2015\/03\/Orthodoxonline-Logo-Featured-Post.png","contentUrl":"https:\/\/www.orthodoxonline.org\/theology\/wp-content\/uploads\/sites\/3\/2015\/03\/Orthodoxonline-Logo-Featured-Post.png","width":919,"height":400},{"@type":"BreadcrumbList","@id":"https:\/\/www.orthodoxonline.org\/theology\/faith-and-theology\/studies-and-articles-about-orthodox-faith-and-theology\/the-sacrament-of-cross\/#breadcrumb","itemListElement":[{"@type":"ListItem","position":1,"name":"\u0627\u0644\u0631\u0626\u064a\u0633\u064a\u0629","item":"https:\/\/www.orthodoxonline.org\/theology\/"},{"@type":"ListItem","position":2,"name":"\u0627\u0644\u0625\u064a\u0645\u0627\u0646 \u0648\u0627\u0644\u0644\u0627\u0647\u0648\u062a \u0627\u0644\u0623\u0631\u062b\u0648\u0630\u0643\u0633\u064a","item":"https:\/\/www.orthodoxonline.org\/theology\/faith-and-theology\/"},{"@type":"ListItem","position":3,"name":"\u062f\u0631\u0627\u0633\u0627\u062a \u0648\u0645\u0642\u0627\u0644\u0627\u062a \u0644\u0627\u0647\u0648\u062a\u064a\u0629 \u0639\u0642\u0627\u0626\u062f\u064a\u0629","item":"https:\/\/www.orthodoxonline.org\/theology\/faith-and-theology\/studies-and-articles-about-orthodox-faith-and-theology\/"},{"@type":"ListItem","position":4,"name":"\u0633\u0631 \u0627\u0644\u0635\u064a\u0628"}]},{"@type":"WebSite","@id":"https:\/\/www.orthodoxonline.org\/theology\/#website","url":"https:\/\/www.orthodoxonline.org\/theology\/","name":"Ortodoxo On-line","description":"F\u00e9, doutrinas, hist\u00f3ria, liturgia e vida da Igreja Ortodoxa Grega.","publisher":{"@id":"https:\/\/www.orthodoxonline.org\/theology\/#organization"},"alternateName":"\u0634\u0628\u0643\u0629 \u0623\u0631\u062b\u0648\u0630\u0643\u0633 \u0623\u0648\u0646\u0644\u0627\u064a\u0646","potentialAction":[{"@type":"SearchAction","target":{"@type":"EntryPoint","urlTemplate":"https:\/\/www.orthodoxonline.org\/theology\/?s={search_term_string}"},"query-input":{"@type":"PropertyValueSpecification","valueRequired":true,"valueName":"search_term_string"}}],"inLanguage":"pt-BR"},{"@type":"Organization","@id":"https:\/\/www.orthodoxonline.org\/theology\/#organization","name":"Rede Online Ortodoxa","url":"https:\/\/www.orthodoxonline.org\/theology\/","logo":{"@type":"ImageObject","inLanguage":"pt-BR","@id":"https:\/\/www.orthodoxonline.org\/theology\/#\/schema\/logo\/image\/","url":"https:\/\/www.orthodoxonline.org\/theology\/wp-content\/uploads\/sites\/3\/2023\/07\/Logo-Header.png","contentUrl":"https:\/\/www.orthodoxonline.org\/theology\/wp-content\/uploads\/sites\/3\/2023\/07\/Logo-Header.png","width":200,"height":200,"caption":"\u0634\u0628\u0643\u0629 \u0623\u0631\u062b\u0648\u0630\u0643\u0633 \u0623\u0648\u0646\u0644\u0627\u064a\u0646"},"image":{"@id":"https:\/\/www.orthodoxonline.org\/theology\/#\/schema\/logo\/image\/"},"sameAs":["https:\/\/facebook.com\/orthodoxonline","https:\/\/x.com\/orthodoxonline","https:\/\/www.instagram.com\/orthodoxonline\/","https:\/\/www.youtube.com\/orthodoxonline"],"foundingDate":"2006-09-20"},{"@type":"Person","@id":"https:\/\/www.orthodoxonline.org\/theology\/#\/schema\/person\/76e8d2eb452814b8af30774a5623b4aa","name":"Minha Par\u00f3quia, Boletim da Diocese do Monte L\u00edbano","image":{"@type":"ImageObject","inLanguage":"pt-BR","@id":"https:\/\/www.orthodoxonline.org\/theology\/wp-content\/litespeed\/avatar\/3\/c42124ba79eee7b4372e471bfcc38788.jpg?ver=1776851734","url":"https:\/\/www.orthodoxonline.org\/theology\/wp-content\/litespeed\/avatar\/3\/c42124ba79eee7b4372e471bfcc38788.jpg?ver=1776851734","contentUrl":"https:\/\/www.orthodoxonline.org\/theology\/wp-content\/litespeed\/avatar\/3\/c42124ba79eee7b4372e471bfcc38788.jpg?ver=1776851734","caption":"\u0631\u0639\u064a\u062a\u064a\u060c \u0646\u0634\u0631\u0629 \u0645\u0637\u0631\u0627\u0646\u064a\u0629 \u062c\u0628\u0644 \u0644\u0628\u0646\u0627\u0646"},"url":"http:\/\/www.orthodoxonline.org\/theology\/pt\/author\/raiati\/"}]}},"wps_subtitle":"","amp_enabled":true,"_links":{"self":[{"href":"http:\/\/www.orthodoxonline.org\/theology\/pt\/wp-json\/wp\/v2\/posts\/1113","targetHints":{"allow":["GET"]}}],"collection":[{"href":"http:\/\/www.orthodoxonline.org\/theology\/pt\/wp-json\/wp\/v2\/posts"}],"about":[{"href":"http:\/\/www.orthodoxonline.org\/theology\/pt\/wp-json\/wp\/v2\/types\/post"}],"author":[{"embeddable":true,"href":"http:\/\/www.orthodoxonline.org\/theology\/pt\/wp-json\/wp\/v2\/users\/8"}],"replies":[{"embeddable":true,"href":"http:\/\/www.orthodoxonline.org\/theology\/pt\/wp-json\/wp\/v2\/comments?post=1113"}],"version-history":[{"count":0,"href":"http:\/\/www.orthodoxonline.org\/theology\/pt\/wp-json\/wp\/v2\/posts\/1113\/revisions"}],"wp:featuredmedia":[{"embeddable":true,"href":"http:\/\/www.orthodoxonline.org\/theology\/pt\/wp-json\/wp\/v2\/media\/3449"}],"wp:attachment":[{"href":"http:\/\/www.orthodoxonline.org\/theology\/pt\/wp-json\/wp\/v2\/media?parent=1113"}],"wp:term":[{"taxonomy":"category","embeddable":true,"href":"http:\/\/www.orthodoxonline.org\/theology\/pt\/wp-json\/wp\/v2\/categories?post=1113"},{"taxonomy":"post_tag","embeddable":true,"href":"http:\/\/www.orthodoxonline.org\/theology\/pt\/wp-json\/wp\/v2\/tags?post=1113"}],"curies":[{"name":"wp","href":"https:\/\/api.w.org\/{rel}","templated":true}]}}