{"id":1041,"date":"2009-06-06T13:21:07","date_gmt":"2009-06-06T13:21:07","guid":{"rendered":"http:\/\/orthodoxonline.org\/theology\/faith-and-theology\/jesus-christ\/the-divinity-nature-and-incarnation\/the-christ-the-son-of-human\/"},"modified":"2009-06-06T13:21:07","modified_gmt":"2009-06-06T13:21:07","slug":"the-christ-the-son-of-human","status":"publish","type":"post","link":"http:\/\/www.orthodoxonline.org\/theology\/ro\/faith-and-theology\/the-son\/the-divinity-nature-and-incarnation\/the-christ-the-son-of-human\/","title":{"rendered":"Hristos, Fiul Omului"},"content":{"rendered":"<p>C\u00e2nd unii vor s\u0103 confirme c\u0103 Hristos nu a fost Dumnezeu, ci a fost doar o fiin\u021b\u0103 uman\u0103, \u00eei vezi adesea recurg\u00e2nd la versete care \u00cel numesc \u201eFiul omului\u201d sau \u201eFiul omului\u201d. Ace\u0219ti oameni nu \u0219tiu, f\u0103r\u0103 \u00eendoial\u0103, c\u0103 acest titlu include o recunoa\u0219tere explicit\u0103 a faptului c\u0103 Hristos este Dumnezeu, deoarece acest titlu se refer\u0103 \u00een Sf\u00e2nta Biblie, \u00een cele dou\u0103 Testamente ale ei, la o fiin\u021b\u0103 divin\u0103 cu form\u0103 uman\u0103. Titlul de Fiu al Omului nu este mai pu\u021bin important dec\u00e2t titlul de Fiu al lui Dumnezeu, deoarece atributele Fiului Omului sunt \u0219i atribute divine.<\/p>\n<p>  <!--more-->  <\/p>\n<p>Profetul Daniel a fost primul care a dat acest titlu unei fiin\u021be care avea s\u0103 vin\u0103 la sf\u00e2r\u0219itul timpurilor s\u0103 domneasc\u0103 pentru totdeauna: \u201e\u0218i am v\u0103zut \u00een vedeniile nop\u021bii \u0219i iat\u0103, unul ca Fiul Omului venea pe nori. ei se \u00eenchin\u0103 Lui, iar autoritatea Lui este ve\u015fnic\u0103 \u015fi nu se va stinge, iar \u00eemp\u0103r\u0103\u0163ia Lui nu va fi distrus\u0103 (Daniel 7:13-14). Imaginea Domnului care vine pe nori este o imagine familiar\u0103 \u00een Vechiul Testament, care indic\u0103 prezen\u021ba puternic\u0103 a lui Dumnezeu \u00censu\u0219i.<\/p>\n<p>Iisus Hristos le-a descoperit ucenicilor s\u0103i c\u0103 este Fiul Omului men\u021bionat \u00een Cartea lui Daniel \u0219i, \u00een discursul s\u0103u despre ultimele vremuri, el folose\u0219te aceea\u0219i imagine g\u0103sit\u0103 \u00een Daniel, spun\u00e2nd: \u201e\u0218i atunci semnul Fiului Omului. se vor ar\u0103ta \u00een ceruri \u0219i \u00een vremea aceea toate semin\u021biile p\u0103m\u00e2ntului se vor jeli \u0219i vor vedea pe Fiul Omului venind pe norii cerului cu putere \u0219i cu mare m\u0103re\u021bie\u201d (Matei 24:30).<br \/>A vorbi despre Hristos ca Fiul Omului este legat de a vorbi despre ziua de pe urm\u0103 \u0219i despre judecat\u0103, deoarece Fiul Omului este judec\u0103torul care va judeca pe cei vii \u0219i pe cei mor\u021bi.<\/p>\n<p>Discursul despre Fiul Omului este, de asemenea, legat de vorbirea despre suferin\u021ba m\u00e2ntuitoare a Domnului De fiecare dat\u0103 c\u00e2nd Isus \u0219i-a \u00eenv\u0103\u021bat ucenicii despre uciderea \u0219i \u00eenvierea Sa, el a folosit titlul de Fiu al Omului. (Matei 20:18-19).<\/p>\n<p>\u00cen Evanghelia dup\u0103 Ioan, ceasul mor\u021bii pe cruce este ceasul slavei, iar Fiul Omului este cel care va muri \u0219i va fi sl\u0103vit \u00een moartea sa, \u00een noaptea \u00een care a fost tr\u0103dat, Isus a spus: \u201e Acum Fiul Omului este prosl\u0103vit \u0219i Dumnezeu este prosl\u0103vit \u00een el\u201d (13:31).<\/p>\n<p>Dar aceast\u0103 moarte \u00een care Fiul Omului \u00eel va sl\u0103vi pe Dumnezeu este aceea\u0219i care va da m\u00e2ntuirea lumii: \u201e\u0218i precum Moise a \u00een\u0103l\u021bat \u0219arpele \u00een pustie, tot a\u0219a trebuie s\u0103 fie \u00een\u0103l\u021bat Fiul Omului, pentru ca oricine crede \u00een El s\u0103 nu piar\u0103, ci s\u0103 aib\u0103 via\u021b\u0103 ve\u0219nic\u0103 (Ioan 3:14-15) De aceea, Fiul Omului d\u0103 m\u00e2ntuire oricui crede \u00een El, r\u0103stignit pentru el \u0219i pentru m\u00e2ntuirea lui.<\/p>\n<p>Motivul pentru care evreii L-au condamnat pe Hristos la moarte a fost pentru c\u0103 el le-a spus c\u0103 el este Fiul Omului, c\u00e2nd Caiafa, marele preot, l-a \u00eentrebat: Tu e\u0219ti Hristosul, Fiul binecuv\u00e2ntat al lui Dumnezeu? Isus i-a r\u0103spuns: \u201eEu sunt Acela \u0219i vei vedea pe Fiul Omului a\u0219ezat la dreapta Puterii \u0219i venind pe norii cerului\u201d (Marcu 14:61). Atunci toat\u0103 adunarea evreiasc\u0103 l-a acuzat de blasfemie \u0219i l-a condamnat la moarte. Evreii au \u00een\u021beles c\u0103 atunci c\u00e2nd Iisus se considera Fiul Omului, s-a echivalat cu Dumnezeu, deoarece acest titlu se refer\u0103 la o fiin\u021b\u0103 divin\u0103 care va veni din cer pe nori pentru a restabili \u00eemp\u0103r\u0103\u021bia lui Israel, dar Hristos le-a dezam\u0103git speran\u021bele \u0219i le-a ar\u0103tat. un rege diferit de ceea ce \u0219i-au imaginat, a\u0219a c\u0103 l-au ucis ca fiind cel mai r\u0103u dintre uciga\u0219i.<\/p>\n<p>Nu exist\u0103 nicio \u00eendoial\u0103 c\u0103 misiunea principal\u0103 a Fiului Omului este s\u0103 acorde m\u00e2ntuirea tuturor fiin\u021belor umane, pentru c\u0103 \u201eFiul Omului a venit s\u0103 caute \u0219i s\u0103 m\u00e2ntuiasc\u0103 ceea ce era pierdut\u201d (Luca 19:10). Fiul Omului a venit, a murit \u0219i a \u00eenviat, \u00eemplinind toat\u0103 neprih\u0103nirea \u0219i ne-a m\u00e2ntuit cu s\u00e2ngele S\u0103u, \u0219i va veni \u00een ziua de pe urm\u0103 s\u0103 judece pe cei vii \u0219i pe cei mor\u021bi S\u0103 ne preg\u0103tim pentru ziua aceea cu ceea ce are Isus \u00censu\u0219i atra\u0219i pentru m\u00e2ntuirea noastr\u0103, pentru ca surpriza s\u0103 nu fie o catastrof\u0103 care s\u0103 nu dureze pentru totdeauna.<\/p>\n<p style=\"text-align: left;\">Mitropolitul Youhanna Mansour<br \/>Din buletinul Episcopiei Latakia<\/p>","protected":false},"excerpt":{"rendered":"<p>\u0639\u0646\u062f\u0645\u0627 \u064a\u0631\u064a\u062f \u0627\u0644\u0628\u0639\u0636 \u0623\u0646 \u064a\u0624\u0643\u062f \u0623\u0646 \u0627\u0644\u0645\u0633\u064a\u062d \u0644\u0645 \u064a\u0643\u0646 \u0625\u0644\u0647\u0627\u064b \u0628\u0644 \u0643\u0627\u0646 \u0645\u062c\u0631\u0651\u062f \u0625\u0646\u0633\u0627\u0646\u060c \u0643\u062b\u064a\u0631\u0627\u064b \u0645\u0627 \u062a\u0631\u0627\u0647\u0645 \u064a\u0644\u062c\u0623\u0648\u0646 \u0625\u0644\u0649 \u0627\u0644\u0622\u064a\u0627\u062a [&hellip;]<\/p>\n","protected":false},"author":9,"featured_media":3449,"comment_status":"closed","ping_status":"closed","sticky":false,"template":"","format":"standard","meta":{"_relevanssi_hide_post":"","_relevanssi_hide_content":"","_relevanssi_pin_for_all":"","_relevanssi_pin_keywords":"","_relevanssi_unpin_keywords":"","_relevanssi_related_keywords":"","_relevanssi_related_include_ids":"","_relevanssi_related_exclude_ids":"","_relevanssi_related_no_append":"","_relevanssi_related_not_related":"","_relevanssi_related_posts":"1040,1128,1098,721,1172,5014,1132,2544,2881,1169,4993,1065","_relevanssi_noindex_reason":"","site-sidebar-layout":"default","site-content-layout":"","ast-site-content-layout":"default","site-content-style":"default","site-sidebar-style":"default","ast-global-header-display":"","ast-banner-title-visibility":"","ast-main-header-display":"","ast-hfb-above-header-display":"","ast-hfb-below-header-display":"","ast-hfb-mobile-header-display":"","site-post-title":"","ast-breadcrumbs-content":"","ast-featured-img":"","footer-sml-layout":"","ast-disable-related-posts":"","theme-transparent-header-meta":"","adv-header-id-meta":"","stick-header-meta":"","header-above-stick-meta":"","header-main-stick-meta":"","header-below-stick-meta":"","astra-migrate-meta-layouts":"default","ast-page-background-enabled":"default","ast-page-background-meta":{"desktop":{"background-color":"var(--ast-global-color-4)","background-image":"","background-repeat":"repeat","background-position":"center center","background-size":"auto","background-attachment":"scroll","background-type":"","background-media":"","overlay-type":"","overlay-color":"","overlay-opacity":"","overlay-gradient":""},"tablet":{"background-color":"","background-image":"","background-repeat":"repeat","background-position":"center center","background-size":"auto","background-attachment":"scroll","background-type":"","background-media":"","overlay-type":"","overlay-color":"","overlay-opacity":"","overlay-gradient":""},"mobile":{"background-color":"","background-image":"","background-repeat":"repeat","background-position":"center center","background-size":"auto","background-attachment":"scroll","background-type":"","background-media":"","overlay-type":"","overlay-color":"","overlay-opacity":"","overlay-gradient":""}},"ast-content-background-meta":{"desktop":{"background-color":"var(--ast-global-color-5)","background-image":"","background-repeat":"repeat","background-position":"center center","background-size":"auto","background-attachment":"scroll","background-type":"","background-media":"","overlay-type":"","overlay-color":"","overlay-opacity":"","overlay-gradient":""},"tablet":{"background-color":"var(--ast-global-color-5)","background-image":"","background-repeat":"repeat","background-position":"center center","background-size":"auto","background-attachment":"scroll","background-type":"","background-media":"","overlay-type":"","overlay-color":"","overlay-opacity":"","overlay-gradient":""},"mobile":{"background-color":"var(--ast-global-color-5)","background-image":"","background-repeat":"repeat","background-position":"center center","background-size":"auto","background-attachment":"scroll","background-type":"","background-media":"","overlay-type":"","overlay-color":"","overlay-opacity":"","overlay-gradient":""}},"footnotes":""},"categories":[39],"tags":[322,357,2002],"class_list":["post-1041","post","type-post","status-publish","format-standard","has-post-thumbnail","hentry","category-the-divinity-nature-and-incarnation","tag-322","tag-357","tag-2002"],"yoast_head":"<!-- This site is optimized with the Yoast SEO Premium plugin v27.4 (Yoast SEO v27.4) - https:\/\/yoast.com\/product\/yoast-seo-premium-wordpress\/ -->\n<title>\u0627\u0644\u0645\u0633\u064a\u062d \u0627\u0628\u0646 \u0627\u0644\u0628\u0634\u0631 - \u0627\u0628\u0646 \u0627\u0644\u0644\u0647 - \u0627\u0644\u0643\u0644\u0645\u0629 \u0627\u0644\u0645\u062a\u062c\u0633\u062f - \u0634\u0628\u0643\u0629 \u0623\u0631\u062b\u0648\u0630\u0643\u0633 \u0623\u0648\u0646\u0644\u0627\u064a\u0646<\/title>\n<meta name=\"description\" content=\": \u0639\u0646\u062f\u0645\u0627 \u064a\u0631\u064a\u062f \u0627\u0644\u0628\u0639\u0636 \u0623\u0646 \u064a\u0624\u0643\u062f \u0623\u0646 \u0627\u0644\u0645\u0633\u064a\u062d \u0644\u0645 \u064a\u0643\u0646 \u0625\u0644\u0647\u0627\u064b \u0628\u0644 \u0643\u0627\u0646 \u0645\u062c\u0631\u0651\u062f \u0625\u0646\u0633\u0627\u0646\u060c \u0643\u062b\u064a\u0631\u0627\u064b \u0645\u0627 \u062a\u0631\u0627\u0647\u0645 \u064a\u0644\u062c\u0623\u0648\u0646 \u0625\u0644\u0649 \u0627\u0644\u0622\u064a\u0627\u062a \u0627\u0644\u062a\u064a \u062a\u0637\u0644\u0642 \u0639\u0644\u064a\u0647 \u0644\u0642\u0628 &quot;\u0627\u0628\u0646 \u0627\u0644\u0625\u0646\u0633\u0627\u0646&quot; \u0623\u0648 &quot;\u0627\u0628\u0646 \u0627\u0644\u0628\u0634\u0631&quot;.. \u0645\u0648\u0627\u0636\u064a\u0639 \u0645\u062a\u0635\u0644\u0629: \u0623\u0644\u0648\u0647\u064a\u0629 \u0627\u0644\u0645\u0633\u064a\u062d, \u0627\u0628\u0646 \u0627\u0644\u0625\u0646\u0633\u0627\u0646, \u0627\u0628\u0646 \u0627\u0644\u0628\u0634\u0631\" \/>\n<meta name=\"robots\" content=\"index, follow, max-snippet:-1, max-image-preview:large, max-video-preview:-1\" \/>\n<link rel=\"canonical\" href=\"https:\/\/www.orthodoxonline.org\/theology\/ro\/faith-and-theology\/the-son\/the-divinity-nature-and-incarnation\/the-christ-the-son-of-human\/\" \/>\n<meta property=\"og:locale\" content=\"ro_RO\" \/>\n<meta property=\"og:type\" content=\"article\" \/>\n<meta property=\"og:title\" content=\"\u0627\u0644\u0645\u0633\u064a\u062d \u0627\u0628\u0646 \u0627\u0644\u0628\u0634\u0631 - \u0634\u0628\u0643\u0629 \u0623\u0631\u062b\u0648\u0630\u0643\u0633 \u0623\u0648\u0646\u0644\u0627\u064a\u0646\" \/>\n<meta property=\"og:description\" content=\":\u0639\u0646\u062f\u0645\u0627 \u064a\u0631\u064a\u062f \u0627\u0644\u0628\u0639\u0636 \u0623\u0646 \u064a\u0624\u0643\u062f \u0623\u0646 \u0627\u0644\u0645\u0633\u064a\u062d \u0644\u0645 \u064a\u0643\u0646 \u0625\u0644\u0647\u0627\u064b \u0628\u0644 \u0643\u0627\u0646 \u0645\u062c\u0631\u0651\u062f \u0625\u0646\u0633\u0627\u0646\u060c \u0643\u062b\u064a\u0631\u0627\u064b \u0645\u0627 \u062a\u0631\u0627\u0647\u0645 \u064a\u0644\u062c\u0623\u0648\u0646 \u0625\u0644\u0649 \u0627\u0644\u0622\u064a\u0627\u062a \u0627\u0644\u062a\u064a \u062a\u0637\u0644\u0642 \u0639\u0644\u064a\u0647 \u0644\u0642\u0628 &quot;\u0627\u0628\u0646 \u0627\u0644\u0625\u0646\u0633\u0627\u0646&quot; \u0623\u0648 &quot;\u0627\u0628\u0646 \u0627\u0644\u0628\u0634\u0631&quot;.. \u0645\u0648\u0627\u0636\u064a\u0639 \u0645\u062a\u0635\u0644\u0629: \u0623\u0644\u0648\u0647\u064a\u0629 \u0627\u0644\u0645\u0633\u064a\u062d, \u0627\u0628\u0646 \u0627\u0644\u0625\u0646\u0633\u0627\u0646, \u0627\u0628\u0646 \u0627\u0644\u0628\u0634\u0631\" \/>\n<meta property=\"og:url\" content=\"https:\/\/www.orthodoxonline.org\/theology\/ro\/faith-and-theology\/the-son\/the-divinity-nature-and-incarnation\/the-christ-the-son-of-human\/\" \/>\n<meta property=\"og:site_name\" content=\"\u0634\u0628\u0643\u0629 \u0623\u0631\u062b\u0648\u0630\u0643\u0633 \u0623\u0648\u0646\u0644\u0627\u064a\u0646\" \/>\n<meta property=\"article:publisher\" content=\"https:\/\/facebook.com\/orthodoxonline\" \/>\n<meta property=\"article:published_time\" content=\"2009-06-06T13:21:07+00:00\" \/>\n<meta property=\"og:image\" content=\"https:\/\/www.orthodoxonline.org\/theology\/wp-content\/uploads\/sites\/3\/2015\/03\/Orthodoxonline-Logo-Featured-Post.png\" \/>\n\t<meta property=\"og:image:width\" content=\"919\" \/>\n\t<meta property=\"og:image:height\" content=\"400\" \/>\n\t<meta property=\"og:image:type\" content=\"image\/png\" \/>\n<meta name=\"author\" content=\"\u0646\u0634\u0631\u0629 \u0645\u0637\u0631\u0627\u0646\u064a\u0629 \u0627\u0644\u0644\u0627\u0630\u0642\u064a\u0629\" \/>\n<meta name=\"twitter:card\" content=\"summary_large_image\" \/>\n<meta name=\"twitter:creator\" content=\"@orthodoxonline\" \/>\n<meta name=\"twitter:site\" content=\"@orthodoxonline\" \/>\n<meta name=\"twitter:label1\" content=\"Scris de\" \/>\n\t<meta name=\"twitter:data1\" content=\"\u0646\u0634\u0631\u0629 \u0645\u0637\u0631\u0627\u0646\u064a\u0629 \u0627\u0644\u0644\u0627\u0630\u0642\u064a\u0629\" \/>\n<script type=\"application\/ld+json\" class=\"yoast-schema-graph\">{\"@context\":\"https:\\\/\\\/schema.org\",\"@graph\":[{\"@type\":\"Article\",\"@id\":\"https:\\\/\\\/www.orthodoxonline.org\\\/theology\\\/faith-and-theology\\\/the-son\\\/the-divinity-nature-and-incarnation\\\/the-christ-the-son-of-human\\\/#article\",\"isPartOf\":{\"@id\":\"https:\\\/\\\/www.orthodoxonline.org\\\/theology\\\/faith-and-theology\\\/the-son\\\/the-divinity-nature-and-incarnation\\\/the-christ-the-son-of-human\\\/\"},\"author\":{\"name\":\"\u0646\u0634\u0631\u0629 \u0645\u0637\u0631\u0627\u0646\u064a\u0629 \u0627\u0644\u0644\u0627\u0630\u0642\u064a\u0629\",\"@id\":\"https:\\\/\\\/www.orthodoxonline.org\\\/theology\\\/#\\\/schema\\\/person\\\/deffb82692f10a9476f9e2f1c8474572\"},\"headline\":\"\u0627\u0644\u0645\u0633\u064a\u062d \u0627\u0628\u0646 \u0627\u0644\u0628\u0634\u0631\",\"datePublished\":\"2009-06-06T13:21:07+00:00\",\"mainEntityOfPage\":{\"@id\":\"https:\\\/\\\/www.orthodoxonline.org\\\/theology\\\/faith-and-theology\\\/the-son\\\/the-divinity-nature-and-incarnation\\\/the-christ-the-son-of-human\\\/\"},\"wordCount\":4,\"publisher\":{\"@id\":\"https:\\\/\\\/www.orthodoxonline.org\\\/theology\\\/#organization\"},\"image\":{\"@id\":\"https:\\\/\\\/www.orthodoxonline.org\\\/theology\\\/faith-and-theology\\\/the-son\\\/the-divinity-nature-and-incarnation\\\/the-christ-the-son-of-human\\\/#primaryimage\"},\"thumbnailUrl\":\"https:\\\/\\\/www.orthodoxonline.org\\\/theology\\\/wp-content\\\/uploads\\\/sites\\\/3\\\/2015\\\/03\\\/Orthodoxonline-Logo-Featured-Post.png\",\"keywords\":[\"\u0623\u0644\u0648\u0647\u064a\u0629 \u0627\u0644\u0645\u0633\u064a\u062d\",\"\u0627\u0628\u0646 \u0627\u0644\u0625\u0646\u0633\u0627\u0646\",\"\u0627\u0628\u0646 \u0627\u0644\u0628\u0634\u0631\"],\"articleSection\":[\"\u0627\u0628\u0646 \u0627\u0644\u0644\u0647 - \u0627\u0644\u0643\u0644\u0645\u0629 \u0627\u0644\u0645\u062a\u062c\u0633\u062f\"],\"inLanguage\":\"ro-RO\"},{\"@type\":\"WebPage\",\"@id\":\"https:\\\/\\\/www.orthodoxonline.org\\\/theology\\\/faith-and-theology\\\/the-son\\\/the-divinity-nature-and-incarnation\\\/the-christ-the-son-of-human\\\/\",\"url\":\"https:\\\/\\\/www.orthodoxonline.org\\\/theology\\\/faith-and-theology\\\/the-son\\\/the-divinity-nature-and-incarnation\\\/the-christ-the-son-of-human\\\/\",\"name\":\"\u0627\u0644\u0645\u0633\u064a\u062d \u0627\u0628\u0646 \u0627\u0644\u0628\u0634\u0631 - \u0627\u0628\u0646 \u0627\u0644\u0644\u0647 - \u0627\u0644\u0643\u0644\u0645\u0629 \u0627\u0644\u0645\u062a\u062c\u0633\u062f - \u0634\u0628\u0643\u0629 \u0623\u0631\u062b\u0648\u0630\u0643\u0633 \u0623\u0648\u0646\u0644\u0627\u064a\u0646\",\"isPartOf\":{\"@id\":\"https:\\\/\\\/www.orthodoxonline.org\\\/theology\\\/#website\"},\"primaryImageOfPage\":{\"@id\":\"https:\\\/\\\/www.orthodoxonline.org\\\/theology\\\/faith-and-theology\\\/the-son\\\/the-divinity-nature-and-incarnation\\\/the-christ-the-son-of-human\\\/#primaryimage\"},\"image\":{\"@id\":\"https:\\\/\\\/www.orthodoxonline.org\\\/theology\\\/faith-and-theology\\\/the-son\\\/the-divinity-nature-and-incarnation\\\/the-christ-the-son-of-human\\\/#primaryimage\"},\"thumbnailUrl\":\"https:\\\/\\\/www.orthodoxonline.org\\\/theology\\\/wp-content\\\/uploads\\\/sites\\\/3\\\/2015\\\/03\\\/Orthodoxonline-Logo-Featured-Post.png\",\"datePublished\":\"2009-06-06T13:21:07+00:00\",\"description\":\": \u0639\u0646\u062f\u0645\u0627 \u064a\u0631\u064a\u062f \u0627\u0644\u0628\u0639\u0636 \u0623\u0646 \u064a\u0624\u0643\u062f \u0623\u0646 \u0627\u0644\u0645\u0633\u064a\u062d \u0644\u0645 \u064a\u0643\u0646 \u0625\u0644\u0647\u0627\u064b \u0628\u0644 \u0643\u0627\u0646 \u0645\u062c\u0631\u0651\u062f \u0625\u0646\u0633\u0627\u0646\u060c \u0643\u062b\u064a\u0631\u0627\u064b \u0645\u0627 \u062a\u0631\u0627\u0647\u0645 \u064a\u0644\u062c\u0623\u0648\u0646 \u0625\u0644\u0649 \u0627\u0644\u0622\u064a\u0627\u062a \u0627\u0644\u062a\u064a \u062a\u0637\u0644\u0642 \u0639\u0644\u064a\u0647 \u0644\u0642\u0628 \\\"\u0627\u0628\u0646 \u0627\u0644\u0625\u0646\u0633\u0627\u0646\\\" \u0623\u0648 \\\"\u0627\u0628\u0646 \u0627\u0644\u0628\u0634\u0631\\\".. \u0645\u0648\u0627\u0636\u064a\u0639 \u0645\u062a\u0635\u0644\u0629: \u0623\u0644\u0648\u0647\u064a\u0629 \u0627\u0644\u0645\u0633\u064a\u062d, \u0627\u0628\u0646 \u0627\u0644\u0625\u0646\u0633\u0627\u0646, \u0627\u0628\u0646 \u0627\u0644\u0628\u0634\u0631\",\"breadcrumb\":{\"@id\":\"https:\\\/\\\/www.orthodoxonline.org\\\/theology\\\/faith-and-theology\\\/the-son\\\/the-divinity-nature-and-incarnation\\\/the-christ-the-son-of-human\\\/#breadcrumb\"},\"inLanguage\":\"ro-RO\",\"potentialAction\":[{\"@type\":\"ReadAction\",\"target\":[\"https:\\\/\\\/www.orthodoxonline.org\\\/theology\\\/faith-and-theology\\\/the-son\\\/the-divinity-nature-and-incarnation\\\/the-christ-the-son-of-human\\\/\"]}]},{\"@type\":\"ImageObject\",\"inLanguage\":\"ro-RO\",\"@id\":\"https:\\\/\\\/www.orthodoxonline.org\\\/theology\\\/faith-and-theology\\\/the-son\\\/the-divinity-nature-and-incarnation\\\/the-christ-the-son-of-human\\\/#primaryimage\",\"url\":\"https:\\\/\\\/www.orthodoxonline.org\\\/theology\\\/wp-content\\\/uploads\\\/sites\\\/3\\\/2015\\\/03\\\/Orthodoxonline-Logo-Featured-Post.png\",\"contentUrl\":\"https:\\\/\\\/www.orthodoxonline.org\\\/theology\\\/wp-content\\\/uploads\\\/sites\\\/3\\\/2015\\\/03\\\/Orthodoxonline-Logo-Featured-Post.png\",\"width\":919,\"height\":400},{\"@type\":\"BreadcrumbList\",\"@id\":\"https:\\\/\\\/www.orthodoxonline.org\\\/theology\\\/faith-and-theology\\\/the-son\\\/the-divinity-nature-and-incarnation\\\/the-christ-the-son-of-human\\\/#breadcrumb\",\"itemListElement\":[{\"@type\":\"ListItem\",\"position\":1,\"name\":\"\u0627\u0644\u0631\u0626\u064a\u0633\u064a\u0629\",\"item\":\"https:\\\/\\\/www.orthodoxonline.org\\\/theology\\\/\"},{\"@type\":\"ListItem\",\"position\":2,\"name\":\"\u0627\u0644\u0625\u064a\u0645\u0627\u0646 \u0648\u0627\u0644\u0644\u0627\u0647\u0648\u062a \u0627\u0644\u0623\u0631\u062b\u0648\u0630\u0643\u0633\u064a\",\"item\":\"https:\\\/\\\/www.orthodoxonline.org\\\/theology\\\/faith-and-theology\\\/\"},{\"@type\":\"ListItem\",\"position\":3,\"name\":\"\u0627\u0642\u0646\u0648\u0645 \u0627\u0644\u0627\u0628\u0646\",\"item\":\"https:\\\/\\\/www.orthodoxonline.org\\\/theology\\\/faith-and-theology\\\/the-son\\\/\"},{\"@type\":\"ListItem\",\"position\":4,\"name\":\"\u0627\u0628\u0646 \u0627\u0644\u0644\u0647 - \u0627\u0644\u0643\u0644\u0645\u0629 \u0627\u0644\u0645\u062a\u062c\u0633\u062f\",\"item\":\"https:\\\/\\\/www.orthodoxonline.org\\\/theology\\\/faith-and-theology\\\/the-son\\\/the-divinity-nature-and-incarnation\\\/\"},{\"@type\":\"ListItem\",\"position\":5,\"name\":\"\u0627\u0644\u0645\u0633\u064a\u062d \u0627\u0628\u0646 \u0627\u0644\u0628\u0634\u0631\"}]},{\"@type\":\"WebSite\",\"@id\":\"https:\\\/\\\/www.orthodoxonline.org\\\/theology\\\/#website\",\"url\":\"https:\\\/\\\/www.orthodoxonline.org\\\/theology\\\/\",\"name\":\"\u0623\u0631\u062b\u0648\u0630\u0643\u0633 \u0623\u0648\u0646\u0644\u0627\u064a\u0646\",\"description\":\"\u0625\u064a\u0645\u0627\u0646\u060c \u0639\u0642\u0627\u0626\u062f\u060c \u062a\u0627\u0631\u064a\u062e\u060c \u0644\u064a\u062a\u0648\u0631\u062c\u064a\u0629 \u0648\u062d\u064a\u0627\u0629 \u0627\u0644\u0643\u0646\u064a\u0633\u0629 \u0627\u0644\u0623\u0631\u062b\u0648\u0630\u0643\u0633\u064a\u0629 - \u0627\u0644\u0631\u0648\u0645 \u0627\u0644\u0623\u0631\u062b\u0648\u0630\u0643\u0633\",\"publisher\":{\"@id\":\"https:\\\/\\\/www.orthodoxonline.org\\\/theology\\\/#organization\"},\"alternateName\":\"\u0634\u0628\u0643\u0629 \u0623\u0631\u062b\u0648\u0630\u0643\u0633 \u0623\u0648\u0646\u0644\u0627\u064a\u0646\",\"potentialAction\":[{\"@type\":\"SearchAction\",\"target\":{\"@type\":\"EntryPoint\",\"urlTemplate\":\"https:\\\/\\\/www.orthodoxonline.org\\\/theology\\\/?s={search_term_string}\"},\"query-input\":{\"@type\":\"PropertyValueSpecification\",\"valueRequired\":true,\"valueName\":\"search_term_string\"}}],\"inLanguage\":\"ro-RO\"},{\"@type\":\"Organization\",\"@id\":\"https:\\\/\\\/www.orthodoxonline.org\\\/theology\\\/#organization\",\"name\":\"\u0634\u0628\u0643\u0629 \u0623\u0631\u062b\u0648\u0630\u0643\u0633 \u0623\u0648\u0646\u0644\u0627\u064a\u0646\",\"url\":\"https:\\\/\\\/www.orthodoxonline.org\\\/theology\\\/\",\"logo\":{\"@type\":\"ImageObject\",\"inLanguage\":\"ro-RO\",\"@id\":\"https:\\\/\\\/www.orthodoxonline.org\\\/theology\\\/#\\\/schema\\\/logo\\\/image\\\/\",\"url\":\"https:\\\/\\\/www.orthodoxonline.org\\\/theology\\\/wp-content\\\/uploads\\\/sites\\\/3\\\/2023\\\/07\\\/Logo-Header.png\",\"contentUrl\":\"https:\\\/\\\/www.orthodoxonline.org\\\/theology\\\/wp-content\\\/uploads\\\/sites\\\/3\\\/2023\\\/07\\\/Logo-Header.png\",\"width\":200,\"height\":200,\"caption\":\"\u0634\u0628\u0643\u0629 \u0623\u0631\u062b\u0648\u0630\u0643\u0633 \u0623\u0648\u0646\u0644\u0627\u064a\u0646\"},\"image\":{\"@id\":\"https:\\\/\\\/www.orthodoxonline.org\\\/theology\\\/#\\\/schema\\\/logo\\\/image\\\/\"},\"sameAs\":[\"https:\\\/\\\/facebook.com\\\/orthodoxonline\",\"https:\\\/\\\/x.com\\\/orthodoxonline\",\"https:\\\/\\\/www.instagram.com\\\/orthodoxonline\\\/\",\"https:\\\/\\\/www.youtube.com\\\/orthodoxonline\"],\"foundingDate\":\"2006-09-20\"},{\"@type\":\"Person\",\"@id\":\"https:\\\/\\\/www.orthodoxonline.org\\\/theology\\\/#\\\/schema\\\/person\\\/deffb82692f10a9476f9e2f1c8474572\",\"name\":\"\u0646\u0634\u0631\u0629 \u0645\u0637\u0631\u0627\u0646\u064a\u0629 \u0627\u0644\u0644\u0627\u0630\u0642\u064a\u0629\",\"image\":{\"@type\":\"ImageObject\",\"inLanguage\":\"ro-RO\",\"@id\":\"https:\\\/\\\/www.orthodoxonline.org\\\/theology\\\/wp-content\\\/litespeed\\\/avatar\\\/3\\\/9b598a4339bf6e4af55cbb0002a30d6b.jpg?ver=1776870467\",\"url\":\"https:\\\/\\\/www.orthodoxonline.org\\\/theology\\\/wp-content\\\/litespeed\\\/avatar\\\/3\\\/9b598a4339bf6e4af55cbb0002a30d6b.jpg?ver=1776870467\",\"contentUrl\":\"https:\\\/\\\/www.orthodoxonline.org\\\/theology\\\/wp-content\\\/litespeed\\\/avatar\\\/3\\\/9b598a4339bf6e4af55cbb0002a30d6b.jpg?ver=1776870467\",\"caption\":\"\u0646\u0634\u0631\u0629 \u0645\u0637\u0631\u0627\u0646\u064a\u0629 \u0627\u0644\u0644\u0627\u0630\u0642\u064a\u0629\"},\"url\":\"http:\\\/\\\/www.orthodoxonline.org\\\/theology\\\/ro\\\/author\\\/latakia\\\/\"}]}<\/script>\n<!-- \/ Yoast SEO Premium plugin. -->","yoast_head_json":{"title":"Hristos, Fiul Omului - Fiul lui Dumnezeu - Cuv\u00e2ntul \u00eentrupat - Re\u021beaua online ortodox\u0103","description":": \u0639\u0646\u062f\u0645\u0627 \u064a\u0631\u064a\u062f \u0627\u0644\u0628\u0639\u0636 \u0623\u0646 \u064a\u0624\u0643\u062f \u0623\u0646 \u0627\u0644\u0645\u0633\u064a\u062d \u0644\u0645 \u064a\u0643\u0646 \u0625\u0644\u0647\u0627\u064b \u0628\u0644 \u0643\u0627\u0646 \u0645\u062c\u0631\u0651\u062f \u0625\u0646\u0633\u0627\u0646\u060c \u0643\u062b\u064a\u0631\u0627\u064b \u0645\u0627 \u062a\u0631\u0627\u0647\u0645 \u064a\u0644\u062c\u0623\u0648\u0646 \u0625\u0644\u0649 \u0627\u0644\u0622\u064a\u0627\u062a \u0627\u0644\u062a\u064a \u062a\u0637\u0644\u0642 \u0639\u0644\u064a\u0647 \u0644\u0642\u0628 \"\u0627\u0628\u0646 \u0627\u0644\u0625\u0646\u0633\u0627\u0646\" \u0623\u0648 \"\u0627\u0628\u0646 \u0627\u0644\u0628\u0634\u0631\".. \u0645\u0648\u0627\u0636\u064a\u0639 \u0645\u062a\u0635\u0644\u0629: \u0623\u0644\u0648\u0647\u064a\u0629 \u0627\u0644\u0645\u0633\u064a\u062d, \u0627\u0628\u0646 \u0627\u0644\u0625\u0646\u0633\u0627\u0646, \u0627\u0628\u0646 \u0627\u0644\u0628\u0634\u0631","robots":{"index":"index","follow":"follow","max-snippet":"max-snippet:-1","max-image-preview":"max-image-preview:large","max-video-preview":"max-video-preview:-1"},"canonical":"https:\/\/www.orthodoxonline.org\/theology\/ro\/faith-and-theology\/the-son\/the-divinity-nature-and-incarnation\/the-christ-the-son-of-human\/","og_locale":"ro_RO","og_type":"article","og_title":"\u0627\u0644\u0645\u0633\u064a\u062d \u0627\u0628\u0646 \u0627\u0644\u0628\u0634\u0631 - \u0634\u0628\u0643\u0629 \u0623\u0631\u062b\u0648\u0630\u0643\u0633 \u0623\u0648\u0646\u0644\u0627\u064a\u0646","og_description":":\u0639\u0646\u062f\u0645\u0627 \u064a\u0631\u064a\u062f \u0627\u0644\u0628\u0639\u0636 \u0623\u0646 \u064a\u0624\u0643\u062f \u0623\u0646 \u0627\u0644\u0645\u0633\u064a\u062d \u0644\u0645 \u064a\u0643\u0646 \u0625\u0644\u0647\u0627\u064b \u0628\u0644 \u0643\u0627\u0646 \u0645\u062c\u0631\u0651\u062f \u0625\u0646\u0633\u0627\u0646\u060c \u0643\u062b\u064a\u0631\u0627\u064b \u0645\u0627 \u062a\u0631\u0627\u0647\u0645 \u064a\u0644\u062c\u0623\u0648\u0646 \u0625\u0644\u0649 \u0627\u0644\u0622\u064a\u0627\u062a \u0627\u0644\u062a\u064a \u062a\u0637\u0644\u0642 \u0639\u0644\u064a\u0647 \u0644\u0642\u0628 \"\u0627\u0628\u0646 \u0627\u0644\u0625\u0646\u0633\u0627\u0646\" \u0623\u0648 \"\u0627\u0628\u0646 \u0627\u0644\u0628\u0634\u0631\".. \u0645\u0648\u0627\u0636\u064a\u0639 \u0645\u062a\u0635\u0644\u0629: \u0623\u0644\u0648\u0647\u064a\u0629 \u0627\u0644\u0645\u0633\u064a\u062d, \u0627\u0628\u0646 \u0627\u0644\u0625\u0646\u0633\u0627\u0646, \u0627\u0628\u0646 \u0627\u0644\u0628\u0634\u0631","og_url":"https:\/\/www.orthodoxonline.org\/theology\/ro\/faith-and-theology\/the-son\/the-divinity-nature-and-incarnation\/the-christ-the-son-of-human\/","og_site_name":"\u0634\u0628\u0643\u0629 \u0623\u0631\u062b\u0648\u0630\u0643\u0633 \u0623\u0648\u0646\u0644\u0627\u064a\u0646","article_publisher":"https:\/\/facebook.com\/orthodoxonline","article_published_time":"2009-06-06T13:21:07+00:00","og_image":[{"width":919,"height":400,"url":"https:\/\/www.orthodoxonline.org\/theology\/wp-content\/uploads\/sites\/3\/2015\/03\/Orthodoxonline-Logo-Featured-Post.png","type":"image\/png"}],"author":"\u0646\u0634\u0631\u0629 \u0645\u0637\u0631\u0627\u0646\u064a\u0629 \u0627\u0644\u0644\u0627\u0630\u0642\u064a\u0629","twitter_card":"summary_large_image","twitter_creator":"@orthodoxonline","twitter_site":"@orthodoxonline","twitter_misc":{"Scris de":"\u0646\u0634\u0631\u0629 \u0645\u0637\u0631\u0627\u0646\u064a\u0629 \u0627\u0644\u0644\u0627\u0630\u0642\u064a\u0629"},"schema":{"@context":"https:\/\/schema.org","@graph":[{"@type":"Article","@id":"https:\/\/www.orthodoxonline.org\/theology\/faith-and-theology\/the-son\/the-divinity-nature-and-incarnation\/the-christ-the-son-of-human\/#article","isPartOf":{"@id":"https:\/\/www.orthodoxonline.org\/theology\/faith-and-theology\/the-son\/the-divinity-nature-and-incarnation\/the-christ-the-son-of-human\/"},"author":{"name":"\u0646\u0634\u0631\u0629 \u0645\u0637\u0631\u0627\u0646\u064a\u0629 \u0627\u0644\u0644\u0627\u0630\u0642\u064a\u0629","@id":"https:\/\/www.orthodoxonline.org\/theology\/#\/schema\/person\/deffb82692f10a9476f9e2f1c8474572"},"headline":"\u0627\u0644\u0645\u0633\u064a\u062d \u0627\u0628\u0646 \u0627\u0644\u0628\u0634\u0631","datePublished":"2009-06-06T13:21:07+00:00","mainEntityOfPage":{"@id":"https:\/\/www.orthodoxonline.org\/theology\/faith-and-theology\/the-son\/the-divinity-nature-and-incarnation\/the-christ-the-son-of-human\/"},"wordCount":4,"publisher":{"@id":"https:\/\/www.orthodoxonline.org\/theology\/#organization"},"image":{"@id":"https:\/\/www.orthodoxonline.org\/theology\/faith-and-theology\/the-son\/the-divinity-nature-and-incarnation\/the-christ-the-son-of-human\/#primaryimage"},"thumbnailUrl":"https:\/\/www.orthodoxonline.org\/theology\/wp-content\/uploads\/sites\/3\/2015\/03\/Orthodoxonline-Logo-Featured-Post.png","keywords":["\u0623\u0644\u0648\u0647\u064a\u0629 \u0627\u0644\u0645\u0633\u064a\u062d","\u0627\u0628\u0646 \u0627\u0644\u0625\u0646\u0633\u0627\u0646","\u0627\u0628\u0646 \u0627\u0644\u0628\u0634\u0631"],"articleSection":["\u0627\u0628\u0646 \u0627\u0644\u0644\u0647 - \u0627\u0644\u0643\u0644\u0645\u0629 \u0627\u0644\u0645\u062a\u062c\u0633\u062f"],"inLanguage":"ro-RO"},{"@type":"WebPage","@id":"https:\/\/www.orthodoxonline.org\/theology\/faith-and-theology\/the-son\/the-divinity-nature-and-incarnation\/the-christ-the-son-of-human\/","url":"https:\/\/www.orthodoxonline.org\/theology\/faith-and-theology\/the-son\/the-divinity-nature-and-incarnation\/the-christ-the-son-of-human\/","name":"Hristos, Fiul Omului - Fiul lui Dumnezeu - Cuv\u00e2ntul \u00eentrupat - Re\u021beaua online ortodox\u0103","isPartOf":{"@id":"https:\/\/www.orthodoxonline.org\/theology\/#website"},"primaryImageOfPage":{"@id":"https:\/\/www.orthodoxonline.org\/theology\/faith-and-theology\/the-son\/the-divinity-nature-and-incarnation\/the-christ-the-son-of-human\/#primaryimage"},"image":{"@id":"https:\/\/www.orthodoxonline.org\/theology\/faith-and-theology\/the-son\/the-divinity-nature-and-incarnation\/the-christ-the-son-of-human\/#primaryimage"},"thumbnailUrl":"https:\/\/www.orthodoxonline.org\/theology\/wp-content\/uploads\/sites\/3\/2015\/03\/Orthodoxonline-Logo-Featured-Post.png","datePublished":"2009-06-06T13:21:07+00:00","description":": \u0639\u0646\u062f\u0645\u0627 \u064a\u0631\u064a\u062f \u0627\u0644\u0628\u0639\u0636 \u0623\u0646 \u064a\u0624\u0643\u062f \u0623\u0646 \u0627\u0644\u0645\u0633\u064a\u062d \u0644\u0645 \u064a\u0643\u0646 \u0625\u0644\u0647\u0627\u064b \u0628\u0644 \u0643\u0627\u0646 \u0645\u062c\u0631\u0651\u062f \u0625\u0646\u0633\u0627\u0646\u060c \u0643\u062b\u064a\u0631\u0627\u064b \u0645\u0627 \u062a\u0631\u0627\u0647\u0645 \u064a\u0644\u062c\u0623\u0648\u0646 \u0625\u0644\u0649 \u0627\u0644\u0622\u064a\u0627\u062a \u0627\u0644\u062a\u064a \u062a\u0637\u0644\u0642 \u0639\u0644\u064a\u0647 \u0644\u0642\u0628 \"\u0627\u0628\u0646 \u0627\u0644\u0625\u0646\u0633\u0627\u0646\" \u0623\u0648 \"\u0627\u0628\u0646 \u0627\u0644\u0628\u0634\u0631\".. \u0645\u0648\u0627\u0636\u064a\u0639 \u0645\u062a\u0635\u0644\u0629: \u0623\u0644\u0648\u0647\u064a\u0629 \u0627\u0644\u0645\u0633\u064a\u062d, \u0627\u0628\u0646 \u0627\u0644\u0625\u0646\u0633\u0627\u0646, \u0627\u0628\u0646 \u0627\u0644\u0628\u0634\u0631","breadcrumb":{"@id":"https:\/\/www.orthodoxonline.org\/theology\/faith-and-theology\/the-son\/the-divinity-nature-and-incarnation\/the-christ-the-son-of-human\/#breadcrumb"},"inLanguage":"ro-RO","potentialAction":[{"@type":"ReadAction","target":["https:\/\/www.orthodoxonline.org\/theology\/faith-and-theology\/the-son\/the-divinity-nature-and-incarnation\/the-christ-the-son-of-human\/"]}]},{"@type":"ImageObject","inLanguage":"ro-RO","@id":"https:\/\/www.orthodoxonline.org\/theology\/faith-and-theology\/the-son\/the-divinity-nature-and-incarnation\/the-christ-the-son-of-human\/#primaryimage","url":"https:\/\/www.orthodoxonline.org\/theology\/wp-content\/uploads\/sites\/3\/2015\/03\/Orthodoxonline-Logo-Featured-Post.png","contentUrl":"https:\/\/www.orthodoxonline.org\/theology\/wp-content\/uploads\/sites\/3\/2015\/03\/Orthodoxonline-Logo-Featured-Post.png","width":919,"height":400},{"@type":"BreadcrumbList","@id":"https:\/\/www.orthodoxonline.org\/theology\/faith-and-theology\/the-son\/the-divinity-nature-and-incarnation\/the-christ-the-son-of-human\/#breadcrumb","itemListElement":[{"@type":"ListItem","position":1,"name":"\u0627\u0644\u0631\u0626\u064a\u0633\u064a\u0629","item":"https:\/\/www.orthodoxonline.org\/theology\/"},{"@type":"ListItem","position":2,"name":"\u0627\u0644\u0625\u064a\u0645\u0627\u0646 \u0648\u0627\u0644\u0644\u0627\u0647\u0648\u062a \u0627\u0644\u0623\u0631\u062b\u0648\u0630\u0643\u0633\u064a","item":"https:\/\/www.orthodoxonline.org\/theology\/faith-and-theology\/"},{"@type":"ListItem","position":3,"name":"\u0627\u0642\u0646\u0648\u0645 \u0627\u0644\u0627\u0628\u0646","item":"https:\/\/www.orthodoxonline.org\/theology\/faith-and-theology\/the-son\/"},{"@type":"ListItem","position":4,"name":"\u0627\u0628\u0646 \u0627\u0644\u0644\u0647 - \u0627\u0644\u0643\u0644\u0645\u0629 \u0627\u0644\u0645\u062a\u062c\u0633\u062f","item":"https:\/\/www.orthodoxonline.org\/theology\/faith-and-theology\/the-son\/the-divinity-nature-and-incarnation\/"},{"@type":"ListItem","position":5,"name":"\u0627\u0644\u0645\u0633\u064a\u062d \u0627\u0628\u0646 \u0627\u0644\u0628\u0634\u0631"}]},{"@type":"WebSite","@id":"https:\/\/www.orthodoxonline.org\/theology\/#website","url":"https:\/\/www.orthodoxonline.org\/theology\/","name":"Ortodox Online","description":"Credin\u021ba, doctrinele, istoria, liturghia \u0219i via\u021ba Bisericii Ortodoxe - Ortodox\u0103 Greac\u0103","publisher":{"@id":"https:\/\/www.orthodoxonline.org\/theology\/#organization"},"alternateName":"\u0634\u0628\u0643\u0629 \u0623\u0631\u062b\u0648\u0630\u0643\u0633 \u0623\u0648\u0646\u0644\u0627\u064a\u0646","potentialAction":[{"@type":"SearchAction","target":{"@type":"EntryPoint","urlTemplate":"https:\/\/www.orthodoxonline.org\/theology\/?s={search_term_string}"},"query-input":{"@type":"PropertyValueSpecification","valueRequired":true,"valueName":"search_term_string"}}],"inLanguage":"ro-RO"},{"@type":"Organization","@id":"https:\/\/www.orthodoxonline.org\/theology\/#organization","name":"Re\u021beaua online ortodox\u0103","url":"https:\/\/www.orthodoxonline.org\/theology\/","logo":{"@type":"ImageObject","inLanguage":"ro-RO","@id":"https:\/\/www.orthodoxonline.org\/theology\/#\/schema\/logo\/image\/","url":"https:\/\/www.orthodoxonline.org\/theology\/wp-content\/uploads\/sites\/3\/2023\/07\/Logo-Header.png","contentUrl":"https:\/\/www.orthodoxonline.org\/theology\/wp-content\/uploads\/sites\/3\/2023\/07\/Logo-Header.png","width":200,"height":200,"caption":"\u0634\u0628\u0643\u0629 \u0623\u0631\u062b\u0648\u0630\u0643\u0633 \u0623\u0648\u0646\u0644\u0627\u064a\u0646"},"image":{"@id":"https:\/\/www.orthodoxonline.org\/theology\/#\/schema\/logo\/image\/"},"sameAs":["https:\/\/facebook.com\/orthodoxonline","https:\/\/x.com\/orthodoxonline","https:\/\/www.instagram.com\/orthodoxonline\/","https:\/\/www.youtube.com\/orthodoxonline"],"foundingDate":"2006-09-20"},{"@type":"Person","@id":"https:\/\/www.orthodoxonline.org\/theology\/#\/schema\/person\/deffb82692f10a9476f9e2f1c8474572","name":"Buletinul Arhiepiscopiei Lattakia","image":{"@type":"ImageObject","inLanguage":"ro-RO","@id":"https:\/\/www.orthodoxonline.org\/theology\/wp-content\/litespeed\/avatar\/3\/9b598a4339bf6e4af55cbb0002a30d6b.jpg?ver=1776870467","url":"https:\/\/www.orthodoxonline.org\/theology\/wp-content\/litespeed\/avatar\/3\/9b598a4339bf6e4af55cbb0002a30d6b.jpg?ver=1776870467","contentUrl":"https:\/\/www.orthodoxonline.org\/theology\/wp-content\/litespeed\/avatar\/3\/9b598a4339bf6e4af55cbb0002a30d6b.jpg?ver=1776870467","caption":"\u0646\u0634\u0631\u0629 \u0645\u0637\u0631\u0627\u0646\u064a\u0629 \u0627\u0644\u0644\u0627\u0630\u0642\u064a\u0629"},"url":"http:\/\/www.orthodoxonline.org\/theology\/ro\/author\/latakia\/"}]}},"wps_subtitle":"","amp_enabled":true,"_links":{"self":[{"href":"http:\/\/www.orthodoxonline.org\/theology\/ro\/wp-json\/wp\/v2\/posts\/1041","targetHints":{"allow":["GET"]}}],"collection":[{"href":"http:\/\/www.orthodoxonline.org\/theology\/ro\/wp-json\/wp\/v2\/posts"}],"about":[{"href":"http:\/\/www.orthodoxonline.org\/theology\/ro\/wp-json\/wp\/v2\/types\/post"}],"author":[{"embeddable":true,"href":"http:\/\/www.orthodoxonline.org\/theology\/ro\/wp-json\/wp\/v2\/users\/9"}],"replies":[{"embeddable":true,"href":"http:\/\/www.orthodoxonline.org\/theology\/ro\/wp-json\/wp\/v2\/comments?post=1041"}],"version-history":[{"count":0,"href":"http:\/\/www.orthodoxonline.org\/theology\/ro\/wp-json\/wp\/v2\/posts\/1041\/revisions"}],"wp:featuredmedia":[{"embeddable":true,"href":"http:\/\/www.orthodoxonline.org\/theology\/ro\/wp-json\/wp\/v2\/media\/3449"}],"wp:attachment":[{"href":"http:\/\/www.orthodoxonline.org\/theology\/ro\/wp-json\/wp\/v2\/media?parent=1041"}],"wp:term":[{"taxonomy":"category","embeddable":true,"href":"http:\/\/www.orthodoxonline.org\/theology\/ro\/wp-json\/wp\/v2\/categories?post=1041"},{"taxonomy":"post_tag","embeddable":true,"href":"http:\/\/www.orthodoxonline.org\/theology\/ro\/wp-json\/wp\/v2\/tags?post=1041"}],"curies":[{"name":"wp","href":"https:\/\/api.w.org\/{rel}","templated":true}]}}