{"id":538,"date":"2009-02-20T18:32:40","date_gmt":"2009-02-20T18:32:40","guid":{"rendered":"http:\/\/orthodoxonline.org\/theology\/saints-and-fathers\/ba-ta-tha\/saint-parasceva-ascetic-the-virgin-martyr\/"},"modified":"2009-02-20T18:32:40","modified_gmt":"2009-02-20T18:32:40","slug":"saint-parasceva-ascetic-the-virgin-martyr","status":"publish","type":"post","link":"http:\/\/www.orthodoxonline.org\/theology\/sv\/saints-and-fathers\/ba-ta-tha\/saint-parasceva-ascetic-the-virgin-martyr\/","title":{"rendered":"Parasikvi martyren"},"content":{"rendered":"<p><img decoding=\"async\" class=\"alignleft size-full wp-image-537\" src=\"http:\/\/orthodoxonline.org\/theology\/wp-content\/uploads\/sites\/3\/2009\/02\/26_july_paraskeva.jpg\" alt=\"Sankt Parasikvi\" style=\"float: left;\" title=\"Sankt Parasikvi\" height=\"150\" width=\"108\" srcset=\"https:\/\/www.orthodoxonline.org\/theology\/wp-content\/uploads\/sites\/3\/2009\/02\/26_july_paraskeva.jpg 471w, https:\/\/www.orthodoxonline.org\/theology\/wp-content\/uploads\/sites\/3\/2009\/02\/26_july_paraskeva-217x300.jpg 217w\" sizes=\"(max-width: 108px) 100vw, 108px\" \/>Den helige Martyr Paraskevi f\u00f6ddes i en by n\u00e4ra Rom under kejsar Adrianus (117-138) dagar av kristna f\u00f6r\u00e4ldrar, Agathon och Politia. Hon fick namnet Paraskevi eftersom hon f\u00f6ddes p\u00e5 fredagen, heliga dagen. Hon var h\u00e4ngiven Gud sedan barndomen, tillbringade sin tid i kyrkan, bad och studerade Ordet. Hennes f\u00f6r\u00e4ldrar dog n\u00e4r hon var tolv \u00e5r gammal (det s\u00e4gs att hon var tjugo), s\u00e5 hon delade ut sina pengar till beh\u00f6vande och b\u00f6rjade str\u00f6va omkring i st\u00e4derna och byarna och predikade Kristus. Ett stort antal hedningar trodde p\u00e5 det, vilket v\u00e4ckte judarnas avundsjuka, s\u00e5 de f\u00f6rde det till guvern\u00f6ren i regionen d\u00e4r det l\u00e5g.<\/p>\n<p>N\u00e4r hon visade sig inf\u00f6r h\u00e4rskaren f\u00f6rs\u00f6kte han \u00f6vertala henne att offra till de hedniska gudarna, fresta henne med l\u00f6ften och hota henne med pl\u00e5ga, men flickan svarade sj\u00e4lvs\u00e4kert: &quot;Jag kommer aldrig att f\u00f6rneka Jesus Kristus, och ingen pl\u00e5ga kommer att skiljas \u00e5t. mig fr\u00e5n sin k\u00e4rlek, eftersom han sade: Jag \u00e4r v\u00e4rldens ljus. Den som f\u00f6ljer mig kommer inte att vandra i m\u00f6rkret, utan ha livets ljus (Joh. Och dina gudar, som inte skapade himmel eller jord, kommer att f\u00f6rg\u00f6ras fr\u00e5n jorden och under himlen (Jeremia 10:11).<\/p>\n<p>  <!--more-->  <\/p>\n<p>Guvern\u00f6ren blev mycket arg och beordrade Paraskevi att b\u00e4ra en hj\u00e4lm av varmt j\u00e4rn. Hon kastades sedan i f\u00e4ngelse efter sm\u00e4rtsam pl\u00e5ga, och en Herrens \u00e4ngel botade henne. Inf\u00f6r detta under trodde sjuttio av vaktsoldaterna p\u00e5 Kristus, s\u00e5 guvern\u00f6ren beordrade att alla skulle d\u00f6das och fr\u00e5gade Paraskevi, som f\u00f6rnyade sin trosbek\u00e4nnelse. Guvern\u00f6ren beordrade att hon skulle kastas i en beh\u00e5llare fylld med sm\u00e4lt bly. Inte heller h\u00e4r kom hon till skada. Guvern\u00f6ren trodde att kulorna inte var brandfarliga, s\u00e5 han gick fram till honom och blev f\u00f6rblindad av eldens intensitet. Han hade stor sm\u00e4rta och ropade: &quot;F\u00f6rbarma dig \u00f6ver mig, du den sanne Guds tj\u00e4nare, och ge mina \u00f6gon tillbaka synen s\u00e5 att jag kan tro p\u00e5 Gud.&quot; Helgonet bad f\u00f6r honom, s\u00e5 han blev helad och d\u00f6ptes i den heliga treenighetens namn tillsammans med hela sin familj.<\/p>\n<p>Saint Paraskevi l\u00e4mnade regionen fri och fortsatte sitt uppdrag. Hon predikade i en stad som styrdes av en man vid namn Asclepius, n\u00e4r soldaterna ledde henne inf\u00f6r h\u00e4rskaren. Han bad henne presentera sig, s\u00e5 hon gjorde korstecknet och sa att hon var Guds tj\u00e4nare, Skaparen av. himmel och jord, som frivilligt tog emot korsf\u00e4stelse och d\u00f6d f\u00f6r v\u00e5r fr\u00e4lsnings skull, och att han skulle komma i h\u00e4rlighet f\u00f6r att d\u00f6ma levande och d\u00f6da. S\u00e5 Asklepius beordrade henne att piskas och kastas i f\u00e4ngelse. D\u00e4r fann vakterna henne dagen efter vid god h\u00e4lsa. N\u00e4r helgonet bad om att f\u00e5 g\u00e5 till Apollons tempel, gladde hedningarna sig eftersom de trodde att hon skulle offra offret till gudarna. Men hon bad l\u00e4nge och gjorde korstecknet, och statyerna f\u00f6ll till marken och f\u00f6rst\u00f6rdes alla. D\u00e5 ropade folket: Stor \u00e4r de kristnas Gud. Gudarnas pr\u00e4ster blev arga och bad h\u00e4rskaren att s\u00e4tta stopp f\u00f6r Paraskevis sak, s\u00e5 han kastades i en grop som inneh\u00f6ll en drake och ormar, fr\u00e5n vilken han flydde genom b\u00f6n. N\u00e4r Asclepius fann att han inte hade uppn\u00e5tt n\u00e5gra resultat, skickade han honom till en annan region som styrdes av en or\u00e4ttvis man vid namn Trasius.<\/p>\n<p>D\u00e4r b\u00f6rjade Paraskevi bota de sjuka i Kristi namn. H\u00e4rskaren anklagade henne f\u00f6r trolldom och beordrade henne att kastas bland ormarna. Helgonet gjorde korstecknet, och en \u00e4ngel r\u00e4ddade henne fr\u00e5n ormar och all tortyr. H\u00e4rskaren blev arg och beordrade att hon skulle halshuggas. Hon bad mycket med t\u00e5rar och dog som martyr f\u00f6r sin k\u00e4rlek till Kristus. Hennes biografi skrevs av John Ovia p\u00e5 700-talet, inklusive denna sammanfattning. Efter det skrevs andra biografier som skilde sig n\u00e5got fr\u00e5n henne, f\u00f6r att hedra Saint Paraskevi p\u00e5 m\u00e5nga st\u00e4llen, s\u00e4rskilt i Grekland. Den har en ikon i ikonostasen av profeten Elias katedral. Kyrkan firar henne den tjugosj\u00e4tte juli<\/p>\n<p><span style=\"color: #800000;\"><strong>Troparion of Saint Paraskevi:<\/strong><\/span><\/p>\n<p>Eftersom du gjorde ditt intresse anpassat till ditt namn, uppn\u00e5dde du den r\u00e4tta tron som en boning. D\u00e4rf\u00f6r, o du som b\u00e4r jihad, utgjuter du helande och g\u00e5r i f\u00f6rb\u00f6n f\u00f6r v\u00e5ra sj\u00e4lar, O Paraskevi, i enlighet med dess namn. .<\/p>","protected":false},"excerpt":{"rendered":"<p>\u0648\u064f\u0644\u062f\u062a \u0627\u0644\u0642\u062f\u064a\u0633\u0629 \u0627\u0644\u0634\u0647\u064a\u062f\u0629 \u0628\u0627\u0631\u0627\u0633\u0643\u064a\u0641\u064a \u0641\u064a \u0642\u0631\u064a\u0629 \u0642\u0631\u064a\u0628\u0629 \u0645\u0646 \u0631\u0648\u0645\u0627 \u0623\u064a\u0627\u0645 \u0627\u0644\u0627\u0645\u0628\u0631\u0627\u0637\u0648\u0631 \u0627\u062f\u0631\u064a\u0627\u0646\u0648\u0633 (117-138) \u0644\u0648\u0627\u0644\u062f\u064a\u0646 \u0645\u0633\u064a\u062d\u064a\u064a\u0646\u060c \u0623\u063a\u0627\u062b\u0648\u0646 \u0648\u0628\u0648\u0644\u064a\u062a\u064a\u0627. \u0633\u064f\u0645\u0651\u064a\u062a \u0628\u0627\u0631\u0627\u0633\u0643\u064a\u0641\u064a \u0644\u0623\u0646\u0647\u0627 [&hellip;]<\/p>\n","protected":false},"author":12,"featured_media":537,"comment_status":"closed","ping_status":"closed","sticky":false,"template":"","format":"standard","meta":{"_relevanssi_hide_post":"","_relevanssi_hide_content":"","_relevanssi_pin_for_all":"","_relevanssi_pin_keywords":"","_relevanssi_unpin_keywords":"","_relevanssi_related_keywords":"","_relevanssi_related_include_ids":"","_relevanssi_related_exclude_ids":"","_relevanssi_related_no_append":"","_relevanssi_related_not_related":"","_relevanssi_related_posts":"552,691,1802,690,510,511,704,1591,693,2490,688,689","_relevanssi_noindex_reason":"","site-sidebar-layout":"default","site-content-layout":"","ast-site-content-layout":"default","site-content-style":"default","site-sidebar-style":"default","ast-global-header-display":"","ast-banner-title-visibility":"","ast-main-header-display":"","ast-hfb-above-header-display":"","ast-hfb-below-header-display":"","ast-hfb-mobile-header-display":"","site-post-title":"","ast-breadcrumbs-content":"","ast-featured-img":"","footer-sml-layout":"","ast-disable-related-posts":"","theme-transparent-header-meta":"","adv-header-id-meta":"","stick-header-meta":"","header-above-stick-meta":"","header-main-stick-meta":"","header-below-stick-meta":"","astra-migrate-meta-layouts":"default","ast-page-background-enabled":"default","ast-page-background-meta":{"desktop":{"background-color":"var(--ast-global-color-4)","background-image":"","background-repeat":"repeat","background-position":"center center","background-size":"auto","background-attachment":"scroll","background-type":"","background-media":"","overlay-type":"","overlay-color":"","overlay-opacity":"","overlay-gradient":""},"tablet":{"background-color":"","background-image":"","background-repeat":"repeat","background-position":"center center","background-size":"auto","background-attachment":"scroll","background-type":"","background-media":"","overlay-type":"","overlay-color":"","overlay-opacity":"","overlay-gradient":""},"mobile":{"background-color":"","background-image":"","background-repeat":"repeat","background-position":"center center","background-size":"auto","background-attachment":"scroll","background-type":"","background-media":"","overlay-type":"","overlay-color":"","overlay-opacity":"","overlay-gradient":""}},"ast-content-background-meta":{"desktop":{"background-color":"var(--ast-global-color-5)","background-image":"","background-repeat":"repeat","background-position":"center center","background-size":"auto","background-attachment":"scroll","background-type":"","background-media":"","overlay-type":"","overlay-color":"","overlay-opacity":"","overlay-gradient":""},"tablet":{"background-color":"var(--ast-global-color-5)","background-image":"","background-repeat":"repeat","background-position":"center center","background-size":"auto","background-attachment":"scroll","background-type":"","background-media":"","overlay-type":"","overlay-color":"","overlay-opacity":"","overlay-gradient":""},"mobile":{"background-color":"var(--ast-global-color-5)","background-image":"","background-repeat":"repeat","background-position":"center center","background-size":"auto","background-attachment":"scroll","background-type":"","background-media":"","overlay-type":"","overlay-color":"","overlay-opacity":"","overlay-gradient":""}},"footnotes":""},"categories":[69],"tags":[632,633,631,501,618],"class_list":["post-538","post","type-post","status-publish","format-standard","has-post-thumbnail","hentry","category-ba-ta-tha","tag-632","tag-633","tag-631","tag-501","tag-618"],"yoast_head":"<!-- This site is optimized with the Yoast SEO Premium plugin v27.4 (Yoast SEO v27.5) - https:\/\/yoast.com\/product\/yoast-seo-premium-wordpress\/ -->\n<title>\u0628\u0627\u0631\u0627\u0633\u064a\u0643\u0641\u064a \u0627\u0644\u0634\u0647\u064a\u062f\u0629 - \u062d\u0631\u0641: \u0628 - \u062a - \u062b - \u0634\u0628\u0643\u0629 \u0623\u0631\u062b\u0648\u0630\u0643\u0633 \u0623\u0648\u0646\u0644\u0627\u064a\u0646<\/title>\n<meta name=\"description\" content=\": \u0648\u064f\u0644\u062f\u062a \u0627\u0644\u0642\u062f\u064a\u0633\u0629 \u0627\u0644\u0634\u0647\u064a\u062f\u0629 \u0628\u0627\u0631\u0627\u0633\u0643\u064a\u0641\u064a \u0641\u064a \u0642\u0631\u064a\u0629 \u0642\u0631\u064a\u0628\u0629 \u0645\u0646 \u0631\u0648\u0645\u0627 \u0623\u064a\u0627\u0645 \u0627\u0644\u0627\u0645\u0628\u0631\u0627\u0637\u0648\u0631 \u0627\u062f\u0631\u064a\u0627\u0646\u0648\u0633 (117-138) \u0644\u0648\u0627\u0644\u062f\u064a\u0646 \u0645\u0633\u064a\u062d\u064a\u064a\u0646\u060c \u0623\u063a\u0627\u062b\u0648\u0646 \u0648\u0628\u0648\u0644\u064a\u062a\u064a\u0627. \u0633\u064f\u0645\u0651\u064a\u062a \u0628\u0627\u0631\u0627\u0633\u0643\u064a\u0641\u064a \u0644\u0623\u0646\u0647\u0627 \u0648\u064f\u0644\u062f\u062a. \u0645\u0648\u0627\u0636\u064a\u0639 \u0645\u062a\u0635\u0644\u0629: \u0627\u062f\u0631\u064a\u0627\u0646\u0648\u0633, \u0627\u0644\u0642\u0631\u0646 \u0627\u0644\u062b\u0627\u0646\u064a, \u0628\u0627\u0631\u0627\u0633\u0643\u064a\u0641\u064a, \u0631\u0648\u0645\u0627, \u0634\u0647\u064a\u062f\u0629\" \/>\n<meta name=\"robots\" content=\"index, follow, max-snippet:-1, max-image-preview:large, max-video-preview:-1\" \/>\n<link rel=\"canonical\" href=\"https:\/\/www.orthodoxonline.org\/theology\/sv\/saints-and-fathers\/ba-ta-tha\/saint-parasceva-ascetic-the-virgin-martyr\/\" \/>\n<meta property=\"og:locale\" content=\"sv_SE\" \/>\n<meta property=\"og:type\" content=\"article\" \/>\n<meta property=\"og:title\" content=\"\u0628\u0627\u0631\u0627\u0633\u064a\u0643\u0641\u064a \u0627\u0644\u0634\u0647\u064a\u062f\u0629 - \u0634\u0628\u0643\u0629 \u0623\u0631\u062b\u0648\u0630\u0643\u0633 \u0623\u0648\u0646\u0644\u0627\u064a\u0646\" \/>\n<meta property=\"og:description\" content=\":\u0648\u064f\u0644\u062f\u062a \u0627\u0644\u0642\u062f\u064a\u0633\u0629 \u0627\u0644\u0634\u0647\u064a\u062f\u0629 \u0628\u0627\u0631\u0627\u0633\u0643\u064a\u0641\u064a \u0641\u064a \u0642\u0631\u064a\u0629 \u0642\u0631\u064a\u0628\u0629 \u0645\u0646 \u0631\u0648\u0645\u0627 \u0623\u064a\u0627\u0645 \u0627\u0644\u0627\u0645\u0628\u0631\u0627\u0637\u0648\u0631 \u0627\u062f\u0631\u064a\u0627\u0646\u0648\u0633 (117-138) \u0644\u0648\u0627\u0644\u062f\u064a\u0646 \u0645\u0633\u064a\u062d\u064a\u064a\u0646\u060c \u0623\u063a\u0627\u062b\u0648\u0646 \u0648\u0628\u0648\u0644\u064a\u062a\u064a\u0627. \u0633\u064f\u0645\u0651\u064a\u062a \u0628\u0627\u0631\u0627\u0633\u0643\u064a\u0641\u064a \u0644\u0623\u0646\u0647\u0627 \u0648\u064f\u0644\u062f\u062a. \u0645\u0648\u0627\u0636\u064a\u0639 \u0645\u062a\u0635\u0644\u0629: \u0627\u062f\u0631\u064a\u0627\u0646\u0648\u0633, \u0627\u0644\u0642\u0631\u0646 \u0627\u0644\u062b\u0627\u0646\u064a, \u0628\u0627\u0631\u0627\u0633\u0643\u064a\u0641\u064a, \u0631\u0648\u0645\u0627, \u0634\u0647\u064a\u062f\u0629\" \/>\n<meta property=\"og:url\" content=\"https:\/\/www.orthodoxonline.org\/theology\/sv\/saints-and-fathers\/ba-ta-tha\/saint-parasceva-ascetic-the-virgin-martyr\/\" \/>\n<meta property=\"og:site_name\" content=\"\u0634\u0628\u0643\u0629 \u0623\u0631\u062b\u0648\u0630\u0643\u0633 \u0623\u0648\u0646\u0644\u0627\u064a\u0646\" \/>\n<meta property=\"article:publisher\" content=\"https:\/\/facebook.com\/orthodoxonline\" \/>\n<meta property=\"article:published_time\" content=\"2009-02-20T18:32:40+00:00\" \/>\n<meta property=\"og:image\" content=\"https:\/\/www.orthodoxonline.org\/theology\/wp-content\/uploads\/sites\/3\/2009\/02\/26_july_paraskeva.jpg\" \/>\n\t<meta property=\"og:image:width\" content=\"471\" \/>\n\t<meta property=\"og:image:height\" content=\"650\" \/>\n\t<meta property=\"og:image:type\" content=\"image\/jpeg\" \/>\n<meta name=\"author\" content=\"OrthodoxOnline.Org\" \/>\n<meta name=\"twitter:card\" content=\"summary_large_image\" \/>\n<meta name=\"twitter:creator\" content=\"@orthodoxonline\" \/>\n<meta name=\"twitter:site\" content=\"@orthodoxonline\" \/>\n<meta name=\"twitter:label1\" content=\"Skriven av\" \/>\n\t<meta name=\"twitter:data1\" content=\"OrthodoxOnline.Org\" \/>\n<script type=\"application\/ld+json\" class=\"yoast-schema-graph\">{\"@context\":\"https:\\\/\\\/schema.org\",\"@graph\":[{\"@type\":\"Article\",\"@id\":\"https:\\\/\\\/www.orthodoxonline.org\\\/theology\\\/saints-and-fathers\\\/ba-ta-tha\\\/saint-parasceva-ascetic-the-virgin-martyr\\\/#article\",\"isPartOf\":{\"@id\":\"https:\\\/\\\/www.orthodoxonline.org\\\/theology\\\/saints-and-fathers\\\/ba-ta-tha\\\/saint-parasceva-ascetic-the-virgin-martyr\\\/\"},\"author\":{\"name\":\"OrthodoxOnline.Org\",\"@id\":\"https:\\\/\\\/www.orthodoxonline.org\\\/theology\\\/#\\\/schema\\\/person\\\/93ddf67df9423f1aaf695f2ae3557dea\"},\"headline\":\"\u0628\u0627\u0631\u0627\u0633\u064a\u0643\u0641\u064a \u0627\u0644\u0634\u0647\u064a\u062f\u0629\",\"datePublished\":\"2009-02-20T18:32:40+00:00\",\"mainEntityOfPage\":{\"@id\":\"https:\\\/\\\/www.orthodoxonline.org\\\/theology\\\/saints-and-fathers\\\/ba-ta-tha\\\/saint-parasceva-ascetic-the-virgin-martyr\\\/\"},\"wordCount\":1,\"publisher\":{\"@id\":\"https:\\\/\\\/www.orthodoxonline.org\\\/theology\\\/#organization\"},\"image\":{\"@id\":\"https:\\\/\\\/www.orthodoxonline.org\\\/theology\\\/saints-and-fathers\\\/ba-ta-tha\\\/saint-parasceva-ascetic-the-virgin-martyr\\\/#primaryimage\"},\"thumbnailUrl\":\"https:\\\/\\\/www.orthodoxonline.org\\\/theology\\\/wp-content\\\/uploads\\\/sites\\\/3\\\/2009\\\/02\\\/26_july_paraskeva.jpg\",\"keywords\":[\"\u0627\u062f\u0631\u064a\u0627\u0646\u0648\u0633\",\"\u0627\u0644\u0642\u0631\u0646 \u0627\u0644\u062b\u0627\u0646\u064a\",\"\u0628\u0627\u0631\u0627\u0633\u0643\u064a\u0641\u064a\",\"\u0631\u0648\u0645\u0627\",\"\u0634\u0647\u064a\u062f\u0629\"],\"articleSection\":[\"\u062d\u0631\u0641: \u0628 - \u062a - \u062b\"],\"inLanguage\":\"sv-SE\"},{\"@type\":\"WebPage\",\"@id\":\"https:\\\/\\\/www.orthodoxonline.org\\\/theology\\\/saints-and-fathers\\\/ba-ta-tha\\\/saint-parasceva-ascetic-the-virgin-martyr\\\/\",\"url\":\"https:\\\/\\\/www.orthodoxonline.org\\\/theology\\\/saints-and-fathers\\\/ba-ta-tha\\\/saint-parasceva-ascetic-the-virgin-martyr\\\/\",\"name\":\"\u0628\u0627\u0631\u0627\u0633\u064a\u0643\u0641\u064a \u0627\u0644\u0634\u0647\u064a\u062f\u0629 - \u062d\u0631\u0641: \u0628 - \u062a - \u062b - \u0634\u0628\u0643\u0629 \u0623\u0631\u062b\u0648\u0630\u0643\u0633 \u0623\u0648\u0646\u0644\u0627\u064a\u0646\",\"isPartOf\":{\"@id\":\"https:\\\/\\\/www.orthodoxonline.org\\\/theology\\\/#website\"},\"primaryImageOfPage\":{\"@id\":\"https:\\\/\\\/www.orthodoxonline.org\\\/theology\\\/saints-and-fathers\\\/ba-ta-tha\\\/saint-parasceva-ascetic-the-virgin-martyr\\\/#primaryimage\"},\"image\":{\"@id\":\"https:\\\/\\\/www.orthodoxonline.org\\\/theology\\\/saints-and-fathers\\\/ba-ta-tha\\\/saint-parasceva-ascetic-the-virgin-martyr\\\/#primaryimage\"},\"thumbnailUrl\":\"https:\\\/\\\/www.orthodoxonline.org\\\/theology\\\/wp-content\\\/uploads\\\/sites\\\/3\\\/2009\\\/02\\\/26_july_paraskeva.jpg\",\"datePublished\":\"2009-02-20T18:32:40+00:00\",\"description\":\": \u0648\u064f\u0644\u062f\u062a \u0627\u0644\u0642\u062f\u064a\u0633\u0629 \u0627\u0644\u0634\u0647\u064a\u062f\u0629 \u0628\u0627\u0631\u0627\u0633\u0643\u064a\u0641\u064a \u0641\u064a \u0642\u0631\u064a\u0629 \u0642\u0631\u064a\u0628\u0629 \u0645\u0646 \u0631\u0648\u0645\u0627 \u0623\u064a\u0627\u0645 \u0627\u0644\u0627\u0645\u0628\u0631\u0627\u0637\u0648\u0631 \u0627\u062f\u0631\u064a\u0627\u0646\u0648\u0633 (117-138) \u0644\u0648\u0627\u0644\u062f\u064a\u0646 \u0645\u0633\u064a\u062d\u064a\u064a\u0646\u060c \u0623\u063a\u0627\u062b\u0648\u0646 \u0648\u0628\u0648\u0644\u064a\u062a\u064a\u0627. \u0633\u064f\u0645\u0651\u064a\u062a \u0628\u0627\u0631\u0627\u0633\u0643\u064a\u0641\u064a \u0644\u0623\u0646\u0647\u0627 \u0648\u064f\u0644\u062f\u062a. \u0645\u0648\u0627\u0636\u064a\u0639 \u0645\u062a\u0635\u0644\u0629: \u0627\u062f\u0631\u064a\u0627\u0646\u0648\u0633, \u0627\u0644\u0642\u0631\u0646 \u0627\u0644\u062b\u0627\u0646\u064a, \u0628\u0627\u0631\u0627\u0633\u0643\u064a\u0641\u064a, \u0631\u0648\u0645\u0627, \u0634\u0647\u064a\u062f\u0629\",\"breadcrumb\":{\"@id\":\"https:\\\/\\\/www.orthodoxonline.org\\\/theology\\\/saints-and-fathers\\\/ba-ta-tha\\\/saint-parasceva-ascetic-the-virgin-martyr\\\/#breadcrumb\"},\"inLanguage\":\"sv-SE\",\"potentialAction\":[{\"@type\":\"ReadAction\",\"target\":[\"https:\\\/\\\/www.orthodoxonline.org\\\/theology\\\/saints-and-fathers\\\/ba-ta-tha\\\/saint-parasceva-ascetic-the-virgin-martyr\\\/\"]}]},{\"@type\":\"ImageObject\",\"inLanguage\":\"sv-SE\",\"@id\":\"https:\\\/\\\/www.orthodoxonline.org\\\/theology\\\/saints-and-fathers\\\/ba-ta-tha\\\/saint-parasceva-ascetic-the-virgin-martyr\\\/#primaryimage\",\"url\":\"https:\\\/\\\/www.orthodoxonline.org\\\/theology\\\/wp-content\\\/uploads\\\/sites\\\/3\\\/2009\\\/02\\\/26_july_paraskeva.jpg\",\"contentUrl\":\"https:\\\/\\\/www.orthodoxonline.org\\\/theology\\\/wp-content\\\/uploads\\\/sites\\\/3\\\/2009\\\/02\\\/26_july_paraskeva.jpg\",\"width\":471,\"height\":650,\"caption\":\"\u0627\u0644\u0642\u062f\u064a\u0633\u0629 \u0628\u0627\u0631\u0627\u0633\u064a\u0643\u0641\u064a\"},{\"@type\":\"BreadcrumbList\",\"@id\":\"https:\\\/\\\/www.orthodoxonline.org\\\/theology\\\/saints-and-fathers\\\/ba-ta-tha\\\/saint-parasceva-ascetic-the-virgin-martyr\\\/#breadcrumb\",\"itemListElement\":[{\"@type\":\"ListItem\",\"position\":1,\"name\":\"\u0627\u0644\u0631\u0626\u064a\u0633\u064a\u0629\",\"item\":\"https:\\\/\\\/www.orthodoxonline.org\\\/theology\\\/\"},{\"@type\":\"ListItem\",\"position\":2,\"name\":\"\u0627\u0644\u0622\u0628\u0627\u0621 \u0648\u0627\u0644\u0642\u062f\u064a\u0633\u0648\u0646\",\"item\":\"https:\\\/\\\/www.orthodoxonline.org\\\/theology\\\/saints-and-fathers\\\/\"},{\"@type\":\"ListItem\",\"position\":3,\"name\":\"\u062d\u0631\u0641: \u0628 - \u062a - \u062b\",\"item\":\"https:\\\/\\\/www.orthodoxonline.org\\\/theology\\\/saints-and-fathers\\\/ba-ta-tha\\\/\"},{\"@type\":\"ListItem\",\"position\":4,\"name\":\"\u0628\u0627\u0631\u0627\u0633\u064a\u0643\u0641\u064a \u0627\u0644\u0634\u0647\u064a\u062f\u0629\"}]},{\"@type\":\"WebSite\",\"@id\":\"https:\\\/\\\/www.orthodoxonline.org\\\/theology\\\/#website\",\"url\":\"https:\\\/\\\/www.orthodoxonline.org\\\/theology\\\/\",\"name\":\"\u0623\u0631\u062b\u0648\u0630\u0643\u0633 \u0623\u0648\u0646\u0644\u0627\u064a\u0646\",\"description\":\"\u0625\u064a\u0645\u0627\u0646\u060c \u0639\u0642\u0627\u0626\u062f\u060c \u062a\u0627\u0631\u064a\u062e\u060c \u0644\u064a\u062a\u0648\u0631\u062c\u064a\u0629 \u0648\u062d\u064a\u0627\u0629 \u0627\u0644\u0643\u0646\u064a\u0633\u0629 \u0627\u0644\u0623\u0631\u062b\u0648\u0630\u0643\u0633\u064a\u0629 - \u0627\u0644\u0631\u0648\u0645 \u0627\u0644\u0623\u0631\u062b\u0648\u0630\u0643\u0633\",\"publisher\":{\"@id\":\"https:\\\/\\\/www.orthodoxonline.org\\\/theology\\\/#organization\"},\"alternateName\":\"\u0634\u0628\u0643\u0629 \u0623\u0631\u062b\u0648\u0630\u0643\u0633 \u0623\u0648\u0646\u0644\u0627\u064a\u0646\",\"potentialAction\":[{\"@type\":\"SearchAction\",\"target\":{\"@type\":\"EntryPoint\",\"urlTemplate\":\"https:\\\/\\\/www.orthodoxonline.org\\\/theology\\\/?s={search_term_string}\"},\"query-input\":{\"@type\":\"PropertyValueSpecification\",\"valueRequired\":true,\"valueName\":\"search_term_string\"}}],\"inLanguage\":\"sv-SE\"},{\"@type\":\"Organization\",\"@id\":\"https:\\\/\\\/www.orthodoxonline.org\\\/theology\\\/#organization\",\"name\":\"\u0634\u0628\u0643\u0629 \u0623\u0631\u062b\u0648\u0630\u0643\u0633 \u0623\u0648\u0646\u0644\u0627\u064a\u0646\",\"url\":\"https:\\\/\\\/www.orthodoxonline.org\\\/theology\\\/\",\"logo\":{\"@type\":\"ImageObject\",\"inLanguage\":\"sv-SE\",\"@id\":\"https:\\\/\\\/www.orthodoxonline.org\\\/theology\\\/#\\\/schema\\\/logo\\\/image\\\/\",\"url\":\"https:\\\/\\\/www.orthodoxonline.org\\\/theology\\\/wp-content\\\/uploads\\\/sites\\\/3\\\/2023\\\/07\\\/Logo-Header.png\",\"contentUrl\":\"https:\\\/\\\/www.orthodoxonline.org\\\/theology\\\/wp-content\\\/uploads\\\/sites\\\/3\\\/2023\\\/07\\\/Logo-Header.png\",\"width\":200,\"height\":200,\"caption\":\"\u0634\u0628\u0643\u0629 \u0623\u0631\u062b\u0648\u0630\u0643\u0633 \u0623\u0648\u0646\u0644\u0627\u064a\u0646\"},\"image\":{\"@id\":\"https:\\\/\\\/www.orthodoxonline.org\\\/theology\\\/#\\\/schema\\\/logo\\\/image\\\/\"},\"sameAs\":[\"https:\\\/\\\/facebook.com\\\/orthodoxonline\",\"https:\\\/\\\/x.com\\\/orthodoxonline\",\"https:\\\/\\\/www.instagram.com\\\/orthodoxonline\\\/\",\"https:\\\/\\\/www.youtube.com\\\/orthodoxonline\"],\"foundingDate\":\"2006-09-20\"},{\"@type\":\"Person\",\"@id\":\"https:\\\/\\\/www.orthodoxonline.org\\\/theology\\\/#\\\/schema\\\/person\\\/93ddf67df9423f1aaf695f2ae3557dea\",\"name\":\"OrthodoxOnline.Org\",\"image\":{\"@type\":\"ImageObject\",\"inLanguage\":\"sv-SE\",\"@id\":\"https:\\\/\\\/www.orthodoxonline.org\\\/theology\\\/wp-content\\\/uploads\\\/sites\\\/3\\\/2023\\\/07\\\/Logo-Header-96x96.png\",\"url\":\"https:\\\/\\\/www.orthodoxonline.org\\\/theology\\\/wp-content\\\/uploads\\\/sites\\\/3\\\/2023\\\/07\\\/Logo-Header-96x96.png\",\"contentUrl\":\"https:\\\/\\\/www.orthodoxonline.org\\\/theology\\\/wp-content\\\/uploads\\\/sites\\\/3\\\/2023\\\/07\\\/Logo-Header-96x96.png\",\"caption\":\"OrthodoxOnline.Org\"},\"url\":\"http:\\\/\\\/www.orthodoxonline.org\\\/theology\\\/sv\\\/author\\\/orthodoxonline\\\/\"}]}<\/script>\n<!-- \/ Yoast SEO Premium plugin. -->","yoast_head_json":{"title":"Martyren Parasikvi - Brev: B - T - Th - Orthodox Online Network","description":": \u0648\u064f\u0644\u062f\u062a \u0627\u0644\u0642\u062f\u064a\u0633\u0629 \u0627\u0644\u0634\u0647\u064a\u062f\u0629 \u0628\u0627\u0631\u0627\u0633\u0643\u064a\u0641\u064a \u0641\u064a \u0642\u0631\u064a\u0629 \u0642\u0631\u064a\u0628\u0629 \u0645\u0646 \u0631\u0648\u0645\u0627 \u0623\u064a\u0627\u0645 \u0627\u0644\u0627\u0645\u0628\u0631\u0627\u0637\u0648\u0631 \u0627\u062f\u0631\u064a\u0627\u0646\u0648\u0633 (117-138) \u0644\u0648\u0627\u0644\u062f\u064a\u0646 \u0645\u0633\u064a\u062d\u064a\u064a\u0646\u060c \u0623\u063a\u0627\u062b\u0648\u0646 \u0648\u0628\u0648\u0644\u064a\u062a\u064a\u0627. \u0633\u064f\u0645\u0651\u064a\u062a \u0628\u0627\u0631\u0627\u0633\u0643\u064a\u0641\u064a \u0644\u0623\u0646\u0647\u0627 \u0648\u064f\u0644\u062f\u062a. \u0645\u0648\u0627\u0636\u064a\u0639 \u0645\u062a\u0635\u0644\u0629: \u0627\u062f\u0631\u064a\u0627\u0646\u0648\u0633, \u0627\u0644\u0642\u0631\u0646 \u0627\u0644\u062b\u0627\u0646\u064a, \u0628\u0627\u0631\u0627\u0633\u0643\u064a\u0641\u064a, \u0631\u0648\u0645\u0627, \u0634\u0647\u064a\u062f\u0629","robots":{"index":"index","follow":"follow","max-snippet":"max-snippet:-1","max-image-preview":"max-image-preview:large","max-video-preview":"max-video-preview:-1"},"canonical":"https:\/\/www.orthodoxonline.org\/theology\/sv\/saints-and-fathers\/ba-ta-tha\/saint-parasceva-ascetic-the-virgin-martyr\/","og_locale":"sv_SE","og_type":"article","og_title":"\u0628\u0627\u0631\u0627\u0633\u064a\u0643\u0641\u064a \u0627\u0644\u0634\u0647\u064a\u062f\u0629 - \u0634\u0628\u0643\u0629 \u0623\u0631\u062b\u0648\u0630\u0643\u0633 \u0623\u0648\u0646\u0644\u0627\u064a\u0646","og_description":":\u0648\u064f\u0644\u062f\u062a \u0627\u0644\u0642\u062f\u064a\u0633\u0629 \u0627\u0644\u0634\u0647\u064a\u062f\u0629 \u0628\u0627\u0631\u0627\u0633\u0643\u064a\u0641\u064a \u0641\u064a \u0642\u0631\u064a\u0629 \u0642\u0631\u064a\u0628\u0629 \u0645\u0646 \u0631\u0648\u0645\u0627 \u0623\u064a\u0627\u0645 \u0627\u0644\u0627\u0645\u0628\u0631\u0627\u0637\u0648\u0631 \u0627\u062f\u0631\u064a\u0627\u0646\u0648\u0633 (117-138) \u0644\u0648\u0627\u0644\u062f\u064a\u0646 \u0645\u0633\u064a\u062d\u064a\u064a\u0646\u060c \u0623\u063a\u0627\u062b\u0648\u0646 \u0648\u0628\u0648\u0644\u064a\u062a\u064a\u0627. \u0633\u064f\u0645\u0651\u064a\u062a \u0628\u0627\u0631\u0627\u0633\u0643\u064a\u0641\u064a \u0644\u0623\u0646\u0647\u0627 \u0648\u064f\u0644\u062f\u062a. \u0645\u0648\u0627\u0636\u064a\u0639 \u0645\u062a\u0635\u0644\u0629: \u0627\u062f\u0631\u064a\u0627\u0646\u0648\u0633, \u0627\u0644\u0642\u0631\u0646 \u0627\u0644\u062b\u0627\u0646\u064a, \u0628\u0627\u0631\u0627\u0633\u0643\u064a\u0641\u064a, \u0631\u0648\u0645\u0627, \u0634\u0647\u064a\u062f\u0629","og_url":"https:\/\/www.orthodoxonline.org\/theology\/sv\/saints-and-fathers\/ba-ta-tha\/saint-parasceva-ascetic-the-virgin-martyr\/","og_site_name":"\u0634\u0628\u0643\u0629 \u0623\u0631\u062b\u0648\u0630\u0643\u0633 \u0623\u0648\u0646\u0644\u0627\u064a\u0646","article_publisher":"https:\/\/facebook.com\/orthodoxonline","article_published_time":"2009-02-20T18:32:40+00:00","og_image":[{"width":471,"height":650,"url":"https:\/\/www.orthodoxonline.org\/theology\/wp-content\/uploads\/sites\/3\/2009\/02\/26_july_paraskeva.jpg","type":"image\/jpeg"}],"author":"OrthodoxOnline.Org","twitter_card":"summary_large_image","twitter_creator":"@orthodoxonline","twitter_site":"@orthodoxonline","twitter_misc":{"Skriven av":"OrthodoxOnline.Org"},"schema":{"@context":"https:\/\/schema.org","@graph":[{"@type":"Article","@id":"https:\/\/www.orthodoxonline.org\/theology\/saints-and-fathers\/ba-ta-tha\/saint-parasceva-ascetic-the-virgin-martyr\/#article","isPartOf":{"@id":"https:\/\/www.orthodoxonline.org\/theology\/saints-and-fathers\/ba-ta-tha\/saint-parasceva-ascetic-the-virgin-martyr\/"},"author":{"name":"OrthodoxOnline.Org","@id":"https:\/\/www.orthodoxonline.org\/theology\/#\/schema\/person\/93ddf67df9423f1aaf695f2ae3557dea"},"headline":"\u0628\u0627\u0631\u0627\u0633\u064a\u0643\u0641\u064a \u0627\u0644\u0634\u0647\u064a\u062f\u0629","datePublished":"2009-02-20T18:32:40+00:00","mainEntityOfPage":{"@id":"https:\/\/www.orthodoxonline.org\/theology\/saints-and-fathers\/ba-ta-tha\/saint-parasceva-ascetic-the-virgin-martyr\/"},"wordCount":1,"publisher":{"@id":"https:\/\/www.orthodoxonline.org\/theology\/#organization"},"image":{"@id":"https:\/\/www.orthodoxonline.org\/theology\/saints-and-fathers\/ba-ta-tha\/saint-parasceva-ascetic-the-virgin-martyr\/#primaryimage"},"thumbnailUrl":"https:\/\/www.orthodoxonline.org\/theology\/wp-content\/uploads\/sites\/3\/2009\/02\/26_july_paraskeva.jpg","keywords":["\u0627\u062f\u0631\u064a\u0627\u0646\u0648\u0633","\u0627\u0644\u0642\u0631\u0646 \u0627\u0644\u062b\u0627\u0646\u064a","\u0628\u0627\u0631\u0627\u0633\u0643\u064a\u0641\u064a","\u0631\u0648\u0645\u0627","\u0634\u0647\u064a\u062f\u0629"],"articleSection":["\u062d\u0631\u0641: \u0628 - \u062a - \u062b"],"inLanguage":"sv-SE"},{"@type":"WebPage","@id":"https:\/\/www.orthodoxonline.org\/theology\/saints-and-fathers\/ba-ta-tha\/saint-parasceva-ascetic-the-virgin-martyr\/","url":"https:\/\/www.orthodoxonline.org\/theology\/saints-and-fathers\/ba-ta-tha\/saint-parasceva-ascetic-the-virgin-martyr\/","name":"Martyren Parasikvi - Brev: B - T - Th - Orthodox Online Network","isPartOf":{"@id":"https:\/\/www.orthodoxonline.org\/theology\/#website"},"primaryImageOfPage":{"@id":"https:\/\/www.orthodoxonline.org\/theology\/saints-and-fathers\/ba-ta-tha\/saint-parasceva-ascetic-the-virgin-martyr\/#primaryimage"},"image":{"@id":"https:\/\/www.orthodoxonline.org\/theology\/saints-and-fathers\/ba-ta-tha\/saint-parasceva-ascetic-the-virgin-martyr\/#primaryimage"},"thumbnailUrl":"https:\/\/www.orthodoxonline.org\/theology\/wp-content\/uploads\/sites\/3\/2009\/02\/26_july_paraskeva.jpg","datePublished":"2009-02-20T18:32:40+00:00","description":": \u0648\u064f\u0644\u062f\u062a \u0627\u0644\u0642\u062f\u064a\u0633\u0629 \u0627\u0644\u0634\u0647\u064a\u062f\u0629 \u0628\u0627\u0631\u0627\u0633\u0643\u064a\u0641\u064a \u0641\u064a \u0642\u0631\u064a\u0629 \u0642\u0631\u064a\u0628\u0629 \u0645\u0646 \u0631\u0648\u0645\u0627 \u0623\u064a\u0627\u0645 \u0627\u0644\u0627\u0645\u0628\u0631\u0627\u0637\u0648\u0631 \u0627\u062f\u0631\u064a\u0627\u0646\u0648\u0633 (117-138) \u0644\u0648\u0627\u0644\u062f\u064a\u0646 \u0645\u0633\u064a\u062d\u064a\u064a\u0646\u060c \u0623\u063a\u0627\u062b\u0648\u0646 \u0648\u0628\u0648\u0644\u064a\u062a\u064a\u0627. \u0633\u064f\u0645\u0651\u064a\u062a \u0628\u0627\u0631\u0627\u0633\u0643\u064a\u0641\u064a \u0644\u0623\u0646\u0647\u0627 \u0648\u064f\u0644\u062f\u062a. \u0645\u0648\u0627\u0636\u064a\u0639 \u0645\u062a\u0635\u0644\u0629: \u0627\u062f\u0631\u064a\u0627\u0646\u0648\u0633, \u0627\u0644\u0642\u0631\u0646 \u0627\u0644\u062b\u0627\u0646\u064a, \u0628\u0627\u0631\u0627\u0633\u0643\u064a\u0641\u064a, \u0631\u0648\u0645\u0627, \u0634\u0647\u064a\u062f\u0629","breadcrumb":{"@id":"https:\/\/www.orthodoxonline.org\/theology\/saints-and-fathers\/ba-ta-tha\/saint-parasceva-ascetic-the-virgin-martyr\/#breadcrumb"},"inLanguage":"sv-SE","potentialAction":[{"@type":"ReadAction","target":["https:\/\/www.orthodoxonline.org\/theology\/saints-and-fathers\/ba-ta-tha\/saint-parasceva-ascetic-the-virgin-martyr\/"]}]},{"@type":"ImageObject","inLanguage":"sv-SE","@id":"https:\/\/www.orthodoxonline.org\/theology\/saints-and-fathers\/ba-ta-tha\/saint-parasceva-ascetic-the-virgin-martyr\/#primaryimage","url":"https:\/\/www.orthodoxonline.org\/theology\/wp-content\/uploads\/sites\/3\/2009\/02\/26_july_paraskeva.jpg","contentUrl":"https:\/\/www.orthodoxonline.org\/theology\/wp-content\/uploads\/sites\/3\/2009\/02\/26_july_paraskeva.jpg","width":471,"height":650,"caption":"\u0627\u0644\u0642\u062f\u064a\u0633\u0629 \u0628\u0627\u0631\u0627\u0633\u064a\u0643\u0641\u064a"},{"@type":"BreadcrumbList","@id":"https:\/\/www.orthodoxonline.org\/theology\/saints-and-fathers\/ba-ta-tha\/saint-parasceva-ascetic-the-virgin-martyr\/#breadcrumb","itemListElement":[{"@type":"ListItem","position":1,"name":"\u0627\u0644\u0631\u0626\u064a\u0633\u064a\u0629","item":"https:\/\/www.orthodoxonline.org\/theology\/"},{"@type":"ListItem","position":2,"name":"\u0627\u0644\u0622\u0628\u0627\u0621 \u0648\u0627\u0644\u0642\u062f\u064a\u0633\u0648\u0646","item":"https:\/\/www.orthodoxonline.org\/theology\/saints-and-fathers\/"},{"@type":"ListItem","position":3,"name":"\u062d\u0631\u0641: \u0628 - \u062a - \u062b","item":"https:\/\/www.orthodoxonline.org\/theology\/saints-and-fathers\/ba-ta-tha\/"},{"@type":"ListItem","position":4,"name":"\u0628\u0627\u0631\u0627\u0633\u064a\u0643\u0641\u064a \u0627\u0644\u0634\u0647\u064a\u062f\u0629"}]},{"@type":"WebSite","@id":"https:\/\/www.orthodoxonline.org\/theology\/#website","url":"https:\/\/www.orthodoxonline.org\/theology\/","name":"Ortodox online","description":"Tro, l\u00e4ror, historia, liturgi och liv i den ortodoxa kyrkan - Grekisk-ortodox","publisher":{"@id":"https:\/\/www.orthodoxonline.org\/theology\/#organization"},"alternateName":"\u0634\u0628\u0643\u0629 \u0623\u0631\u062b\u0648\u0630\u0643\u0633 \u0623\u0648\u0646\u0644\u0627\u064a\u0646","potentialAction":[{"@type":"SearchAction","target":{"@type":"EntryPoint","urlTemplate":"https:\/\/www.orthodoxonline.org\/theology\/?s={search_term_string}"},"query-input":{"@type":"PropertyValueSpecification","valueRequired":true,"valueName":"search_term_string"}}],"inLanguage":"sv-SE"},{"@type":"Organization","@id":"https:\/\/www.orthodoxonline.org\/theology\/#organization","name":"Ortodoxa onlinen\u00e4tverk","url":"https:\/\/www.orthodoxonline.org\/theology\/","logo":{"@type":"ImageObject","inLanguage":"sv-SE","@id":"https:\/\/www.orthodoxonline.org\/theology\/#\/schema\/logo\/image\/","url":"https:\/\/www.orthodoxonline.org\/theology\/wp-content\/uploads\/sites\/3\/2023\/07\/Logo-Header.png","contentUrl":"https:\/\/www.orthodoxonline.org\/theology\/wp-content\/uploads\/sites\/3\/2023\/07\/Logo-Header.png","width":200,"height":200,"caption":"\u0634\u0628\u0643\u0629 \u0623\u0631\u062b\u0648\u0630\u0643\u0633 \u0623\u0648\u0646\u0644\u0627\u064a\u0646"},"image":{"@id":"https:\/\/www.orthodoxonline.org\/theology\/#\/schema\/logo\/image\/"},"sameAs":["https:\/\/facebook.com\/orthodoxonline","https:\/\/x.com\/orthodoxonline","https:\/\/www.instagram.com\/orthodoxonline\/","https:\/\/www.youtube.com\/orthodoxonline"],"foundingDate":"2006-09-20"},{"@type":"Person","@id":"https:\/\/www.orthodoxonline.org\/theology\/#\/schema\/person\/93ddf67df9423f1aaf695f2ae3557dea","name":"OrthodoxOnline.Org","image":{"@type":"ImageObject","inLanguage":"sv-SE","@id":"https:\/\/www.orthodoxonline.org\/theology\/wp-content\/uploads\/sites\/3\/2023\/07\/Logo-Header-96x96.png","url":"https:\/\/www.orthodoxonline.org\/theology\/wp-content\/uploads\/sites\/3\/2023\/07\/Logo-Header-96x96.png","contentUrl":"https:\/\/www.orthodoxonline.org\/theology\/wp-content\/uploads\/sites\/3\/2023\/07\/Logo-Header-96x96.png","caption":"OrthodoxOnline.Org"},"url":"http:\/\/www.orthodoxonline.org\/theology\/sv\/author\/orthodoxonline\/"}]}},"wps_subtitle":"","amp_enabled":true,"_links":{"self":[{"href":"http:\/\/www.orthodoxonline.org\/theology\/sv\/wp-json\/wp\/v2\/posts\/538","targetHints":{"allow":["GET"]}}],"collection":[{"href":"http:\/\/www.orthodoxonline.org\/theology\/sv\/wp-json\/wp\/v2\/posts"}],"about":[{"href":"http:\/\/www.orthodoxonline.org\/theology\/sv\/wp-json\/wp\/v2\/types\/post"}],"author":[{"embeddable":true,"href":"http:\/\/www.orthodoxonline.org\/theology\/sv\/wp-json\/wp\/v2\/users\/12"}],"replies":[{"embeddable":true,"href":"http:\/\/www.orthodoxonline.org\/theology\/sv\/wp-json\/wp\/v2\/comments?post=538"}],"version-history":[{"count":0,"href":"http:\/\/www.orthodoxonline.org\/theology\/sv\/wp-json\/wp\/v2\/posts\/538\/revisions"}],"wp:featuredmedia":[{"embeddable":true,"href":"http:\/\/www.orthodoxonline.org\/theology\/sv\/wp-json\/wp\/v2\/media\/537"}],"wp:attachment":[{"href":"http:\/\/www.orthodoxonline.org\/theology\/sv\/wp-json\/wp\/v2\/media?parent=538"}],"wp:term":[{"taxonomy":"category","embeddable":true,"href":"http:\/\/www.orthodoxonline.org\/theology\/sv\/wp-json\/wp\/v2\/categories?post=538"},{"taxonomy":"post_tag","embeddable":true,"href":"http:\/\/www.orthodoxonline.org\/theology\/sv\/wp-json\/wp\/v2\/tags?post=538"}],"curies":[{"name":"wp","href":"https:\/\/api.w.org\/{rel}","templated":true}]}}