{"id":861,"date":"2009-03-05T01:31:49","date_gmt":"2009-03-05T01:31:49","guid":{"rendered":"http:\/\/orthodoxonline.org\/theology\/faith-and-theology\/the-human\/saint-mary-the-theotokos\/veneration-of-the-virgin-mary-church\/"},"modified":"2009-03-05T01:31:49","modified_gmt":"2009-03-05T01:31:49","slug":"veneration-of-the-virgin-mary-church","status":"publish","type":"post","link":"http:\/\/www.orthodoxonline.org\/theology\/sv\/faith-and-theology\/the-human\/saint-mary-the-theotokos\/veneration-of-the-virgin-mary-church\/","title":{"rendered":"Kyrkan hedrar Jungfru Maria"},"content":{"rendered":"<p>Jungfru Maria har en speciell status bland alla helgon, och de ortodoxa v\u00f6rdar henne som &quot;mer hederv\u00e4rd \u00e4n keruberna och oj\u00e4mf\u00f6rligt mer h\u00e4rlig \u00e4n seraferna.&quot; Medan Guds Moder f\u00f6rh\u00e4rligas och hedras p\u00e5 detta s\u00e4tt, \u00e4r det viktigt att notera att den ortodoxa kyrkan aldrig kr\u00e4ver att hon ska dyrkas n\u00e4r vi tillber Gud. Skillnaden \u00e4r mycket tydlig i det spr\u00e5kliga uttrycket f\u00f6r grekisk teologi: det finns ett speciellt ord till\u00e4gnat gudsdyrkan (Latreia), medan det finns olika uttryck som anv\u00e4nds f\u00f6r att hedra Jungfrun: (Duleia, Hyperduleia, Proskynesis).<\/p>\n<p>  <!--more-->  <\/p>\n<p>Maria n\u00e4mns oftast n\u00e4r hon h\u00e5ller ortodoxa liturgiska gudstj\u00e4nster och brukar kallas med sin fullst\u00e4ndiga titel: (All-Helig, Mest Ren, Mest v\u00e4lsignad, Glorious, Our Lady, Mother of God, Ever-Jungfru, Maria). Det \u00e4r en titel som inkluderar de tre huvudepiteterna som den ortodoxa kyrkan till\u00e4gnar V\u00e5r Fru: (Theotokos), (Evig oskuld) (Aeparthenos) och (Panagia). Den f\u00f6rsta av dessa titlar beviljades Jungfrun av det tredje ekumeniska r\u00e5det (Efesierbrevet 431). N\u00e4r det g\u00e4ller den andra titeln konstaterades det av det femte ekumeniska r\u00e5det (Konstantinopel 553) {Vid f\u00f6rsta anblicken verkar tron p\u00e5 Marias eviga oskuld vara i konflikt med Bibelns text, enligt Markusevangeliet (3:31) ), som n\u00e4mner frasen (syskon) av Jesus. Men det grekiska ordet betyder ocks\u00e5 en bror fr\u00e5n en av f\u00f6r\u00e4ldrarna, en kusin eller till och med en sl\u00e4kting, f\u00f6rutom den sanna betydelsen av (bror). N\u00e4r det g\u00e4ller titeln (All Helighet), har den inte fastst\u00e4llts ur en doktrin\u00e4r synvinkel, utan den accepteras och anv\u00e4nds av alla ortodoxa.<\/p>\n<p>Namnet &quot;Guds moder&quot; \u00e4r av yttersta vikt, eftersom det \u00e4r nyckeln till ortodox tillbedjan riktad till Jungfrun. Vi hedrar Maria f\u00f6r att hon \u00e4r v\u00e5r Guds moder. Vi hedrar henne inte separat fr\u00e5n honom, utan p\u00e5 grund av hennes f\u00f6rh\u00e5llande till Kristus. Den \u00e4ra som ges till Maria f\u00f6rtar allts\u00e5 inte alls gudsdyrkan, utan tv\u00e4rtom. Ju mer vi uppskattar Maria, desto mer vet vi om hennes Sons majest\u00e4t, f\u00f6r till Sonens \u00e4ra d\u00f6per vi f\u00f6r att hedra Modern.<\/p>\n<p>Vi hedrar modern f\u00f6r hennes son. Den ortodoxa l\u00e4ran om Guds moder h\u00e4rr\u00f6r fr\u00e5n hennes undervisning om Kristus. N\u00e4r f\u00e4derna till r\u00e5det i Efesos betonade att kalla Maria Guds moder, var detta inte i avsikt att f\u00f6rh\u00e4rliga henne, utan snarare f\u00f6r att bevara den sanna l\u00e4ran relaterad till Kristi person. Den som t\u00e4nker p\u00e5 alla inneb\u00f6rden av denna grundl\u00e4ggande fras: (Och Ordet blev k\u00f6tt), m\u00e5ste b\u00f6ja sig med respekt inf\u00f6r den som valdes att vara ett redskap f\u00f6r detta stora mysterium. Och de som v\u00e4grar att hedra Maria \u00e4r desamma som inte riktigt tror p\u00e5 inkarnationen.<\/p>\n<p>Men det \u00e4r inte bara f\u00f6r att hon \u00e4r Guds moder som de ortodoxa hedrar Maria, utan ocks\u00e5 f\u00f6r att hon \u00e4r &quot;all helighet&quot;. Bland alla Guds varelser \u00e4r hon det h\u00f6gsta exemplet p\u00e5 synergin mellan Guds f\u00f6rs\u00f6rjning och m\u00e4nsklig frihet. Gud, som alltid respekterar m\u00e4nsklig frihet, ville inte att han skulle inkarneras utan moderns fria samtycke. Han v\u00e4ntade p\u00e5 hennes spontana svar: &quot;Se, jag \u00e4r Herrens tj\u00e4narinna, l\u00e5t det ske med mig enligt ditt ord&quot; (Luk 1:38). Hon kunde ha v\u00e4grat. Hon var inte bara likgiltig, utan hon deltog villigt i inkarnationens mysterium. Som Nicholas Capsilas sa: (Inkarnationen var inte bara Faderns handling, Hans kraft och hans Ande... utan det var ocks\u00e5 jungfruns vilja och tro... Och precis som Gud inkarnerades av Hans egen fria vilja, s\u00e5 ville han att hans mor skulle bli gravid med honom med sin fulla frihet och samtycke) {Om beb\u00e5delsen, 4-5 }.<\/p>\n<p>Precis som Kristus \u00e4r den nye Adam, \u00e4r Maria den nya Eva, den vars lydnad mot Guds vilja skapade balans med Evas olydnad i paradiset. (Det som komplicerades av Evas olydnad l\u00f6stes allts\u00e5 av Marias lydnad. Och vad Jungfru Eva band i sin otro, l\u00f6ste Jungfru Maria i sin tro) {Irenaeus, (Mot Heresies), 3, 22, 4}. (D\u00f6den \u00e4r genom Eva och livet \u00e4r genom Maria) {Irenaeus, hans epistel 22, 21}.<\/p>\n<p>Den ortodoxa kyrkan kallar Maria &quot;allhelig&quot;, precis som den kallar henne &quot;ren&quot;, som \u00e4r &quot;obefl\u00e4ckad&quot;. Alla ortodoxa tror att hon aldrig har beg\u00e5tt n\u00e5gon egentlig synd. Men har du ocks\u00e5 blivit befriad fr\u00e5n arvsynden? Med andra ord, h\u00e5ller ortodoxin med den katolska l\u00e4ran som f\u00f6rkunnades av p\u00e5ven Pius Den ortodoxa kyrkan har aldrig utf\u00e4rdat ett officiellt uttalande i detta \u00e4mne. Men sedan \u00e5r 1854 har majoriteten av ortodoxa f\u00f6rkastat denna nya doktrin av m\u00e5nga anledningar: den verkar v\u00e4rdel\u00f6s och, som katolikerna definierade den, inneh\u00e5ller den en felaktig tolkning av arvsynden, och den \u00e4r ocks\u00e5 en anledning till tvivel eftersom den gynnar Maria \u00f6ver Adams \u00e4ttlingar och placerade henne separat fr\u00e5n alla andra r\u00e4ttf\u00e4rdiga m\u00e4n och kvinnor i Gamla testamentet.<\/p>\n<p>Men ortodoxin, som f\u00f6rkastar l\u00e4ran om den obefl\u00e4ckade avlelsen, tror starkt p\u00e5 Jungfruns kroppsliga antagande. V\u00e5r Fru, som alla andra m\u00e4nniskor, k\u00e4nde till den naturliga d\u00f6den, men hennes kropps uppst\u00e5ndelse intr\u00e4ffade f\u00f6re alla andra. D\u00e4rf\u00f6r har hon \u00f6verskridit d\u00f6den och domen och lever fr\u00e5n och med nu i den kommande tids\u00e5ldern. Men den \u00e4r inte helt skild fr\u00e5n m\u00e4nskligheten, f\u00f6r vi hoppas en dag f\u00e5 ta del av den kropps h\u00e4rlighet den redan \u00e5tnjuter.<\/p>\n<p>Denna tro p\u00e5 antagandet av Guds moder uttrycks entydigt i de stycken som kyrkan sjunger den 15 augusti, festdagen f\u00f6r V\u00e5r Frus sovande. Men ortodoxin, till skillnad fr\u00e5n den romerska kyrkan, har inte tillgripit att f\u00f6rklara l\u00e4ran om Jungfruns kroppsliga antagande, och den har aldrig f\u00f6r avsikt att g\u00f6ra det. L\u00e4rorna om treenigheten och inkarnationen har f\u00f6rklarats som doktriner, eftersom de \u00e4r relaterade till kyrkans predikan, men f\u00f6rh\u00e4rligandet av Jungfrun anses vara en del av kyrkans interna tradition: (Det \u00e4r sv\u00e5rt att tala och t.o.m. sv\u00e5rare att t\u00e4nka p\u00e5 de hemligheter som kyrkan bevarar i det dolda djupet av sitt inre samvete... och Guds moder har aldrig varit f\u00f6rem\u00e5l f\u00f6r apostolisk predikan Medan Kristus predikades p\u00e5 hustaken och f\u00f6rkunnades \u00f6ver vittnens huvuden genom en enad religi\u00f6s l\u00e4ra till hela universum tillk\u00e4nnagavs Guds moders mysterium endast f\u00f6r dem inom kyrkan... Det \u00e4r mer \u00e4n en uppvisning i tro, det \u00e4r grunden f\u00f6r v\u00e5rt hopp, trons frukt som har mognat fr\u00e5n imitation L\u00e5t oss d\u00e4rf\u00f6r vara tysta och avst\u00e5 fr\u00e5n att introducera \u00e4ra Guds h\u00f6gste moder inom doktrinens omf\u00e5ng) {Vladimir Lossky, (Panagia), i boken (The Mother of God), Mascall Publications, s. 35}.<a href=\"index.php?option=com_content&amp;view=category&amp;layout=blog&amp;id=90&amp;Itemid=173\"><\/a><\/p>\n<p style=\"text-align: left;\">Om boken: Den ortodoxa kyrkan: Tro och l\u00e4ra<br \/>Kapitel tre: Guds kyrka<br \/>Biskop Callistus Ware<\/p>","protected":false},"excerpt":{"rendered":"<p>\u0644\u0644\u0639\u0630\u0631\u0627\u0621 \u0645\u0631\u064a\u0645 \u0645\u0646 \u0628\u064a\u0646 \u062c\u0645\u064a\u0639 \u0627\u0644\u0642\u062f\u064a\u0633\u064a\u0646 \u0645\u0643\u0627\u0646\u0629 \u062e\u0627\u0635\u0629\u060c \u0648\u0627\u0644\u0623\u0631\u062b\u0648\u0630\u0643\u0633\u064a\u0648\u0646 \u064a\u0639\u0638\u0645\u0648\u0646\u0647\u0627 \u0628\u0627\u0639\u062a\u0628\u0627\u0631\u0647\u0627 (\u0623\u0634\u0631\u0641 \u0645\u0646 \u0627\u0644\u0634\u064a\u0631\u0648\u0628\u064a\u0645 \u0648\u0623\u0631\u0641\u0639 \u0645\u062c\u062f\u0627\u064b \u0628\u063a\u064a\u0631 \u0642\u064a\u0627\u0633 \u0645\u0646 \u0627\u0644\u0633\u064a\u0631\u0627\u0641\u064a\u0645). [&hellip;]<\/p>\n","protected":false},"author":25,"featured_media":3449,"comment_status":"closed","ping_status":"closed","sticky":false,"template":"","format":"standard","meta":{"_relevanssi_hide_post":"","_relevanssi_hide_content":"","_relevanssi_pin_for_all":"","_relevanssi_pin_keywords":"","_relevanssi_unpin_keywords":"","_relevanssi_related_keywords":"","_relevanssi_related_include_ids":"","_relevanssi_related_exclude_ids":"","_relevanssi_related_no_append":"","_relevanssi_related_not_related":"","_relevanssi_related_posts":"1097,865,1155,552,1305,2566,862,2116,1184,2579,1171,654","_relevanssi_noindex_reason":"","site-sidebar-layout":"default","site-content-layout":"","ast-site-content-layout":"default","site-content-style":"default","site-sidebar-style":"default","ast-global-header-display":"","ast-banner-title-visibility":"","ast-main-header-display":"","ast-hfb-above-header-display":"","ast-hfb-below-header-display":"","ast-hfb-mobile-header-display":"","site-post-title":"","ast-breadcrumbs-content":"","ast-featured-img":"","footer-sml-layout":"","ast-disable-related-posts":"","theme-transparent-header-meta":"","adv-header-id-meta":"","stick-header-meta":"","header-above-stick-meta":"","header-main-stick-meta":"","header-below-stick-meta":"","astra-migrate-meta-layouts":"default","ast-page-background-enabled":"default","ast-page-background-meta":{"desktop":{"background-color":"var(--ast-global-color-4)","background-image":"","background-repeat":"repeat","background-position":"center center","background-size":"auto","background-attachment":"scroll","background-type":"","background-media":"","overlay-type":"","overlay-color":"","overlay-opacity":"","overlay-gradient":""},"tablet":{"background-color":"","background-image":"","background-repeat":"repeat","background-position":"center center","background-size":"auto","background-attachment":"scroll","background-type":"","background-media":"","overlay-type":"","overlay-color":"","overlay-opacity":"","overlay-gradient":""},"mobile":{"background-color":"","background-image":"","background-repeat":"repeat","background-position":"center center","background-size":"auto","background-attachment":"scroll","background-type":"","background-media":"","overlay-type":"","overlay-color":"","overlay-opacity":"","overlay-gradient":""}},"ast-content-background-meta":{"desktop":{"background-color":"var(--ast-global-color-5)","background-image":"","background-repeat":"repeat","background-position":"center center","background-size":"auto","background-attachment":"scroll","background-type":"","background-media":"","overlay-type":"","overlay-color":"","overlay-opacity":"","overlay-gradient":""},"tablet":{"background-color":"var(--ast-global-color-5)","background-image":"","background-repeat":"repeat","background-position":"center center","background-size":"auto","background-attachment":"scroll","background-type":"","background-media":"","overlay-type":"","overlay-color":"","overlay-opacity":"","overlay-gradient":""},"mobile":{"background-color":"var(--ast-global-color-5)","background-image":"","background-repeat":"repeat","background-position":"center center","background-size":"auto","background-attachment":"scroll","background-type":"","background-media":"","overlay-type":"","overlay-color":"","overlay-opacity":"","overlay-gradient":""}},"footnotes":""},"categories":[44],"tags":[1703,389,257,258,677,885,1152,850,409,1704,879,393],"class_list":["post-861","post","type-post","status-publish","format-standard","has-post-thumbnail","hentry","category-saint-mary-the-theotokos","tag-1703","tag-389","tag-257","tag-258","tag-677","tag-885","tag-1152","tag-850","tag-409","tag-1704","tag-879","tag-393"],"yoast_head":"<!-- This site is optimized with the Yoast SEO Premium plugin v27.4 (Yoast SEO v27.4) - https:\/\/yoast.com\/product\/yoast-seo-premium-wordpress\/ -->\n<title>\u062a\u0643\u0631\u064a\u0645 \u0627\u0644\u0643\u0646\u064a\u0633\u0629 \u0644\u0644\u0633\u064a\u062f\u0629 \u0627\u0644\u0639\u0630\u0631\u0627\u0621 - \u0648\u0627\u0644\u062f\u0629 \u0627\u0644\u0644\u0647 \u0627\u0644\u0639\u0630\u0631\u0627\u0621 \u0645\u0631\u064a\u0645 - \u0634\u0628\u0643\u0629 \u0623\u0631\u062b\u0648\u0630\u0643\u0633 \u0623\u0648\u0646\u0644\u0627\u064a\u0646<\/title>\n<meta name=\"description\" content=\": \u0644\u0644\u0639\u0630\u0631\u0627\u0621 \u0645\u0631\u064a\u0645 \u0645\u0646 \u0628\u064a\u0646 \u062c\u0645\u064a\u0639 \u0627\u0644\u0642\u062f\u064a\u0633\u064a\u0646 \u0645\u0643\u0627\u0646\u0629 \u062e\u0627\u0635\u0629\u060c \u0648\u0627\u0644\u0623\u0631\u062b\u0648\u0630\u0643\u0633\u064a\u0648\u0646 \u064a\u0639\u0638\u0645\u0648\u0646\u0647\u0627 \u0628\u0627\u0639\u062a\u0628\u0627\u0631\u0647\u0627 (\u0623\u0634\u0631\u0641 \u0645\u0646 \u0627\u0644\u0634\u064a\u0631\u0648\u0628\u064a\u0645 \u0648\u0623\u0631\u0641\u0639 \u0645\u062c\u062f\u0627\u064b \u0628\u063a\u064a\u0631 \u0642\u064a\u0627\u0633 \u0645\u0646 \u0627\u0644\u0633\u064a\u0631\u0627\u0641\u064a\u0645). \u0648\u0641\u064a \u062d\u064a\u0646 \u062a\u064f\u0639\u0638\u0651\u0645. \u0645\u0648\u0627\u0636\u064a\u0639 \u0645\u062a\u0635\u0644\u0629: \u0625\u062e\u0648\u0629 \u064a\u0633\u0648\u0639, \u0627\u0644\u062d\u0628\u0644 \u0628\u0644\u0627 \u062f\u0646\u0633, \u0627\u0644\u062e\u0637\u064a\u0626\u0629 \u0627\u0644\u0623\u0635\u0644\u064a\u0629, \u0627\u0644\u062e\u0637\u064a\u0626\u0629 \u0627\u0644\u062c\u062f\u064a\u0629, \u0627\u0644\u0642\u0631\u0646 \u0627\u0644\u062a\u0627\u0633\u0639 \u0639\u0634\u0631, \u0627\u0644\u0645\u062c\u0627\u0645\u0639 \u0627\u0644\u0645\u0633\u0643\u0648\u0646\u064a\u0629, \u0627\u0644\u0645\u062c\u0645\u0639 \u0627\u0644\u0645\u0633\u0643\u0648\u0646\u064a \u0627\u0644\u062b\u0627\u0644\u062b, \u0627\u0644\u0645\u062c\u0645\u0639 \u0627\u0644\u0645\u0633\u0643\u0648\u0646\u064a \u0627\u0644\u062e\u0627\u0645\u0633, \u062a\u0643\u0631\u064a\u0645 \u0627\u0644\u0642\u062f\u064a\u0633\u064a\u0646, \u0631\u0642\u0627\u062f \u0627\u0644\u0639\u0630\u0631\u0627\u0621, \u0645\u0631\u064a\u0645 \u0627\u0644\u0639\u0630\u0631\u0627\u0621, \u0648\u0627\u0644\u062f\u0629 \u0627\u0644\u0625\u0644\u0647\" \/>\n<meta name=\"robots\" content=\"index, follow, max-snippet:-1, max-image-preview:large, max-video-preview:-1\" \/>\n<link rel=\"canonical\" href=\"https:\/\/www.orthodoxonline.org\/theology\/sv\/faith-and-theology\/the-human\/saint-mary-the-theotokos\/veneration-of-the-virgin-mary-church\/\" \/>\n<meta property=\"og:locale\" content=\"sv_SE\" \/>\n<meta property=\"og:type\" content=\"article\" \/>\n<meta property=\"og:title\" content=\"\u062a\u0643\u0631\u064a\u0645 \u0627\u0644\u0643\u0646\u064a\u0633\u0629 \u0644\u0644\u0633\u064a\u062f\u0629 \u0627\u0644\u0639\u0630\u0631\u0627\u0621 - \u0634\u0628\u0643\u0629 \u0623\u0631\u062b\u0648\u0630\u0643\u0633 \u0623\u0648\u0646\u0644\u0627\u064a\u0646\" \/>\n<meta property=\"og:description\" content=\":\u0644\u0644\u0639\u0630\u0631\u0627\u0621 \u0645\u0631\u064a\u0645 \u0645\u0646 \u0628\u064a\u0646 \u062c\u0645\u064a\u0639 \u0627\u0644\u0642\u062f\u064a\u0633\u064a\u0646 \u0645\u0643\u0627\u0646\u0629 \u062e\u0627\u0635\u0629\u060c \u0648\u0627\u0644\u0623\u0631\u062b\u0648\u0630\u0643\u0633\u064a\u0648\u0646 \u064a\u0639\u0638\u0645\u0648\u0646\u0647\u0627 \u0628\u0627\u0639\u062a\u0628\u0627\u0631\u0647\u0627 (\u0623\u0634\u0631\u0641 \u0645\u0646 \u0627\u0644\u0634\u064a\u0631\u0648\u0628\u064a\u0645 \u0648\u0623\u0631\u0641\u0639 \u0645\u062c\u062f\u0627\u064b \u0628\u063a\u064a\u0631 \u0642\u064a\u0627\u0633 \u0645\u0646 \u0627\u0644\u0633\u064a\u0631\u0627\u0641\u064a\u0645). \u0648\u0641\u064a \u062d\u064a\u0646 \u062a\u064f\u0639\u0638\u0651\u0645. \u0645\u0648\u0627\u0636\u064a\u0639 \u0645\u062a\u0635\u0644\u0629: \u0625\u062e\u0648\u0629 \u064a\u0633\u0648\u0639, \u0627\u0644\u062d\u0628\u0644 \u0628\u0644\u0627 \u062f\u0646\u0633, \u0627\u0644\u062e\u0637\u064a\u0626\u0629 \u0627\u0644\u0623\u0635\u0644\u064a\u0629, \u0627\u0644\u062e\u0637\u064a\u0626\u0629 \u0627\u0644\u062c\u062f\u064a\u0629, \u0627\u0644\u0642\u0631\u0646 \u0627\u0644\u062a\u0627\u0633\u0639 \u0639\u0634\u0631, \u0627\u0644\u0645\u062c\u0627\u0645\u0639 \u0627\u0644\u0645\u0633\u0643\u0648\u0646\u064a\u0629, \u0627\u0644\u0645\u062c\u0645\u0639 \u0627\u0644\u0645\u0633\u0643\u0648\u0646\u064a \u0627\u0644\u062b\u0627\u0644\u062b, \u0627\u0644\u0645\u062c\u0645\u0639 \u0627\u0644\u0645\u0633\u0643\u0648\u0646\u064a \u0627\u0644\u062e\u0627\u0645\u0633, \u062a\u0643\u0631\u064a\u0645 \u0627\u0644\u0642\u062f\u064a\u0633\u064a\u0646, \u0631\u0642\u0627\u062f \u0627\u0644\u0639\u0630\u0631\u0627\u0621, \u0645\u0631\u064a\u0645 \u0627\u0644\u0639\u0630\u0631\u0627\u0621, \u0648\u0627\u0644\u062f\u0629 \u0627\u0644\u0625\u0644\u0647\" \/>\n<meta property=\"og:url\" content=\"https:\/\/www.orthodoxonline.org\/theology\/sv\/faith-and-theology\/the-human\/saint-mary-the-theotokos\/veneration-of-the-virgin-mary-church\/\" \/>\n<meta property=\"og:site_name\" content=\"\u0634\u0628\u0643\u0629 \u0623\u0631\u062b\u0648\u0630\u0643\u0633 \u0623\u0648\u0646\u0644\u0627\u064a\u0646\" \/>\n<meta property=\"article:publisher\" content=\"https:\/\/facebook.com\/orthodoxonline\" \/>\n<meta property=\"article:published_time\" content=\"2009-03-05T01:31:49+00:00\" \/>\n<meta property=\"og:image\" content=\"https:\/\/www.orthodoxonline.org\/theology\/wp-content\/uploads\/sites\/3\/2015\/03\/Orthodoxonline-Logo-Featured-Post.png\" \/>\n\t<meta property=\"og:image:width\" content=\"919\" \/>\n\t<meta property=\"og:image:height\" content=\"400\" \/>\n\t<meta property=\"og:image:type\" content=\"image\/png\" \/>\n<meta name=\"author\" content=\"\u0643\u0627\u0644\u064a\u0633\u062a\u0648\u0633 \u0648\u064a\u0631\u060c \u0627\u0644\u0645\u062a\u0631\u0648\u0628\u0648\u0644\u064a\u062a\" \/>\n<meta name=\"twitter:card\" content=\"summary_large_image\" \/>\n<meta name=\"twitter:creator\" content=\"@orthodoxonline\" \/>\n<meta name=\"twitter:site\" content=\"@orthodoxonline\" \/>\n<meta name=\"twitter:label1\" content=\"Skriven av\" \/>\n\t<meta name=\"twitter:data1\" content=\"\u0643\u0627\u0644\u064a\u0633\u062a\u0648\u0633 \u0648\u064a\u0631\u060c \u0627\u0644\u0645\u062a\u0631\u0648\u0628\u0648\u0644\u064a\u062a\" \/>\n<script type=\"application\/ld+json\" class=\"yoast-schema-graph\">{\"@context\":\"https:\\\/\\\/schema.org\",\"@graph\":[{\"@type\":\"Article\",\"@id\":\"https:\\\/\\\/www.orthodoxonline.org\\\/theology\\\/faith-and-theology\\\/the-human\\\/saint-mary-the-theotokos\\\/veneration-of-the-virgin-mary-church\\\/#article\",\"isPartOf\":{\"@id\":\"https:\\\/\\\/www.orthodoxonline.org\\\/theology\\\/faith-and-theology\\\/the-human\\\/saint-mary-the-theotokos\\\/veneration-of-the-virgin-mary-church\\\/\"},\"author\":{\"name\":\"\u0643\u0627\u0644\u064a\u0633\u062a\u0648\u0633 \u0648\u064a\u0631\u060c \u0627\u0644\u0645\u062a\u0631\u0648\u0628\u0648\u0644\u064a\u062a\",\"@id\":\"https:\\\/\\\/www.orthodoxonline.org\\\/theology\\\/#\\\/schema\\\/person\\\/428690bd0c05d367a36a84a62e474887\"},\"headline\":\"\u062a\u0643\u0631\u064a\u0645 \u0627\u0644\u0643\u0646\u064a\u0633\u0629 \u0644\u0644\u0633\u064a\u062f\u0629 \u0627\u0644\u0639\u0630\u0631\u0627\u0621\",\"datePublished\":\"2009-03-05T01:31:49+00:00\",\"mainEntityOfPage\":{\"@id\":\"https:\\\/\\\/www.orthodoxonline.org\\\/theology\\\/faith-and-theology\\\/the-human\\\/saint-mary-the-theotokos\\\/veneration-of-the-virgin-mary-church\\\/\"},\"wordCount\":9,\"publisher\":{\"@id\":\"https:\\\/\\\/www.orthodoxonline.org\\\/theology\\\/#organization\"},\"image\":{\"@id\":\"https:\\\/\\\/www.orthodoxonline.org\\\/theology\\\/faith-and-theology\\\/the-human\\\/saint-mary-the-theotokos\\\/veneration-of-the-virgin-mary-church\\\/#primaryimage\"},\"thumbnailUrl\":\"https:\\\/\\\/www.orthodoxonline.org\\\/theology\\\/wp-content\\\/uploads\\\/sites\\\/3\\\/2015\\\/03\\\/Orthodoxonline-Logo-Featured-Post.png\",\"keywords\":[\"\u0625\u062e\u0648\u0629 \u064a\u0633\u0648\u0639\",\"\u0627\u0644\u062d\u0628\u0644 \u0628\u0644\u0627 \u062f\u0646\u0633\",\"\u0627\u0644\u062e\u0637\u064a\u0626\u0629 \u0627\u0644\u0623\u0635\u0644\u064a\u0629\",\"\u0627\u0644\u062e\u0637\u064a\u0626\u0629 \u0627\u0644\u062c\u062f\u064a\u0629\",\"\u0627\u0644\u0642\u0631\u0646 \u0627\u0644\u062a\u0627\u0633\u0639 \u0639\u0634\u0631\",\"\u0627\u0644\u0645\u062c\u0627\u0645\u0639 \u0627\u0644\u0645\u0633\u0643\u0648\u0646\u064a\u0629\",\"\u0627\u0644\u0645\u062c\u0645\u0639 \u0627\u0644\u0645\u0633\u0643\u0648\u0646\u064a \u0627\u0644\u062b\u0627\u0644\u062b\",\"\u0627\u0644\u0645\u062c\u0645\u0639 \u0627\u0644\u0645\u0633\u0643\u0648\u0646\u064a \u0627\u0644\u062e\u0627\u0645\u0633\",\"\u062a\u0643\u0631\u064a\u0645 \u0627\u0644\u0642\u062f\u064a\u0633\u064a\u0646\",\"\u0631\u0642\u0627\u062f \u0627\u0644\u0639\u0630\u0631\u0627\u0621\",\"\u0645\u0631\u064a\u0645 \u0627\u0644\u0639\u0630\u0631\u0627\u0621\",\"\u0648\u0627\u0644\u062f\u0629 \u0627\u0644\u0625\u0644\u0647\"],\"articleSection\":[\"\u0648\u0627\u0644\u062f\u0629 \u0627\u0644\u0644\u0647 \u0627\u0644\u0639\u0630\u0631\u0627\u0621 \u0645\u0631\u064a\u0645\"],\"inLanguage\":\"sv-SE\"},{\"@type\":\"WebPage\",\"@id\":\"https:\\\/\\\/www.orthodoxonline.org\\\/theology\\\/faith-and-theology\\\/the-human\\\/saint-mary-the-theotokos\\\/veneration-of-the-virgin-mary-church\\\/\",\"url\":\"https:\\\/\\\/www.orthodoxonline.org\\\/theology\\\/faith-and-theology\\\/the-human\\\/saint-mary-the-theotokos\\\/veneration-of-the-virgin-mary-church\\\/\",\"name\":\"\u062a\u0643\u0631\u064a\u0645 \u0627\u0644\u0643\u0646\u064a\u0633\u0629 \u0644\u0644\u0633\u064a\u062f\u0629 \u0627\u0644\u0639\u0630\u0631\u0627\u0621 - \u0648\u0627\u0644\u062f\u0629 \u0627\u0644\u0644\u0647 \u0627\u0644\u0639\u0630\u0631\u0627\u0621 \u0645\u0631\u064a\u0645 - \u0634\u0628\u0643\u0629 \u0623\u0631\u062b\u0648\u0630\u0643\u0633 \u0623\u0648\u0646\u0644\u0627\u064a\u0646\",\"isPartOf\":{\"@id\":\"https:\\\/\\\/www.orthodoxonline.org\\\/theology\\\/#website\"},\"primaryImageOfPage\":{\"@id\":\"https:\\\/\\\/www.orthodoxonline.org\\\/theology\\\/faith-and-theology\\\/the-human\\\/saint-mary-the-theotokos\\\/veneration-of-the-virgin-mary-church\\\/#primaryimage\"},\"image\":{\"@id\":\"https:\\\/\\\/www.orthodoxonline.org\\\/theology\\\/faith-and-theology\\\/the-human\\\/saint-mary-the-theotokos\\\/veneration-of-the-virgin-mary-church\\\/#primaryimage\"},\"thumbnailUrl\":\"https:\\\/\\\/www.orthodoxonline.org\\\/theology\\\/wp-content\\\/uploads\\\/sites\\\/3\\\/2015\\\/03\\\/Orthodoxonline-Logo-Featured-Post.png\",\"datePublished\":\"2009-03-05T01:31:49+00:00\",\"description\":\": \u0644\u0644\u0639\u0630\u0631\u0627\u0621 \u0645\u0631\u064a\u0645 \u0645\u0646 \u0628\u064a\u0646 \u062c\u0645\u064a\u0639 \u0627\u0644\u0642\u062f\u064a\u0633\u064a\u0646 \u0645\u0643\u0627\u0646\u0629 \u062e\u0627\u0635\u0629\u060c \u0648\u0627\u0644\u0623\u0631\u062b\u0648\u0630\u0643\u0633\u064a\u0648\u0646 \u064a\u0639\u0638\u0645\u0648\u0646\u0647\u0627 \u0628\u0627\u0639\u062a\u0628\u0627\u0631\u0647\u0627 (\u0623\u0634\u0631\u0641 \u0645\u0646 \u0627\u0644\u0634\u064a\u0631\u0648\u0628\u064a\u0645 \u0648\u0623\u0631\u0641\u0639 \u0645\u062c\u062f\u0627\u064b \u0628\u063a\u064a\u0631 \u0642\u064a\u0627\u0633 \u0645\u0646 \u0627\u0644\u0633\u064a\u0631\u0627\u0641\u064a\u0645). \u0648\u0641\u064a \u062d\u064a\u0646 \u062a\u064f\u0639\u0638\u0651\u0645. \u0645\u0648\u0627\u0636\u064a\u0639 \u0645\u062a\u0635\u0644\u0629: \u0625\u062e\u0648\u0629 \u064a\u0633\u0648\u0639, \u0627\u0644\u062d\u0628\u0644 \u0628\u0644\u0627 \u062f\u0646\u0633, \u0627\u0644\u062e\u0637\u064a\u0626\u0629 \u0627\u0644\u0623\u0635\u0644\u064a\u0629, \u0627\u0644\u062e\u0637\u064a\u0626\u0629 \u0627\u0644\u062c\u062f\u064a\u0629, \u0627\u0644\u0642\u0631\u0646 \u0627\u0644\u062a\u0627\u0633\u0639 \u0639\u0634\u0631, \u0627\u0644\u0645\u062c\u0627\u0645\u0639 \u0627\u0644\u0645\u0633\u0643\u0648\u0646\u064a\u0629, \u0627\u0644\u0645\u062c\u0645\u0639 \u0627\u0644\u0645\u0633\u0643\u0648\u0646\u064a \u0627\u0644\u062b\u0627\u0644\u062b, \u0627\u0644\u0645\u062c\u0645\u0639 \u0627\u0644\u0645\u0633\u0643\u0648\u0646\u064a \u0627\u0644\u062e\u0627\u0645\u0633, \u062a\u0643\u0631\u064a\u0645 \u0627\u0644\u0642\u062f\u064a\u0633\u064a\u0646, \u0631\u0642\u0627\u062f \u0627\u0644\u0639\u0630\u0631\u0627\u0621, \u0645\u0631\u064a\u0645 \u0627\u0644\u0639\u0630\u0631\u0627\u0621, \u0648\u0627\u0644\u062f\u0629 \u0627\u0644\u0625\u0644\u0647\",\"breadcrumb\":{\"@id\":\"https:\\\/\\\/www.orthodoxonline.org\\\/theology\\\/faith-and-theology\\\/the-human\\\/saint-mary-the-theotokos\\\/veneration-of-the-virgin-mary-church\\\/#breadcrumb\"},\"inLanguage\":\"sv-SE\",\"potentialAction\":[{\"@type\":\"ReadAction\",\"target\":[\"https:\\\/\\\/www.orthodoxonline.org\\\/theology\\\/faith-and-theology\\\/the-human\\\/saint-mary-the-theotokos\\\/veneration-of-the-virgin-mary-church\\\/\"]}]},{\"@type\":\"ImageObject\",\"inLanguage\":\"sv-SE\",\"@id\":\"https:\\\/\\\/www.orthodoxonline.org\\\/theology\\\/faith-and-theology\\\/the-human\\\/saint-mary-the-theotokos\\\/veneration-of-the-virgin-mary-church\\\/#primaryimage\",\"url\":\"https:\\\/\\\/www.orthodoxonline.org\\\/theology\\\/wp-content\\\/uploads\\\/sites\\\/3\\\/2015\\\/03\\\/Orthodoxonline-Logo-Featured-Post.png\",\"contentUrl\":\"https:\\\/\\\/www.orthodoxonline.org\\\/theology\\\/wp-content\\\/uploads\\\/sites\\\/3\\\/2015\\\/03\\\/Orthodoxonline-Logo-Featured-Post.png\",\"width\":919,\"height\":400},{\"@type\":\"BreadcrumbList\",\"@id\":\"https:\\\/\\\/www.orthodoxonline.org\\\/theology\\\/faith-and-theology\\\/the-human\\\/saint-mary-the-theotokos\\\/veneration-of-the-virgin-mary-church\\\/#breadcrumb\",\"itemListElement\":[{\"@type\":\"ListItem\",\"position\":1,\"name\":\"\u0627\u0644\u0631\u0626\u064a\u0633\u064a\u0629\",\"item\":\"https:\\\/\\\/www.orthodoxonline.org\\\/theology\\\/\"},{\"@type\":\"ListItem\",\"position\":2,\"name\":\"\u0627\u0644\u0625\u064a\u0645\u0627\u0646 \u0648\u0627\u0644\u0644\u0627\u0647\u0648\u062a \u0627\u0644\u0623\u0631\u062b\u0648\u0630\u0643\u0633\u064a\",\"item\":\"https:\\\/\\\/www.orthodoxonline.org\\\/theology\\\/faith-and-theology\\\/\"},{\"@type\":\"ListItem\",\"position\":3,\"name\":\"\u0627\u0644\u0625\u0646\u0633\u0627\u0646\",\"item\":\"https:\\\/\\\/www.orthodoxonline.org\\\/theology\\\/faith-and-theology\\\/the-human\\\/\"},{\"@type\":\"ListItem\",\"position\":4,\"name\":\"\u0648\u0627\u0644\u062f\u0629 \u0627\u0644\u0644\u0647 \u0627\u0644\u0639\u0630\u0631\u0627\u0621 \u0645\u0631\u064a\u0645\",\"item\":\"https:\\\/\\\/www.orthodoxonline.org\\\/theology\\\/faith-and-theology\\\/the-human\\\/saint-mary-the-theotokos\\\/\"},{\"@type\":\"ListItem\",\"position\":5,\"name\":\"\u062a\u0643\u0631\u064a\u0645 \u0627\u0644\u0643\u0646\u064a\u0633\u0629 \u0644\u0644\u0633\u064a\u062f\u0629 \u0627\u0644\u0639\u0630\u0631\u0627\u0621\"}]},{\"@type\":\"WebSite\",\"@id\":\"https:\\\/\\\/www.orthodoxonline.org\\\/theology\\\/#website\",\"url\":\"https:\\\/\\\/www.orthodoxonline.org\\\/theology\\\/\",\"name\":\"\u0623\u0631\u062b\u0648\u0630\u0643\u0633 \u0623\u0648\u0646\u0644\u0627\u064a\u0646\",\"description\":\"\u0625\u064a\u0645\u0627\u0646\u060c \u0639\u0642\u0627\u0626\u062f\u060c \u062a\u0627\u0631\u064a\u062e\u060c \u0644\u064a\u062a\u0648\u0631\u062c\u064a\u0629 \u0648\u062d\u064a\u0627\u0629 \u0627\u0644\u0643\u0646\u064a\u0633\u0629 \u0627\u0644\u0623\u0631\u062b\u0648\u0630\u0643\u0633\u064a\u0629 - \u0627\u0644\u0631\u0648\u0645 \u0627\u0644\u0623\u0631\u062b\u0648\u0630\u0643\u0633\",\"publisher\":{\"@id\":\"https:\\\/\\\/www.orthodoxonline.org\\\/theology\\\/#organization\"},\"alternateName\":\"\u0634\u0628\u0643\u0629 \u0623\u0631\u062b\u0648\u0630\u0643\u0633 \u0623\u0648\u0646\u0644\u0627\u064a\u0646\",\"potentialAction\":[{\"@type\":\"SearchAction\",\"target\":{\"@type\":\"EntryPoint\",\"urlTemplate\":\"https:\\\/\\\/www.orthodoxonline.org\\\/theology\\\/?s={search_term_string}\"},\"query-input\":{\"@type\":\"PropertyValueSpecification\",\"valueRequired\":true,\"valueName\":\"search_term_string\"}}],\"inLanguage\":\"sv-SE\"},{\"@type\":\"Organization\",\"@id\":\"https:\\\/\\\/www.orthodoxonline.org\\\/theology\\\/#organization\",\"name\":\"\u0634\u0628\u0643\u0629 \u0623\u0631\u062b\u0648\u0630\u0643\u0633 \u0623\u0648\u0646\u0644\u0627\u064a\u0646\",\"url\":\"https:\\\/\\\/www.orthodoxonline.org\\\/theology\\\/\",\"logo\":{\"@type\":\"ImageObject\",\"inLanguage\":\"sv-SE\",\"@id\":\"https:\\\/\\\/www.orthodoxonline.org\\\/theology\\\/#\\\/schema\\\/logo\\\/image\\\/\",\"url\":\"https:\\\/\\\/www.orthodoxonline.org\\\/theology\\\/wp-content\\\/uploads\\\/sites\\\/3\\\/2023\\\/07\\\/Logo-Header.png\",\"contentUrl\":\"https:\\\/\\\/www.orthodoxonline.org\\\/theology\\\/wp-content\\\/uploads\\\/sites\\\/3\\\/2023\\\/07\\\/Logo-Header.png\",\"width\":200,\"height\":200,\"caption\":\"\u0634\u0628\u0643\u0629 \u0623\u0631\u062b\u0648\u0630\u0643\u0633 \u0623\u0648\u0646\u0644\u0627\u064a\u0646\"},\"image\":{\"@id\":\"https:\\\/\\\/www.orthodoxonline.org\\\/theology\\\/#\\\/schema\\\/logo\\\/image\\\/\"},\"sameAs\":[\"https:\\\/\\\/facebook.com\\\/orthodoxonline\",\"https:\\\/\\\/x.com\\\/orthodoxonline\",\"https:\\\/\\\/www.instagram.com\\\/orthodoxonline\\\/\",\"https:\\\/\\\/www.youtube.com\\\/orthodoxonline\"],\"foundingDate\":\"2006-09-20\"},{\"@type\":\"Person\",\"@id\":\"https:\\\/\\\/www.orthodoxonline.org\\\/theology\\\/#\\\/schema\\\/person\\\/428690bd0c05d367a36a84a62e474887\",\"name\":\"\u0643\u0627\u0644\u064a\u0633\u062a\u0648\u0633 \u0648\u064a\u0631\u060c \u0627\u0644\u0645\u062a\u0631\u0648\u0628\u0648\u0644\u064a\u062a\",\"image\":{\"@type\":\"ImageObject\",\"inLanguage\":\"sv-SE\",\"@id\":\"https:\\\/\\\/www.orthodoxonline.org\\\/theology\\\/wp-content\\\/litespeed\\\/avatar\\\/3\\\/010df3be95947255e7dec9c08846b0b9.jpg?ver=1776864239\",\"url\":\"https:\\\/\\\/www.orthodoxonline.org\\\/theology\\\/wp-content\\\/litespeed\\\/avatar\\\/3\\\/010df3be95947255e7dec9c08846b0b9.jpg?ver=1776864239\",\"contentUrl\":\"https:\\\/\\\/www.orthodoxonline.org\\\/theology\\\/wp-content\\\/litespeed\\\/avatar\\\/3\\\/010df3be95947255e7dec9c08846b0b9.jpg?ver=1776864239\",\"caption\":\"\u0643\u0627\u0644\u064a\u0633\u062a\u0648\u0633 \u0648\u064a\u0631\u060c \u0627\u0644\u0645\u062a\u0631\u0648\u0628\u0648\u0644\u064a\u062a\"},\"url\":\"http:\\\/\\\/www.orthodoxonline.org\\\/theology\\\/sv\\\/author\\\/kallistos-ware-of-diokleia\\\/\"}]}<\/script>\n<!-- \/ Yoast SEO Premium plugin. -->","yoast_head_json":{"title":"Kyrkans hedring av Jungfru Maria - jungfru Guds moder, Maria - Ortodoxt n\u00e4tverk p\u00e5 n\u00e4tet","description":": \u0644\u0644\u0639\u0630\u0631\u0627\u0621 \u0645\u0631\u064a\u0645 \u0645\u0646 \u0628\u064a\u0646 \u062c\u0645\u064a\u0639 \u0627\u0644\u0642\u062f\u064a\u0633\u064a\u0646 \u0645\u0643\u0627\u0646\u0629 \u062e\u0627\u0635\u0629\u060c \u0648\u0627\u0644\u0623\u0631\u062b\u0648\u0630\u0643\u0633\u064a\u0648\u0646 \u064a\u0639\u0638\u0645\u0648\u0646\u0647\u0627 \u0628\u0627\u0639\u062a\u0628\u0627\u0631\u0647\u0627 (\u0623\u0634\u0631\u0641 \u0645\u0646 \u0627\u0644\u0634\u064a\u0631\u0648\u0628\u064a\u0645 \u0648\u0623\u0631\u0641\u0639 \u0645\u062c\u062f\u0627\u064b \u0628\u063a\u064a\u0631 \u0642\u064a\u0627\u0633 \u0645\u0646 \u0627\u0644\u0633\u064a\u0631\u0627\u0641\u064a\u0645). \u0648\u0641\u064a \u062d\u064a\u0646 \u062a\u064f\u0639\u0638\u0651\u0645. \u0645\u0648\u0627\u0636\u064a\u0639 \u0645\u062a\u0635\u0644\u0629: \u0625\u062e\u0648\u0629 \u064a\u0633\u0648\u0639, \u0627\u0644\u062d\u0628\u0644 \u0628\u0644\u0627 \u062f\u0646\u0633, \u0627\u0644\u062e\u0637\u064a\u0626\u0629 \u0627\u0644\u0623\u0635\u0644\u064a\u0629, \u0627\u0644\u062e\u0637\u064a\u0626\u0629 \u0627\u0644\u062c\u062f\u064a\u0629, \u0627\u0644\u0642\u0631\u0646 \u0627\u0644\u062a\u0627\u0633\u0639 \u0639\u0634\u0631, \u0627\u0644\u0645\u062c\u0627\u0645\u0639 \u0627\u0644\u0645\u0633\u0643\u0648\u0646\u064a\u0629, \u0627\u0644\u0645\u062c\u0645\u0639 \u0627\u0644\u0645\u0633\u0643\u0648\u0646\u064a \u0627\u0644\u062b\u0627\u0644\u062b, \u0627\u0644\u0645\u062c\u0645\u0639 \u0627\u0644\u0645\u0633\u0643\u0648\u0646\u064a \u0627\u0644\u062e\u0627\u0645\u0633, \u062a\u0643\u0631\u064a\u0645 \u0627\u0644\u0642\u062f\u064a\u0633\u064a\u0646, \u0631\u0642\u0627\u062f \u0627\u0644\u0639\u0630\u0631\u0627\u0621, \u0645\u0631\u064a\u0645 \u0627\u0644\u0639\u0630\u0631\u0627\u0621, \u0648\u0627\u0644\u062f\u0629 \u0627\u0644\u0625\u0644\u0647","robots":{"index":"index","follow":"follow","max-snippet":"max-snippet:-1","max-image-preview":"max-image-preview:large","max-video-preview":"max-video-preview:-1"},"canonical":"https:\/\/www.orthodoxonline.org\/theology\/sv\/faith-and-theology\/the-human\/saint-mary-the-theotokos\/veneration-of-the-virgin-mary-church\/","og_locale":"sv_SE","og_type":"article","og_title":"\u062a\u0643\u0631\u064a\u0645 \u0627\u0644\u0643\u0646\u064a\u0633\u0629 \u0644\u0644\u0633\u064a\u062f\u0629 \u0627\u0644\u0639\u0630\u0631\u0627\u0621 - \u0634\u0628\u0643\u0629 \u0623\u0631\u062b\u0648\u0630\u0643\u0633 \u0623\u0648\u0646\u0644\u0627\u064a\u0646","og_description":":\u0644\u0644\u0639\u0630\u0631\u0627\u0621 \u0645\u0631\u064a\u0645 \u0645\u0646 \u0628\u064a\u0646 \u062c\u0645\u064a\u0639 \u0627\u0644\u0642\u062f\u064a\u0633\u064a\u0646 \u0645\u0643\u0627\u0646\u0629 \u062e\u0627\u0635\u0629\u060c \u0648\u0627\u0644\u0623\u0631\u062b\u0648\u0630\u0643\u0633\u064a\u0648\u0646 \u064a\u0639\u0638\u0645\u0648\u0646\u0647\u0627 \u0628\u0627\u0639\u062a\u0628\u0627\u0631\u0647\u0627 (\u0623\u0634\u0631\u0641 \u0645\u0646 \u0627\u0644\u0634\u064a\u0631\u0648\u0628\u064a\u0645 \u0648\u0623\u0631\u0641\u0639 \u0645\u062c\u062f\u0627\u064b \u0628\u063a\u064a\u0631 \u0642\u064a\u0627\u0633 \u0645\u0646 \u0627\u0644\u0633\u064a\u0631\u0627\u0641\u064a\u0645). \u0648\u0641\u064a \u062d\u064a\u0646 \u062a\u064f\u0639\u0638\u0651\u0645. \u0645\u0648\u0627\u0636\u064a\u0639 \u0645\u062a\u0635\u0644\u0629: \u0625\u062e\u0648\u0629 \u064a\u0633\u0648\u0639, \u0627\u0644\u062d\u0628\u0644 \u0628\u0644\u0627 \u062f\u0646\u0633, \u0627\u0644\u062e\u0637\u064a\u0626\u0629 \u0627\u0644\u0623\u0635\u0644\u064a\u0629, \u0627\u0644\u062e\u0637\u064a\u0626\u0629 \u0627\u0644\u062c\u062f\u064a\u0629, \u0627\u0644\u0642\u0631\u0646 \u0627\u0644\u062a\u0627\u0633\u0639 \u0639\u0634\u0631, \u0627\u0644\u0645\u062c\u0627\u0645\u0639 \u0627\u0644\u0645\u0633\u0643\u0648\u0646\u064a\u0629, \u0627\u0644\u0645\u062c\u0645\u0639 \u0627\u0644\u0645\u0633\u0643\u0648\u0646\u064a \u0627\u0644\u062b\u0627\u0644\u062b, \u0627\u0644\u0645\u062c\u0645\u0639 \u0627\u0644\u0645\u0633\u0643\u0648\u0646\u064a \u0627\u0644\u062e\u0627\u0645\u0633, \u062a\u0643\u0631\u064a\u0645 \u0627\u0644\u0642\u062f\u064a\u0633\u064a\u0646, \u0631\u0642\u0627\u062f \u0627\u0644\u0639\u0630\u0631\u0627\u0621, \u0645\u0631\u064a\u0645 \u0627\u0644\u0639\u0630\u0631\u0627\u0621, \u0648\u0627\u0644\u062f\u0629 \u0627\u0644\u0625\u0644\u0647","og_url":"https:\/\/www.orthodoxonline.org\/theology\/sv\/faith-and-theology\/the-human\/saint-mary-the-theotokos\/veneration-of-the-virgin-mary-church\/","og_site_name":"\u0634\u0628\u0643\u0629 \u0623\u0631\u062b\u0648\u0630\u0643\u0633 \u0623\u0648\u0646\u0644\u0627\u064a\u0646","article_publisher":"https:\/\/facebook.com\/orthodoxonline","article_published_time":"2009-03-05T01:31:49+00:00","og_image":[{"width":919,"height":400,"url":"https:\/\/www.orthodoxonline.org\/theology\/wp-content\/uploads\/sites\/3\/2015\/03\/Orthodoxonline-Logo-Featured-Post.png","type":"image\/png"}],"author":"\u0643\u0627\u0644\u064a\u0633\u062a\u0648\u0633 \u0648\u064a\u0631\u060c \u0627\u0644\u0645\u062a\u0631\u0648\u0628\u0648\u0644\u064a\u062a","twitter_card":"summary_large_image","twitter_creator":"@orthodoxonline","twitter_site":"@orthodoxonline","twitter_misc":{"Skriven av":"\u0643\u0627\u0644\u064a\u0633\u062a\u0648\u0633 \u0648\u064a\u0631\u060c \u0627\u0644\u0645\u062a\u0631\u0648\u0628\u0648\u0644\u064a\u062a"},"schema":{"@context":"https:\/\/schema.org","@graph":[{"@type":"Article","@id":"https:\/\/www.orthodoxonline.org\/theology\/faith-and-theology\/the-human\/saint-mary-the-theotokos\/veneration-of-the-virgin-mary-church\/#article","isPartOf":{"@id":"https:\/\/www.orthodoxonline.org\/theology\/faith-and-theology\/the-human\/saint-mary-the-theotokos\/veneration-of-the-virgin-mary-church\/"},"author":{"name":"\u0643\u0627\u0644\u064a\u0633\u062a\u0648\u0633 \u0648\u064a\u0631\u060c \u0627\u0644\u0645\u062a\u0631\u0648\u0628\u0648\u0644\u064a\u062a","@id":"https:\/\/www.orthodoxonline.org\/theology\/#\/schema\/person\/428690bd0c05d367a36a84a62e474887"},"headline":"\u062a\u0643\u0631\u064a\u0645 \u0627\u0644\u0643\u0646\u064a\u0633\u0629 \u0644\u0644\u0633\u064a\u062f\u0629 \u0627\u0644\u0639\u0630\u0631\u0627\u0621","datePublished":"2009-03-05T01:31:49+00:00","mainEntityOfPage":{"@id":"https:\/\/www.orthodoxonline.org\/theology\/faith-and-theology\/the-human\/saint-mary-the-theotokos\/veneration-of-the-virgin-mary-church\/"},"wordCount":9,"publisher":{"@id":"https:\/\/www.orthodoxonline.org\/theology\/#organization"},"image":{"@id":"https:\/\/www.orthodoxonline.org\/theology\/faith-and-theology\/the-human\/saint-mary-the-theotokos\/veneration-of-the-virgin-mary-church\/#primaryimage"},"thumbnailUrl":"https:\/\/www.orthodoxonline.org\/theology\/wp-content\/uploads\/sites\/3\/2015\/03\/Orthodoxonline-Logo-Featured-Post.png","keywords":["\u0625\u062e\u0648\u0629 \u064a\u0633\u0648\u0639","\u0627\u0644\u062d\u0628\u0644 \u0628\u0644\u0627 \u062f\u0646\u0633","\u0627\u0644\u062e\u0637\u064a\u0626\u0629 \u0627\u0644\u0623\u0635\u0644\u064a\u0629","\u0627\u0644\u062e\u0637\u064a\u0626\u0629 \u0627\u0644\u062c\u062f\u064a\u0629","\u0627\u0644\u0642\u0631\u0646 \u0627\u0644\u062a\u0627\u0633\u0639 \u0639\u0634\u0631","\u0627\u0644\u0645\u062c\u0627\u0645\u0639 \u0627\u0644\u0645\u0633\u0643\u0648\u0646\u064a\u0629","\u0627\u0644\u0645\u062c\u0645\u0639 \u0627\u0644\u0645\u0633\u0643\u0648\u0646\u064a \u0627\u0644\u062b\u0627\u0644\u062b","\u0627\u0644\u0645\u062c\u0645\u0639 \u0627\u0644\u0645\u0633\u0643\u0648\u0646\u064a \u0627\u0644\u062e\u0627\u0645\u0633","\u062a\u0643\u0631\u064a\u0645 \u0627\u0644\u0642\u062f\u064a\u0633\u064a\u0646","\u0631\u0642\u0627\u062f \u0627\u0644\u0639\u0630\u0631\u0627\u0621","\u0645\u0631\u064a\u0645 \u0627\u0644\u0639\u0630\u0631\u0627\u0621","\u0648\u0627\u0644\u062f\u0629 \u0627\u0644\u0625\u0644\u0647"],"articleSection":["\u0648\u0627\u0644\u062f\u0629 \u0627\u0644\u0644\u0647 \u0627\u0644\u0639\u0630\u0631\u0627\u0621 \u0645\u0631\u064a\u0645"],"inLanguage":"sv-SE"},{"@type":"WebPage","@id":"https:\/\/www.orthodoxonline.org\/theology\/faith-and-theology\/the-human\/saint-mary-the-theotokos\/veneration-of-the-virgin-mary-church\/","url":"https:\/\/www.orthodoxonline.org\/theology\/faith-and-theology\/the-human\/saint-mary-the-theotokos\/veneration-of-the-virgin-mary-church\/","name":"Kyrkans hedring av Jungfru Maria - jungfru Guds moder, Maria - Ortodoxt n\u00e4tverk p\u00e5 n\u00e4tet","isPartOf":{"@id":"https:\/\/www.orthodoxonline.org\/theology\/#website"},"primaryImageOfPage":{"@id":"https:\/\/www.orthodoxonline.org\/theology\/faith-and-theology\/the-human\/saint-mary-the-theotokos\/veneration-of-the-virgin-mary-church\/#primaryimage"},"image":{"@id":"https:\/\/www.orthodoxonline.org\/theology\/faith-and-theology\/the-human\/saint-mary-the-theotokos\/veneration-of-the-virgin-mary-church\/#primaryimage"},"thumbnailUrl":"https:\/\/www.orthodoxonline.org\/theology\/wp-content\/uploads\/sites\/3\/2015\/03\/Orthodoxonline-Logo-Featured-Post.png","datePublished":"2009-03-05T01:31:49+00:00","description":": \u0644\u0644\u0639\u0630\u0631\u0627\u0621 \u0645\u0631\u064a\u0645 \u0645\u0646 \u0628\u064a\u0646 \u062c\u0645\u064a\u0639 \u0627\u0644\u0642\u062f\u064a\u0633\u064a\u0646 \u0645\u0643\u0627\u0646\u0629 \u062e\u0627\u0635\u0629\u060c \u0648\u0627\u0644\u0623\u0631\u062b\u0648\u0630\u0643\u0633\u064a\u0648\u0646 \u064a\u0639\u0638\u0645\u0648\u0646\u0647\u0627 \u0628\u0627\u0639\u062a\u0628\u0627\u0631\u0647\u0627 (\u0623\u0634\u0631\u0641 \u0645\u0646 \u0627\u0644\u0634\u064a\u0631\u0648\u0628\u064a\u0645 \u0648\u0623\u0631\u0641\u0639 \u0645\u062c\u062f\u0627\u064b \u0628\u063a\u064a\u0631 \u0642\u064a\u0627\u0633 \u0645\u0646 \u0627\u0644\u0633\u064a\u0631\u0627\u0641\u064a\u0645). \u0648\u0641\u064a \u062d\u064a\u0646 \u062a\u064f\u0639\u0638\u0651\u0645. \u0645\u0648\u0627\u0636\u064a\u0639 \u0645\u062a\u0635\u0644\u0629: \u0625\u062e\u0648\u0629 \u064a\u0633\u0648\u0639, \u0627\u0644\u062d\u0628\u0644 \u0628\u0644\u0627 \u062f\u0646\u0633, \u0627\u0644\u062e\u0637\u064a\u0626\u0629 \u0627\u0644\u0623\u0635\u0644\u064a\u0629, \u0627\u0644\u062e\u0637\u064a\u0626\u0629 \u0627\u0644\u062c\u062f\u064a\u0629, \u0627\u0644\u0642\u0631\u0646 \u0627\u0644\u062a\u0627\u0633\u0639 \u0639\u0634\u0631, \u0627\u0644\u0645\u062c\u0627\u0645\u0639 \u0627\u0644\u0645\u0633\u0643\u0648\u0646\u064a\u0629, \u0627\u0644\u0645\u062c\u0645\u0639 \u0627\u0644\u0645\u0633\u0643\u0648\u0646\u064a \u0627\u0644\u062b\u0627\u0644\u062b, \u0627\u0644\u0645\u062c\u0645\u0639 \u0627\u0644\u0645\u0633\u0643\u0648\u0646\u064a \u0627\u0644\u062e\u0627\u0645\u0633, \u062a\u0643\u0631\u064a\u0645 \u0627\u0644\u0642\u062f\u064a\u0633\u064a\u0646, \u0631\u0642\u0627\u062f \u0627\u0644\u0639\u0630\u0631\u0627\u0621, \u0645\u0631\u064a\u0645 \u0627\u0644\u0639\u0630\u0631\u0627\u0621, \u0648\u0627\u0644\u062f\u0629 \u0627\u0644\u0625\u0644\u0647","breadcrumb":{"@id":"https:\/\/www.orthodoxonline.org\/theology\/faith-and-theology\/the-human\/saint-mary-the-theotokos\/veneration-of-the-virgin-mary-church\/#breadcrumb"},"inLanguage":"sv-SE","potentialAction":[{"@type":"ReadAction","target":["https:\/\/www.orthodoxonline.org\/theology\/faith-and-theology\/the-human\/saint-mary-the-theotokos\/veneration-of-the-virgin-mary-church\/"]}]},{"@type":"ImageObject","inLanguage":"sv-SE","@id":"https:\/\/www.orthodoxonline.org\/theology\/faith-and-theology\/the-human\/saint-mary-the-theotokos\/veneration-of-the-virgin-mary-church\/#primaryimage","url":"https:\/\/www.orthodoxonline.org\/theology\/wp-content\/uploads\/sites\/3\/2015\/03\/Orthodoxonline-Logo-Featured-Post.png","contentUrl":"https:\/\/www.orthodoxonline.org\/theology\/wp-content\/uploads\/sites\/3\/2015\/03\/Orthodoxonline-Logo-Featured-Post.png","width":919,"height":400},{"@type":"BreadcrumbList","@id":"https:\/\/www.orthodoxonline.org\/theology\/faith-and-theology\/the-human\/saint-mary-the-theotokos\/veneration-of-the-virgin-mary-church\/#breadcrumb","itemListElement":[{"@type":"ListItem","position":1,"name":"\u0627\u0644\u0631\u0626\u064a\u0633\u064a\u0629","item":"https:\/\/www.orthodoxonline.org\/theology\/"},{"@type":"ListItem","position":2,"name":"\u0627\u0644\u0625\u064a\u0645\u0627\u0646 \u0648\u0627\u0644\u0644\u0627\u0647\u0648\u062a \u0627\u0644\u0623\u0631\u062b\u0648\u0630\u0643\u0633\u064a","item":"https:\/\/www.orthodoxonline.org\/theology\/faith-and-theology\/"},{"@type":"ListItem","position":3,"name":"\u0627\u0644\u0625\u0646\u0633\u0627\u0646","item":"https:\/\/www.orthodoxonline.org\/theology\/faith-and-theology\/the-human\/"},{"@type":"ListItem","position":4,"name":"\u0648\u0627\u0644\u062f\u0629 \u0627\u0644\u0644\u0647 \u0627\u0644\u0639\u0630\u0631\u0627\u0621 \u0645\u0631\u064a\u0645","item":"https:\/\/www.orthodoxonline.org\/theology\/faith-and-theology\/the-human\/saint-mary-the-theotokos\/"},{"@type":"ListItem","position":5,"name":"\u062a\u0643\u0631\u064a\u0645 \u0627\u0644\u0643\u0646\u064a\u0633\u0629 \u0644\u0644\u0633\u064a\u062f\u0629 \u0627\u0644\u0639\u0630\u0631\u0627\u0621"}]},{"@type":"WebSite","@id":"https:\/\/www.orthodoxonline.org\/theology\/#website","url":"https:\/\/www.orthodoxonline.org\/theology\/","name":"Ortodox online","description":"Tro, l\u00e4ror, historia, liturgi och liv i den ortodoxa kyrkan - Grekisk-ortodox","publisher":{"@id":"https:\/\/www.orthodoxonline.org\/theology\/#organization"},"alternateName":"\u0634\u0628\u0643\u0629 \u0623\u0631\u062b\u0648\u0630\u0643\u0633 \u0623\u0648\u0646\u0644\u0627\u064a\u0646","potentialAction":[{"@type":"SearchAction","target":{"@type":"EntryPoint","urlTemplate":"https:\/\/www.orthodoxonline.org\/theology\/?s={search_term_string}"},"query-input":{"@type":"PropertyValueSpecification","valueRequired":true,"valueName":"search_term_string"}}],"inLanguage":"sv-SE"},{"@type":"Organization","@id":"https:\/\/www.orthodoxonline.org\/theology\/#organization","name":"Ortodoxa onlinen\u00e4tverk","url":"https:\/\/www.orthodoxonline.org\/theology\/","logo":{"@type":"ImageObject","inLanguage":"sv-SE","@id":"https:\/\/www.orthodoxonline.org\/theology\/#\/schema\/logo\/image\/","url":"https:\/\/www.orthodoxonline.org\/theology\/wp-content\/uploads\/sites\/3\/2023\/07\/Logo-Header.png","contentUrl":"https:\/\/www.orthodoxonline.org\/theology\/wp-content\/uploads\/sites\/3\/2023\/07\/Logo-Header.png","width":200,"height":200,"caption":"\u0634\u0628\u0643\u0629 \u0623\u0631\u062b\u0648\u0630\u0643\u0633 \u0623\u0648\u0646\u0644\u0627\u064a\u0646"},"image":{"@id":"https:\/\/www.orthodoxonline.org\/theology\/#\/schema\/logo\/image\/"},"sameAs":["https:\/\/facebook.com\/orthodoxonline","https:\/\/x.com\/orthodoxonline","https:\/\/www.instagram.com\/orthodoxonline\/","https:\/\/www.youtube.com\/orthodoxonline"],"foundingDate":"2006-09-20"},{"@type":"Person","@id":"https:\/\/www.orthodoxonline.org\/theology\/#\/schema\/person\/428690bd0c05d367a36a84a62e474887","name":"Callistus Ware, Metropolitan","image":{"@type":"ImageObject","inLanguage":"sv-SE","@id":"https:\/\/www.orthodoxonline.org\/theology\/wp-content\/litespeed\/avatar\/3\/010df3be95947255e7dec9c08846b0b9.jpg?ver=1776864239","url":"https:\/\/www.orthodoxonline.org\/theology\/wp-content\/litespeed\/avatar\/3\/010df3be95947255e7dec9c08846b0b9.jpg?ver=1776864239","contentUrl":"https:\/\/www.orthodoxonline.org\/theology\/wp-content\/litespeed\/avatar\/3\/010df3be95947255e7dec9c08846b0b9.jpg?ver=1776864239","caption":"\u0643\u0627\u0644\u064a\u0633\u062a\u0648\u0633 \u0648\u064a\u0631\u060c \u0627\u0644\u0645\u062a\u0631\u0648\u0628\u0648\u0644\u064a\u062a"},"url":"http:\/\/www.orthodoxonline.org\/theology\/sv\/author\/kallistos-ware-of-diokleia\/"}]}},"wps_subtitle":"","amp_enabled":true,"_links":{"self":[{"href":"http:\/\/www.orthodoxonline.org\/theology\/sv\/wp-json\/wp\/v2\/posts\/861","targetHints":{"allow":["GET"]}}],"collection":[{"href":"http:\/\/www.orthodoxonline.org\/theology\/sv\/wp-json\/wp\/v2\/posts"}],"about":[{"href":"http:\/\/www.orthodoxonline.org\/theology\/sv\/wp-json\/wp\/v2\/types\/post"}],"author":[{"embeddable":true,"href":"http:\/\/www.orthodoxonline.org\/theology\/sv\/wp-json\/wp\/v2\/users\/25"}],"replies":[{"embeddable":true,"href":"http:\/\/www.orthodoxonline.org\/theology\/sv\/wp-json\/wp\/v2\/comments?post=861"}],"version-history":[{"count":0,"href":"http:\/\/www.orthodoxonline.org\/theology\/sv\/wp-json\/wp\/v2\/posts\/861\/revisions"}],"wp:featuredmedia":[{"embeddable":true,"href":"http:\/\/www.orthodoxonline.org\/theology\/sv\/wp-json\/wp\/v2\/media\/3449"}],"wp:attachment":[{"href":"http:\/\/www.orthodoxonline.org\/theology\/sv\/wp-json\/wp\/v2\/media?parent=861"}],"wp:term":[{"taxonomy":"category","embeddable":true,"href":"http:\/\/www.orthodoxonline.org\/theology\/sv\/wp-json\/wp\/v2\/categories?post=861"},{"taxonomy":"post_tag","embeddable":true,"href":"http:\/\/www.orthodoxonline.org\/theology\/sv\/wp-json\/wp\/v2\/tags?post=861"}],"curies":[{"name":"wp","href":"https:\/\/api.w.org\/{rel}","templated":true}]}}