{"id":2722,"date":"2011-02-18T19:12:43","date_gmt":"2011-02-18T19:12:43","guid":{"rendered":"http:\/\/orthodoxonline.org\/theology\/orthodox-library\/virtues-and-spiritual-life\/a-night-in-the-desert-of-the-holy-mountain-discussion-with-a-hermit-on-the-jesus-prayer\/part-v-chapter-ix-saying-the-jesus-prayer-for-others\/"},"modified":"2011-02-18T19:12:43","modified_gmt":"2011-02-18T19:12:43","slug":"part-v-chapter-ix-saying-the-jesus-prayer-for-others","status":"publish","type":"post","link":"http:\/\/www.orthodoxonline.org\/theology\/tr\/orthodox-library\/virtues-and-spiritual-life\/a-night-in-the-desert-of-the-holy-mountain-discussion-with-a-hermit-on-the-jesus-prayer\/part-v-chapter-ix-saying-the-jesus-prayer-for-others\/","title":{"rendered":"5:9- Ba\u015fkalar\u0131 i\u00e7in dua etmek"},"content":{"rendered":"<p>- Bu do\u011fru \u015eeyh. Ba\u015fkalar\u0131 i\u00e7in \u201cdua\u201d ile ilgili hen\u00fcz bir \u015fey s\u00f6ylemedik, peki onu bu \u015fekilde nas\u0131l kullanabiliriz?<\/p>\n<p>- Baba, d\u00fcnyada \u00e7ok fazla sefalet, dalalet, Allah&#039;\u0131 bilmemek var ve m\u00fcbarek babalar, insan\u0131n Allah&#039;\u0131 bilmemesini en b\u00fcy\u00fck g\u00fcnah say\u0131yorlar ve bu y\u00fczden sen a\u011flamak ve dua etmekle y\u00fck\u00fcml\u00fcs\u00fcn.<\/p>\n<p>  <!--more-->  <\/p>\n<p>Aziz John of Ladder (Erdemler Merdiveni kitab\u0131n\u0131n yazar\u0131) \u00e7obana, yani manast\u0131r\u0131n reisine hitaben bir mektup yazd\u0131. Bunu her piskoposa ve her ruhani rehbere hitaben yazmak da uygundur. \u00c7\u00fcnk\u00fc manevi rehber her ruhun piskoposudur. \u0130\u00e7inde \u015funlar\u0131 s\u00f6yledi: \u201cKoyunlar dinlenirken \u00e7oban\u0131n yapt\u0131\u011f\u0131n\u0131 rahip de yapmal\u0131d\u0131r. S\u00fcr\u00fcy\u00fc kurtlardan koruyabilmeleri i\u00e7in k\u00f6y\u00fcn etraf\u0131ndaki k\u00f6peklere \u00f6zg\u00fcrl\u00fck verir. H\u0131ristiyanlar uyurken, Tanr\u0131&#039;ya yalvarmak i\u00e7in rahip uyan\u0131k kalmal\u0131 ve zihninin \u00f6zg\u00fcr ve uyan\u0131k olmas\u0131na izin vermelidir. halk\u0131n\u0131n iyili\u011fi i\u00e7in. O zaman onlardan ka\u00e7\u0131 dalalet yolunu takip ediyor? Ka\u00e7 tanesi intihar etmek istiyor? Ka\u00e7 tanesi korkun\u00e7 su\u00e7lar i\u015flemeye haz\u0131rlan\u0131yor? Ka\u00e7 tanesi umutsuzluk, hayal k\u0131r\u0131kl\u0131\u011f\u0131 ve iyi \u015feylerin kayb\u0131 hissine kap\u0131l\u0131yor? Bu ki\u015filer i\u00e7in, e\u011fer \u00f6zel bir durum varsa, \u015fu \u015fekilde \u201cdua\u201d yapmal\u0131s\u0131n\u0131z: \u201cRab \u0130sa Mesih, kullar\u0131n\u0131 ya da hizmetkar\u0131n\u0131 kurtar\u201d.<\/p>\n<p>Bir soru sorabilir miyim, az \u00f6nce hayal etmeden \u201cnamaz k\u0131l\u0131nmal\u0131\u201d demi\u015ftiniz. \u015eimdi s\u0131k\u0131nt\u0131 \u00e7eken ba\u015fkalar\u0131 i\u00e7in dua etmek gerekti\u011fini s\u00f6yl\u00fcyorsunuz. Ama... akl\u0131 kendinde yo\u011funla\u015ft\u0131r\u0131p, onu oyalay\u0131c\u0131 \u015feylerden uzakla\u015ft\u0131r\u0131p kalbe yerle\u015fmesini hedeflememiz gereken bir zamanda, bunlar\u0131n bu i\u015fleri hayal g\u00fcc\u00fcn\u00fc me\u015fgul edip geli\u015ftirmesin ve akl\u0131n da\u011f\u0131lmas\u0131na sebep olmas\u0131n. ilave olarak?<\/p>\n<p>Bana bu soruyu sormakla iyi ettin, \u00e7\u00fcnk\u00fc burada daha fazla a\u00e7\u0131klama ve a\u00e7\u0131klama gerekli. Ba\u015fkalar\u0131 i\u00e7in dua etti\u011fimizde, \u201cduay\u0131\u201d d\u0131\u015far\u0131dan s\u00f6ylemeliyiz, yani ba\u015fkalar\u0131 i\u00e7in \u201c\u0130sa Duas\u0131\u201dn\u0131 kullanarak k\u0131sa bir s\u00fcre dua etmek istiyorsak, ilk defa \u201cYa Rab \u0130sa Mesih, kurtar\u201d demeliyiz. kullar\u0131n\u0131z veya hizmet\u00e7iniz (ve isimlerini s\u00f6yleyin). Daha sonra ayn\u0131 duay\u0131 isim vermeden, akl\u0131m\u0131z\u0131 me\u015fgul etmekten uzak tutmaya dikkat ederek tekrarlamaya devam ediyoruz. Allah kimin i\u00e7in dua etti\u011fimizi biliyor. Dua ederken onu me\u015fgul eden sorunlar\u0131 d\u00fc\u015f\u00fcnmemeliyiz. Allah&#039;\u0131n ilahi l\u00fctfunu g\u00f6ndermesi i\u00e7in, &quot;Kulunu kurtar&quot; diyerek hat\u0131rlatmam\u0131z yeterlidir. E\u011fer dua edilen ki\u015fi l\u00fctfa lay\u0131k ise, bu l\u00fctuf devreye girer ve Allah, onun durumuna g\u00f6re etkilerini ona bah\u015feder.<\/p>\n<p>\u0130lahi l\u00fctuf, Baba, su gibidir, tarlaya gelir gelmez bitkilerin k\u00f6kleri onu emip her a\u011faca ihtiyac\u0131 olan\u0131 verene kadar. Yoksa \u0130lahi Kitleye hizmet ederken de bu prensibi korumuyor muyuz? Her konuda dua ediyoruz ve insanlar \u201cRabbim merhamet et\u201d diye tekrarl\u0131yorlar. \u00c7\u00fcnk\u00fc Allah&#039;\u0131n merhameti yeri geldi\u011finde insana en \u00e7ok ihtiya\u00e7 duydu\u011fu \u015feyi verir. Bunun \u00f6tesinde, ba\u015fkalar\u0131 i\u00e7in dua etmek iyi bir nedenden dolay\u0131 gerekli bir pastoral eylemdir.<\/p>\n<p>-Ne var baba?<\/p>\n<p>- Ba\u015fka bir ki\u015fi i\u00e7in dua etti\u011fimizde, hemen Tanr\u0131&#039;dan onun \u00f6zel ihtiyac\u0131n\u0131n haberini al\u0131r\u0131z ve ard\u0131ndan onun kurtulu\u015fu i\u00e7in etkili ve etkili bir \u015fekilde \u00e7al\u0131\u015fabiliriz.<\/p>\n<p>Bir g\u00fcn h\u00fccreme bir ki\u015fi geldi ve g\u00f6r\u00fcn\u00fc\u015fte ba\u015far\u0131 belirtileri g\u00f6steren bir H\u0131ristiyan&#039;\u0131 \u00f6vd\u00fc. \u00d6v\u00fclen ki\u015finin g\u00f6r\u00fc\u015fleri Ortodoks olmad\u0131\u011f\u0131 i\u00e7in hemen k\u00fc\u00e7\u00fck kiliseye gittim ve Tanr\u0131&#039;dan bana onun hakk\u0131ndaki ger\u00e7e\u011fi a\u00e7\u0131klamas\u0131n\u0131 istedim... ve size anlatsam inanmazs\u0131n\u0131z...<\/p>\n<p>- Allah korusun baba... Bunu bana nas\u0131l s\u00f6ylersin? Neden inanm\u0131yorum?<\/p>\n<p>-...K\u00fc\u00e7\u00fck kilise bir anda k\u00f6t\u00fc bir kokuyla doldu. Kendi kendime bu ki\u015finin iyi olmad\u0131\u011f\u0131n\u0131 ve Mesih&#039;in l\u00fctfuna sahip olmad\u0131\u011f\u0131n\u0131 s\u00f6yledim. Evet, hayat veren ilahi l\u00fctuftan mahrumdur. Bu nedenle o da \u00f6lm\u00fc\u015ft\u00fcr. &quot;Ya\u015ft\u0131\u011f\u0131 i\u00e7in bir ad\u0131 var ama \u00f6ld\u00fc.&quot; \u0130nsan, bedeni terk etti\u011finde \u00f6len ve kokan ruh gibidir. E\u011fer ilahi l\u00fctuf ondan uzakla\u015fsayd\u0131, ruhu \u00f6l\u00fcr ve arkas\u0131nda \u00e7\u00fcr\u00fck bir manevi koku b\u0131rak\u0131rd\u0131!<\/p>\n<p>\u015eu ana kadar bencil olarak tan\u0131mlanamayacak kadar \u00e7ok \u015feyi bana a\u00e7\u0131klad\u0131\u011f\u0131 i\u00e7in s\u00f6zleri beni deh\u015fete d\u00fc\u015f\u00fcrd\u00fc. Azizler t\u00fcm bu bi\u00e7imlerin \u00f6tesine ge\u00e7mi\u015flerdir. Onlar ne bencil ne de al\u00e7akg\u00f6n\u00fcll\u00fcd\u00fcrler, fakat onlar Tanr\u0131&#039;n\u0131n adamlar\u0131d\u0131r. Bunlar\u0131 g\u00f6steri\u015f olsun diye de\u011fil, menfaat sa\u011flamak i\u00e7in s\u00f6ylerler ve b\u00fct\u00fcn bunlar Allah&#039;\u0131n y\u00fcceli\u011fi i\u00e7indir. Tanr\u0131&#039;n\u0131n kanunu onlar\u0131n kanunu haline geldi ve onlar\u0131n t\u00fcm hayatlar\u0131na derinlemesine yaz\u0131ld\u0131.<\/p>\n<p>\u015e\u00f6yle ekledi: Genel olarak \u0130sa duas\u0131n\u0131n i\u015finiz i\u00e7in gerekli oldu\u011fu s\u00f6ylenebilir Baba. Dua ederseniz kalbinizdeki k\u00f6t\u00fc niyetli k\u00f6t\u00fcl\u00fc\u011f\u00fcn hareketlerini tespit edebileceksiniz. &quot;Dua&quot; sayesinde kalp, son derece duyarl\u0131, keskin g\u00f6zl\u00fc, ilim sahibi, kabiliyetli olur, i\u00e7indeki \u015feytan\u0131n varl\u0131\u011f\u0131n\u0131n fark\u0131na var\u0131r ve &quot;dua&quot; ona ayn\u0131 zamanda \u015feytan\u0131 kovabilecek ilave bir g\u00fc\u00e7 de verir. B\u00f6ylece Kutsal Ruh&#039;u alan bir kap haline gelir.<\/p>\n<p>O zaman, \u015eeytan&#039;a kar\u015f\u0131 verdi\u011finiz sava\u015fta edindi\u011finiz tecr\u00fcbe ve ilahi l\u00fctuf bilgisiyle, \u00f6n\u00fcn\u00fczde itirafta bulunan ki\u015finin ruhuna kolayca girebilecek ve onun i\u00e7 d\u00fcnyas\u0131na derinlemesine dalabileceksiniz. Faydas\u0131 b\u00fcy\u00fck olacakt\u0131r, \u00e7\u00fcnk\u00fc itiraf kutsall\u0131\u011f\u0131n\u0131 uygulad\u0131ktan sonra, bilinen veya bilinmeyen her ne olursa olsun, arzulardan ar\u0131nm\u0131\u015f, ba\u015fka bir ki\u015fi olarak ortaya \u00e7\u0131kacakt\u0131r.<\/p>\n<p>\u015e\u00f6yle ekledi: Sizden benim i\u00e7in \u00fc\u00e7 iste\u011fimi yerine getirmenizi rica ediyorum. Ve san\u0131r\u0131m cevap veriyorsun.<\/p>\n<p>Dedim ki: Ne istersen iste, \u00e7\u00fcnk\u00fc onun ger\u00e7ekle\u015fece\u011fine eminim.<\/p>","protected":false},"excerpt":{"rendered":"<p>&#8211; \u0647\u0630\u0627 \u062d\u0642 \u0623\u064a\u0647\u0627 \u0627\u0644\u0634\u064a\u062e. \u0625\u0646\u0646\u0627 \u0644\u0645 \u0646\u0642\u0644 \u062d\u062a\u0649 \u0627\u0644\u0622\u0646 \u0634\u064a\u0626\u0627\u064b \u0639\u0646 \u201c\u0627\u0644\u0635\u0644\u0627\u0629\u201d \u0645\u0646 \u0623\u062c\u0644 \u0627\u0644\u0622\u062e\u0631\u064a\u0646 \u0641\u0643\u064a\u0641 \u064a\u0645\u0643\u0646 \u0644\u0644\u0645\u0631\u0621 \u0627\u0633\u062a\u062e\u062f\u0627\u0645\u0647\u0627 [&hellip;]<\/p>\n","protected":false},"author":31,"featured_media":3449,"comment_status":"closed","ping_status":"closed","sticky":false,"template":"","format":"standard","meta":{"_relevanssi_hide_post":"","_relevanssi_hide_content":"","_relevanssi_pin_for_all":"","_relevanssi_pin_keywords":"","_relevanssi_unpin_keywords":"","_relevanssi_related_keywords":"","_relevanssi_related_include_ids":"","_relevanssi_related_exclude_ids":"","_relevanssi_related_no_append":"","_relevanssi_related_not_related":"","_relevanssi_related_posts":"2785,2716,2623,2784,2780,2783,2586,2549,2721,2781,1798,956","_relevanssi_noindex_reason":"","site-sidebar-layout":"default","site-content-layout":"","ast-site-content-layout":"default","site-content-style":"default","site-sidebar-style":"default","ast-global-header-display":"","ast-banner-title-visibility":"","ast-main-header-display":"","ast-hfb-above-header-display":"","ast-hfb-below-header-display":"","ast-hfb-mobile-header-display":"","site-post-title":"","ast-breadcrumbs-content":"","ast-featured-img":"","footer-sml-layout":"","ast-disable-related-posts":"","theme-transparent-header-meta":"","adv-header-id-meta":"","stick-header-meta":"","header-above-stick-meta":"","header-main-stick-meta":"","header-below-stick-meta":"","astra-migrate-meta-layouts":"default","ast-page-background-enabled":"default","ast-page-background-meta":{"desktop":{"background-color":"var(--ast-global-color-4)","background-image":"","background-repeat":"repeat","background-position":"center center","background-size":"auto","background-attachment":"scroll","background-type":"","background-media":"","overlay-type":"","overlay-color":"","overlay-opacity":"","overlay-gradient":""},"tablet":{"background-color":"","background-image":"","background-repeat":"repeat","background-position":"center center","background-size":"auto","background-attachment":"scroll","background-type":"","background-media":"","overlay-type":"","overlay-color":"","overlay-opacity":"","overlay-gradient":""},"mobile":{"background-color":"","background-image":"","background-repeat":"repeat","background-position":"center center","background-size":"auto","background-attachment":"scroll","background-type":"","background-media":"","overlay-type":"","overlay-color":"","overlay-opacity":"","overlay-gradient":""}},"ast-content-background-meta":{"desktop":{"background-color":"var(--ast-global-color-5)","background-image":"","background-repeat":"repeat","background-position":"center center","background-size":"auto","background-attachment":"scroll","background-type":"","background-media":"","overlay-type":"","overlay-color":"","overlay-opacity":"","overlay-gradient":""},"tablet":{"background-color":"var(--ast-global-color-5)","background-image":"","background-repeat":"repeat","background-position":"center center","background-size":"auto","background-attachment":"scroll","background-type":"","background-media":"","overlay-type":"","overlay-color":"","overlay-opacity":"","overlay-gradient":""},"mobile":{"background-color":"var(--ast-global-color-5)","background-image":"","background-repeat":"repeat","background-position":"center center","background-size":"auto","background-attachment":"scroll","background-type":"","background-media":"","overlay-type":"","overlay-color":"","overlay-opacity":"","overlay-gradient":""}},"footnotes":""},"categories":[144],"tags":[679,7891],"class_list":["post-2722","post","type-post","status-publish","format-standard","has-post-thumbnail","hentry","category-a-night-in-the-desert-of-the-holy-mountain-discussion-with-a-hermit-on-the-jesus-prayer","tag-679","tag-7891"],"yoast_head":"<!-- This site is optimized with the Yoast SEO Premium plugin v27.4 (Yoast SEO v27.5) - https:\/\/yoast.com\/product\/yoast-seo-premium-wordpress\/ -->\n<title>5: 9- \u0627\u0644\u0635\u0644\u0627\u0629 \u0645\u0646 \u0623\u062c\u0644 \u0627\u0644\u0622\u062e\u0631\u064a\u0646 - \u0623\u0645\u0633\u064a\u0629 \u0641\u064a \u0628\u0631\u064a\u0629 \u0627\u0644\u062c\u0628\u0644 \u0627\u0644\u0645\u0642\u062f\u0633 \u0622\u062b\u0648\u0633 - \u062d\u0648\u0627\u0631 \u062d\u0648\u0644 \u0627\u0644\u0635\u0644\u0627\u0629 - \u0634\u0628\u0643\u0629 \u0623\u0631\u062b\u0648\u0630\u0643\u0633 \u0623\u0648\u0646\u0644\u0627\u064a\u0646<\/title>\n<meta name=\"description\" content=\": - \u0647\u0630\u0627 \u062d\u0642 \u0623\u064a\u0647\u0627 \u0627\u0644\u0634\u064a\u062e. \u0625\u0646\u0646\u0627 \u0644\u0645 \u0646\u0642\u0644 \u062d\u062a\u0649 \u0627\u0644\u0622\u0646 \u0634\u064a\u0626\u0627\u064b \u0639\u0646 \u201c\u0627\u0644\u0635\u0644\u0627\u0629\u201d \u0645\u0646 \u0623\u062c\u0644 \u0627\u0644\u0622\u062e\u0631\u064a\u0646 \u0641\u0643\u064a\u0641 \u064a\u0645\u0643\u0646 \u0644\u0644\u0645\u0631\u0621 \u0627\u0633\u062a\u062e\u062f\u0627\u0645\u0647\u0627 \u0641\u064a \u0647\u0630\u0627 \u0627\u0644\u0633\u0628\u064a\u0644\u061f - \u0641\u064a \u0627\u0644\u0639\u0627\u0644\u0645 \u064a\u0627 \u0623\u0628\u062a\u0650 \u0627\u0644\u0643\u062b\u064a\u0631 \u0645\u0646 \u0627\u0644\u0634\u0642\u0627\u0621. \u0645\u0648\u0627\u0636\u064a\u0639 \u0645\u062a\u0635\u0644\u0629: \u0627\u0644\u0635\u0644\u0627\u0629, \u0627\u0644\u0635\u0644\u0627\u0629 \u0645\u0646 \u0623\u062c\u0644 \u0627\u0644\u0622\u062e\u0631\u064a\u0646\" \/>\n<meta name=\"robots\" content=\"index, follow, max-snippet:-1, max-image-preview:large, max-video-preview:-1\" \/>\n<link rel=\"canonical\" href=\"https:\/\/www.orthodoxonline.org\/theology\/tr\/orthodox-library\/virtues-and-spiritual-life\/a-night-in-the-desert-of-the-holy-mountain-discussion-with-a-hermit-on-the-jesus-prayer\/part-v-chapter-ix-saying-the-jesus-prayer-for-others\/\" \/>\n<meta property=\"og:locale\" content=\"tr_TR\" \/>\n<meta property=\"og:type\" content=\"article\" \/>\n<meta property=\"og:title\" content=\"5: 9- \u0627\u0644\u0635\u0644\u0627\u0629 \u0645\u0646 \u0623\u062c\u0644 \u0627\u0644\u0622\u062e\u0631\u064a\u0646 - \u0634\u0628\u0643\u0629 \u0623\u0631\u062b\u0648\u0630\u0643\u0633 \u0623\u0648\u0646\u0644\u0627\u064a\u0646\" \/>\n<meta property=\"og:description\" content=\":- \u0647\u0630\u0627 \u062d\u0642 \u0623\u064a\u0647\u0627 \u0627\u0644\u0634\u064a\u062e. \u0625\u0646\u0646\u0627 \u0644\u0645 \u0646\u0642\u0644 \u062d\u062a\u0649 \u0627\u0644\u0622\u0646 \u0634\u064a\u0626\u0627\u064b \u0639\u0646 \u201c\u0627\u0644\u0635\u0644\u0627\u0629\u201d \u0645\u0646 \u0623\u062c\u0644 \u0627\u0644\u0622\u062e\u0631\u064a\u0646 \u0641\u0643\u064a\u0641 \u064a\u0645\u0643\u0646 \u0644\u0644\u0645\u0631\u0621 \u0627\u0633\u062a\u062e\u062f\u0627\u0645\u0647\u0627 \u0641\u064a \u0647\u0630\u0627 \u0627\u0644\u0633\u0628\u064a\u0644\u061f - \u0641\u064a \u0627\u0644\u0639\u0627\u0644\u0645 \u064a\u0627 \u0623\u0628\u062a\u0650 \u0627\u0644\u0643\u062b\u064a\u0631 \u0645\u0646 \u0627\u0644\u0634\u0642\u0627\u0621. \u0645\u0648\u0627\u0636\u064a\u0639 \u0645\u062a\u0635\u0644\u0629: \u0627\u0644\u0635\u0644\u0627\u0629, \u0627\u0644\u0635\u0644\u0627\u0629 \u0645\u0646 \u0623\u062c\u0644 \u0627\u0644\u0622\u062e\u0631\u064a\u0646\" \/>\n<meta property=\"og:url\" content=\"https:\/\/www.orthodoxonline.org\/theology\/tr\/orthodox-library\/virtues-and-spiritual-life\/a-night-in-the-desert-of-the-holy-mountain-discussion-with-a-hermit-on-the-jesus-prayer\/part-v-chapter-ix-saying-the-jesus-prayer-for-others\/\" \/>\n<meta property=\"og:site_name\" content=\"\u0634\u0628\u0643\u0629 \u0623\u0631\u062b\u0648\u0630\u0643\u0633 \u0623\u0648\u0646\u0644\u0627\u064a\u0646\" \/>\n<meta property=\"article:publisher\" content=\"https:\/\/facebook.com\/orthodoxonline\" \/>\n<meta property=\"article:published_time\" content=\"2011-02-18T19:12:43+00:00\" \/>\n<meta property=\"og:image\" content=\"https:\/\/www.orthodoxonline.org\/theology\/wp-content\/uploads\/sites\/3\/2015\/03\/Orthodoxonline-Logo-Featured-Post.png\" \/>\n\t<meta property=\"og:image:width\" content=\"919\" \/>\n\t<meta property=\"og:image:height\" content=\"400\" \/>\n\t<meta property=\"og:image:type\" content=\"image\/png\" \/>\n<meta name=\"author\" content=\"\u0625\u064a\u0631\u0648\u062b\u064a\u0648\u0633 \u0641\u0644\u0627\u062e\u0648\u0633\u060c \u0627\u0644\u0645\u062a\u0631\u0648\u0628\u0648\u0644\u064a\u062a\" \/>\n<meta name=\"twitter:card\" content=\"summary_large_image\" \/>\n<meta name=\"twitter:creator\" content=\"@orthodoxonline\" \/>\n<meta name=\"twitter:site\" content=\"@orthodoxonline\" \/>\n<meta name=\"twitter:label1\" content=\"Yazan:\" \/>\n\t<meta name=\"twitter:data1\" content=\"\u0625\u064a\u0631\u0648\u062b\u064a\u0648\u0633 \u0641\u0644\u0627\u062e\u0648\u0633\u060c \u0627\u0644\u0645\u062a\u0631\u0648\u0628\u0648\u0644\u064a\u062a\" \/>\n<script type=\"application\/ld+json\" class=\"yoast-schema-graph\">{\"@context\":\"https:\\\/\\\/schema.org\",\"@graph\":[{\"@type\":\"Article\",\"@id\":\"https:\\\/\\\/www.orthodoxonline.org\\\/theology\\\/orthodox-library\\\/virtues-and-spiritual-life\\\/a-night-in-the-desert-of-the-holy-mountain-discussion-with-a-hermit-on-the-jesus-prayer\\\/part-v-chapter-ix-saying-the-jesus-prayer-for-others\\\/#article\",\"isPartOf\":{\"@id\":\"https:\\\/\\\/www.orthodoxonline.org\\\/theology\\\/orthodox-library\\\/virtues-and-spiritual-life\\\/a-night-in-the-desert-of-the-holy-mountain-discussion-with-a-hermit-on-the-jesus-prayer\\\/part-v-chapter-ix-saying-the-jesus-prayer-for-others\\\/\"},\"author\":{\"name\":\"\u0625\u064a\u0631\u0648\u062b\u064a\u0648\u0633 \u0641\u0644\u0627\u062e\u0648\u0633\u060c \u0627\u0644\u0645\u062a\u0631\u0648\u0628\u0648\u0644\u064a\u062a\",\"@id\":\"https:\\\/\\\/www.orthodoxonline.org\\\/theology\\\/#\\\/schema\\\/person\\\/0a9d572114b79a21c1bee3963411ece8\"},\"headline\":\"5: 9- \u0627\u0644\u0635\u0644\u0627\u0629 \u0645\u0646 \u0623\u062c\u0644 \u0627\u0644\u0622\u062e\u0631\u064a\u0646\",\"datePublished\":\"2011-02-18T19:12:43+00:00\",\"mainEntityOfPage\":{\"@id\":\"https:\\\/\\\/www.orthodoxonline.org\\\/theology\\\/orthodox-library\\\/virtues-and-spiritual-life\\\/a-night-in-the-desert-of-the-holy-mountain-discussion-with-a-hermit-on-the-jesus-prayer\\\/part-v-chapter-ix-saying-the-jesus-prayer-for-others\\\/\"},\"wordCount\":14,\"publisher\":{\"@id\":\"https:\\\/\\\/www.orthodoxonline.org\\\/theology\\\/#organization\"},\"image\":{\"@id\":\"https:\\\/\\\/www.orthodoxonline.org\\\/theology\\\/orthodox-library\\\/virtues-and-spiritual-life\\\/a-night-in-the-desert-of-the-holy-mountain-discussion-with-a-hermit-on-the-jesus-prayer\\\/part-v-chapter-ix-saying-the-jesus-prayer-for-others\\\/#primaryimage\"},\"thumbnailUrl\":\"https:\\\/\\\/www.orthodoxonline.org\\\/theology\\\/wp-content\\\/uploads\\\/sites\\\/3\\\/2015\\\/03\\\/Orthodoxonline-Logo-Featured-Post.png\",\"keywords\":[\"\u0627\u0644\u0635\u0644\u0627\u0629\",\"\u0627\u0644\u0635\u0644\u0627\u0629 \u0645\u0646 \u0623\u062c\u0644 \u0627\u0644\u0622\u062e\u0631\u064a\u0646\"],\"articleSection\":[\"\u0623\u0645\u0633\u064a\u0629 \u0641\u064a \u0628\u0631\u064a\u0629 \u0627\u0644\u062c\u0628\u0644 \u0627\u0644\u0645\u0642\u062f\u0633 \u0622\u062b\u0648\u0633 - \u062d\u0648\u0627\u0631 \u062d\u0648\u0644 \u0627\u0644\u0635\u0644\u0627\u0629\"],\"inLanguage\":\"tr\"},{\"@type\":\"WebPage\",\"@id\":\"https:\\\/\\\/www.orthodoxonline.org\\\/theology\\\/orthodox-library\\\/virtues-and-spiritual-life\\\/a-night-in-the-desert-of-the-holy-mountain-discussion-with-a-hermit-on-the-jesus-prayer\\\/part-v-chapter-ix-saying-the-jesus-prayer-for-others\\\/\",\"url\":\"https:\\\/\\\/www.orthodoxonline.org\\\/theology\\\/orthodox-library\\\/virtues-and-spiritual-life\\\/a-night-in-the-desert-of-the-holy-mountain-discussion-with-a-hermit-on-the-jesus-prayer\\\/part-v-chapter-ix-saying-the-jesus-prayer-for-others\\\/\",\"name\":\"5: 9- \u0627\u0644\u0635\u0644\u0627\u0629 \u0645\u0646 \u0623\u062c\u0644 \u0627\u0644\u0622\u062e\u0631\u064a\u0646 - \u0623\u0645\u0633\u064a\u0629 \u0641\u064a \u0628\u0631\u064a\u0629 \u0627\u0644\u062c\u0628\u0644 \u0627\u0644\u0645\u0642\u062f\u0633 \u0622\u062b\u0648\u0633 - \u062d\u0648\u0627\u0631 \u062d\u0648\u0644 \u0627\u0644\u0635\u0644\u0627\u0629 - \u0634\u0628\u0643\u0629 \u0623\u0631\u062b\u0648\u0630\u0643\u0633 \u0623\u0648\u0646\u0644\u0627\u064a\u0646\",\"isPartOf\":{\"@id\":\"https:\\\/\\\/www.orthodoxonline.org\\\/theology\\\/#website\"},\"primaryImageOfPage\":{\"@id\":\"https:\\\/\\\/www.orthodoxonline.org\\\/theology\\\/orthodox-library\\\/virtues-and-spiritual-life\\\/a-night-in-the-desert-of-the-holy-mountain-discussion-with-a-hermit-on-the-jesus-prayer\\\/part-v-chapter-ix-saying-the-jesus-prayer-for-others\\\/#primaryimage\"},\"image\":{\"@id\":\"https:\\\/\\\/www.orthodoxonline.org\\\/theology\\\/orthodox-library\\\/virtues-and-spiritual-life\\\/a-night-in-the-desert-of-the-holy-mountain-discussion-with-a-hermit-on-the-jesus-prayer\\\/part-v-chapter-ix-saying-the-jesus-prayer-for-others\\\/#primaryimage\"},\"thumbnailUrl\":\"https:\\\/\\\/www.orthodoxonline.org\\\/theology\\\/wp-content\\\/uploads\\\/sites\\\/3\\\/2015\\\/03\\\/Orthodoxonline-Logo-Featured-Post.png\",\"datePublished\":\"2011-02-18T19:12:43+00:00\",\"description\":\": - \u0647\u0630\u0627 \u062d\u0642 \u0623\u064a\u0647\u0627 \u0627\u0644\u0634\u064a\u062e. \u0625\u0646\u0646\u0627 \u0644\u0645 \u0646\u0642\u0644 \u062d\u062a\u0649 \u0627\u0644\u0622\u0646 \u0634\u064a\u0626\u0627\u064b \u0639\u0646 \u201c\u0627\u0644\u0635\u0644\u0627\u0629\u201d \u0645\u0646 \u0623\u062c\u0644 \u0627\u0644\u0622\u062e\u0631\u064a\u0646 \u0641\u0643\u064a\u0641 \u064a\u0645\u0643\u0646 \u0644\u0644\u0645\u0631\u0621 \u0627\u0633\u062a\u062e\u062f\u0627\u0645\u0647\u0627 \u0641\u064a \u0647\u0630\u0627 \u0627\u0644\u0633\u0628\u064a\u0644\u061f - \u0641\u064a \u0627\u0644\u0639\u0627\u0644\u0645 \u064a\u0627 \u0623\u0628\u062a\u0650 \u0627\u0644\u0643\u062b\u064a\u0631 \u0645\u0646 \u0627\u0644\u0634\u0642\u0627\u0621. \u0645\u0648\u0627\u0636\u064a\u0639 \u0645\u062a\u0635\u0644\u0629: \u0627\u0644\u0635\u0644\u0627\u0629, \u0627\u0644\u0635\u0644\u0627\u0629 \u0645\u0646 \u0623\u062c\u0644 \u0627\u0644\u0622\u062e\u0631\u064a\u0646\",\"breadcrumb\":{\"@id\":\"https:\\\/\\\/www.orthodoxonline.org\\\/theology\\\/orthodox-library\\\/virtues-and-spiritual-life\\\/a-night-in-the-desert-of-the-holy-mountain-discussion-with-a-hermit-on-the-jesus-prayer\\\/part-v-chapter-ix-saying-the-jesus-prayer-for-others\\\/#breadcrumb\"},\"inLanguage\":\"tr\",\"potentialAction\":[{\"@type\":\"ReadAction\",\"target\":[\"https:\\\/\\\/www.orthodoxonline.org\\\/theology\\\/orthodox-library\\\/virtues-and-spiritual-life\\\/a-night-in-the-desert-of-the-holy-mountain-discussion-with-a-hermit-on-the-jesus-prayer\\\/part-v-chapter-ix-saying-the-jesus-prayer-for-others\\\/\"]}]},{\"@type\":\"ImageObject\",\"inLanguage\":\"tr\",\"@id\":\"https:\\\/\\\/www.orthodoxonline.org\\\/theology\\\/orthodox-library\\\/virtues-and-spiritual-life\\\/a-night-in-the-desert-of-the-holy-mountain-discussion-with-a-hermit-on-the-jesus-prayer\\\/part-v-chapter-ix-saying-the-jesus-prayer-for-others\\\/#primaryimage\",\"url\":\"https:\\\/\\\/www.orthodoxonline.org\\\/theology\\\/wp-content\\\/uploads\\\/sites\\\/3\\\/2015\\\/03\\\/Orthodoxonline-Logo-Featured-Post.png\",\"contentUrl\":\"https:\\\/\\\/www.orthodoxonline.org\\\/theology\\\/wp-content\\\/uploads\\\/sites\\\/3\\\/2015\\\/03\\\/Orthodoxonline-Logo-Featured-Post.png\",\"width\":919,\"height\":400},{\"@type\":\"BreadcrumbList\",\"@id\":\"https:\\\/\\\/www.orthodoxonline.org\\\/theology\\\/orthodox-library\\\/virtues-and-spiritual-life\\\/a-night-in-the-desert-of-the-holy-mountain-discussion-with-a-hermit-on-the-jesus-prayer\\\/part-v-chapter-ix-saying-the-jesus-prayer-for-others\\\/#breadcrumb\",\"itemListElement\":[{\"@type\":\"ListItem\",\"position\":1,\"name\":\"\u0627\u0644\u0631\u0626\u064a\u0633\u064a\u0629\",\"item\":\"https:\\\/\\\/www.orthodoxonline.org\\\/theology\\\/\"},{\"@type\":\"ListItem\",\"position\":2,\"name\":\"\u0627\u0644\u0645\u0643\u062a\u0628\u0629 \u0627\u0644\u0623\u0631\u062b\u0648\u0630\u0643\u0633\u064a\u0629\",\"item\":\"https:\\\/\\\/www.orthodoxonline.org\\\/theology\\\/orthodox-library\\\/\"},{\"@type\":\"ListItem\",\"position\":3,\"name\":\"\u0627\u0644\u0641\u0636\u0627\u0626\u0644 \u0648\u0627\u0644\u062d\u064a\u0627\u0629 \u0627\u0644\u0631\u0648\u062d\u064a\u0629\",\"item\":\"https:\\\/\\\/www.orthodoxonline.org\\\/theology\\\/orthodox-library\\\/virtues-and-spiritual-life\\\/\"},{\"@type\":\"ListItem\",\"position\":4,\"name\":\"\u0623\u0645\u0633\u064a\u0629 \u0641\u064a \u0628\u0631\u064a\u0629 \u0627\u0644\u062c\u0628\u0644 \u0627\u0644\u0645\u0642\u062f\u0633 \u0622\u062b\u0648\u0633 - \u062d\u0648\u0627\u0631 \u062d\u0648\u0644 \u0627\u0644\u0635\u0644\u0627\u0629\",\"item\":\"https:\\\/\\\/www.orthodoxonline.org\\\/theology\\\/orthodox-library\\\/virtues-and-spiritual-life\\\/a-night-in-the-desert-of-the-holy-mountain-discussion-with-a-hermit-on-the-jesus-prayer\\\/\"},{\"@type\":\"ListItem\",\"position\":5,\"name\":\"5: 9- \u0627\u0644\u0635\u0644\u0627\u0629 \u0645\u0646 \u0623\u062c\u0644 \u0627\u0644\u0622\u062e\u0631\u064a\u0646\"}]},{\"@type\":\"WebSite\",\"@id\":\"https:\\\/\\\/www.orthodoxonline.org\\\/theology\\\/#website\",\"url\":\"https:\\\/\\\/www.orthodoxonline.org\\\/theology\\\/\",\"name\":\"\u0623\u0631\u062b\u0648\u0630\u0643\u0633 \u0623\u0648\u0646\u0644\u0627\u064a\u0646\",\"description\":\"\u0625\u064a\u0645\u0627\u0646\u060c \u0639\u0642\u0627\u0626\u062f\u060c \u062a\u0627\u0631\u064a\u062e\u060c \u0644\u064a\u062a\u0648\u0631\u062c\u064a\u0629 \u0648\u062d\u064a\u0627\u0629 \u0627\u0644\u0643\u0646\u064a\u0633\u0629 \u0627\u0644\u0623\u0631\u062b\u0648\u0630\u0643\u0633\u064a\u0629 - \u0627\u0644\u0631\u0648\u0645 \u0627\u0644\u0623\u0631\u062b\u0648\u0630\u0643\u0633\",\"publisher\":{\"@id\":\"https:\\\/\\\/www.orthodoxonline.org\\\/theology\\\/#organization\"},\"alternateName\":\"\u0634\u0628\u0643\u0629 \u0623\u0631\u062b\u0648\u0630\u0643\u0633 \u0623\u0648\u0646\u0644\u0627\u064a\u0646\",\"potentialAction\":[{\"@type\":\"SearchAction\",\"target\":{\"@type\":\"EntryPoint\",\"urlTemplate\":\"https:\\\/\\\/www.orthodoxonline.org\\\/theology\\\/?s={search_term_string}\"},\"query-input\":{\"@type\":\"PropertyValueSpecification\",\"valueRequired\":true,\"valueName\":\"search_term_string\"}}],\"inLanguage\":\"tr\"},{\"@type\":\"Organization\",\"@id\":\"https:\\\/\\\/www.orthodoxonline.org\\\/theology\\\/#organization\",\"name\":\"\u0634\u0628\u0643\u0629 \u0623\u0631\u062b\u0648\u0630\u0643\u0633 \u0623\u0648\u0646\u0644\u0627\u064a\u0646\",\"url\":\"https:\\\/\\\/www.orthodoxonline.org\\\/theology\\\/\",\"logo\":{\"@type\":\"ImageObject\",\"inLanguage\":\"tr\",\"@id\":\"https:\\\/\\\/www.orthodoxonline.org\\\/theology\\\/#\\\/schema\\\/logo\\\/image\\\/\",\"url\":\"https:\\\/\\\/www.orthodoxonline.org\\\/theology\\\/wp-content\\\/uploads\\\/sites\\\/3\\\/2023\\\/07\\\/Logo-Header.png\",\"contentUrl\":\"https:\\\/\\\/www.orthodoxonline.org\\\/theology\\\/wp-content\\\/uploads\\\/sites\\\/3\\\/2023\\\/07\\\/Logo-Header.png\",\"width\":200,\"height\":200,\"caption\":\"\u0634\u0628\u0643\u0629 \u0623\u0631\u062b\u0648\u0630\u0643\u0633 \u0623\u0648\u0646\u0644\u0627\u064a\u0646\"},\"image\":{\"@id\":\"https:\\\/\\\/www.orthodoxonline.org\\\/theology\\\/#\\\/schema\\\/logo\\\/image\\\/\"},\"sameAs\":[\"https:\\\/\\\/facebook.com\\\/orthodoxonline\",\"https:\\\/\\\/x.com\\\/orthodoxonline\",\"https:\\\/\\\/www.instagram.com\\\/orthodoxonline\\\/\",\"https:\\\/\\\/www.youtube.com\\\/orthodoxonline\"],\"foundingDate\":\"2006-09-20\"},{\"@type\":\"Person\",\"@id\":\"https:\\\/\\\/www.orthodoxonline.org\\\/theology\\\/#\\\/schema\\\/person\\\/0a9d572114b79a21c1bee3963411ece8\",\"name\":\"\u0625\u064a\u0631\u0648\u062b\u064a\u0648\u0633 \u0641\u0644\u0627\u062e\u0648\u0633\u060c \u0627\u0644\u0645\u062a\u0631\u0648\u0628\u0648\u0644\u064a\u062a\",\"image\":{\"@type\":\"ImageObject\",\"inLanguage\":\"tr\",\"@id\":\"https:\\\/\\\/www.orthodoxonline.org\\\/theology\\\/wp-content\\\/litespeed\\\/avatar\\\/3\\\/397a9a50b65b9562ffe2edadf498ce22.jpg?ver=1777460384\",\"url\":\"https:\\\/\\\/www.orthodoxonline.org\\\/theology\\\/wp-content\\\/litespeed\\\/avatar\\\/3\\\/397a9a50b65b9562ffe2edadf498ce22.jpg?ver=1777460384\",\"contentUrl\":\"https:\\\/\\\/www.orthodoxonline.org\\\/theology\\\/wp-content\\\/litespeed\\\/avatar\\\/3\\\/397a9a50b65b9562ffe2edadf498ce22.jpg?ver=1777460384\",\"caption\":\"\u0625\u064a\u0631\u0648\u062b\u064a\u0648\u0633 \u0641\u0644\u0627\u062e\u0648\u0633\u060c \u0627\u0644\u0645\u062a\u0631\u0648\u0628\u0648\u0644\u064a\u062a\"},\"url\":\"http:\\\/\\\/www.orthodoxonline.org\\\/theology\\\/tr\\\/author\\\/metr-hierotheos-vlachos-of-nafpaktos-ierotheos\\\/\"}]}<\/script>\n<!-- \/ Yoast SEO Premium plugin. -->","yoast_head_json":{"title":"5:9- Ba\u015fkalar\u0131 i\u00e7in dua etmek - Kutsal Athos Da\u011f\u0131&#039;n\u0131n \u00e7\u00f6l\u00fcnde bir ak\u015fam - Dua \u00fczerine diyalog - Ortodoks \u00c7evrimi\u00e7i A\u011f\u0131","description":": - \u0647\u0630\u0627 \u062d\u0642 \u0623\u064a\u0647\u0627 \u0627\u0644\u0634\u064a\u062e. \u0625\u0646\u0646\u0627 \u0644\u0645 \u0646\u0642\u0644 \u062d\u062a\u0649 \u0627\u0644\u0622\u0646 \u0634\u064a\u0626\u0627\u064b \u0639\u0646 \u201c\u0627\u0644\u0635\u0644\u0627\u0629\u201d \u0645\u0646 \u0623\u062c\u0644 \u0627\u0644\u0622\u062e\u0631\u064a\u0646 \u0641\u0643\u064a\u0641 \u064a\u0645\u0643\u0646 \u0644\u0644\u0645\u0631\u0621 \u0627\u0633\u062a\u062e\u062f\u0627\u0645\u0647\u0627 \u0641\u064a \u0647\u0630\u0627 \u0627\u0644\u0633\u0628\u064a\u0644\u061f - \u0641\u064a \u0627\u0644\u0639\u0627\u0644\u0645 \u064a\u0627 \u0623\u0628\u062a\u0650 \u0627\u0644\u0643\u062b\u064a\u0631 \u0645\u0646 \u0627\u0644\u0634\u0642\u0627\u0621. \u0645\u0648\u0627\u0636\u064a\u0639 \u0645\u062a\u0635\u0644\u0629: \u0627\u0644\u0635\u0644\u0627\u0629, \u0627\u0644\u0635\u0644\u0627\u0629 \u0645\u0646 \u0623\u062c\u0644 \u0627\u0644\u0622\u062e\u0631\u064a\u0646","robots":{"index":"index","follow":"follow","max-snippet":"max-snippet:-1","max-image-preview":"max-image-preview:large","max-video-preview":"max-video-preview:-1"},"canonical":"https:\/\/www.orthodoxonline.org\/theology\/tr\/orthodox-library\/virtues-and-spiritual-life\/a-night-in-the-desert-of-the-holy-mountain-discussion-with-a-hermit-on-the-jesus-prayer\/part-v-chapter-ix-saying-the-jesus-prayer-for-others\/","og_locale":"tr_TR","og_type":"article","og_title":"5: 9- \u0627\u0644\u0635\u0644\u0627\u0629 \u0645\u0646 \u0623\u062c\u0644 \u0627\u0644\u0622\u062e\u0631\u064a\u0646 - \u0634\u0628\u0643\u0629 \u0623\u0631\u062b\u0648\u0630\u0643\u0633 \u0623\u0648\u0646\u0644\u0627\u064a\u0646","og_description":":- \u0647\u0630\u0627 \u062d\u0642 \u0623\u064a\u0647\u0627 \u0627\u0644\u0634\u064a\u062e. \u0625\u0646\u0646\u0627 \u0644\u0645 \u0646\u0642\u0644 \u062d\u062a\u0649 \u0627\u0644\u0622\u0646 \u0634\u064a\u0626\u0627\u064b \u0639\u0646 \u201c\u0627\u0644\u0635\u0644\u0627\u0629\u201d \u0645\u0646 \u0623\u062c\u0644 \u0627\u0644\u0622\u062e\u0631\u064a\u0646 \u0641\u0643\u064a\u0641 \u064a\u0645\u0643\u0646 \u0644\u0644\u0645\u0631\u0621 \u0627\u0633\u062a\u062e\u062f\u0627\u0645\u0647\u0627 \u0641\u064a \u0647\u0630\u0627 \u0627\u0644\u0633\u0628\u064a\u0644\u061f - \u0641\u064a \u0627\u0644\u0639\u0627\u0644\u0645 \u064a\u0627 \u0623\u0628\u062a\u0650 \u0627\u0644\u0643\u062b\u064a\u0631 \u0645\u0646 \u0627\u0644\u0634\u0642\u0627\u0621. \u0645\u0648\u0627\u0636\u064a\u0639 \u0645\u062a\u0635\u0644\u0629: \u0627\u0644\u0635\u0644\u0627\u0629, \u0627\u0644\u0635\u0644\u0627\u0629 \u0645\u0646 \u0623\u062c\u0644 \u0627\u0644\u0622\u062e\u0631\u064a\u0646","og_url":"https:\/\/www.orthodoxonline.org\/theology\/tr\/orthodox-library\/virtues-and-spiritual-life\/a-night-in-the-desert-of-the-holy-mountain-discussion-with-a-hermit-on-the-jesus-prayer\/part-v-chapter-ix-saying-the-jesus-prayer-for-others\/","og_site_name":"\u0634\u0628\u0643\u0629 \u0623\u0631\u062b\u0648\u0630\u0643\u0633 \u0623\u0648\u0646\u0644\u0627\u064a\u0646","article_publisher":"https:\/\/facebook.com\/orthodoxonline","article_published_time":"2011-02-18T19:12:43+00:00","og_image":[{"width":919,"height":400,"url":"https:\/\/www.orthodoxonline.org\/theology\/wp-content\/uploads\/sites\/3\/2015\/03\/Orthodoxonline-Logo-Featured-Post.png","type":"image\/png"}],"author":"\u0625\u064a\u0631\u0648\u062b\u064a\u0648\u0633 \u0641\u0644\u0627\u062e\u0648\u0633\u060c \u0627\u0644\u0645\u062a\u0631\u0648\u0628\u0648\u0644\u064a\u062a","twitter_card":"summary_large_image","twitter_creator":"@orthodoxonline","twitter_site":"@orthodoxonline","twitter_misc":{"Yazan:":"\u0625\u064a\u0631\u0648\u062b\u064a\u0648\u0633 \u0641\u0644\u0627\u062e\u0648\u0633\u060c \u0627\u0644\u0645\u062a\u0631\u0648\u0628\u0648\u0644\u064a\u062a"},"schema":{"@context":"https:\/\/schema.org","@graph":[{"@type":"Article","@id":"https:\/\/www.orthodoxonline.org\/theology\/orthodox-library\/virtues-and-spiritual-life\/a-night-in-the-desert-of-the-holy-mountain-discussion-with-a-hermit-on-the-jesus-prayer\/part-v-chapter-ix-saying-the-jesus-prayer-for-others\/#article","isPartOf":{"@id":"https:\/\/www.orthodoxonline.org\/theology\/orthodox-library\/virtues-and-spiritual-life\/a-night-in-the-desert-of-the-holy-mountain-discussion-with-a-hermit-on-the-jesus-prayer\/part-v-chapter-ix-saying-the-jesus-prayer-for-others\/"},"author":{"name":"\u0625\u064a\u0631\u0648\u062b\u064a\u0648\u0633 \u0641\u0644\u0627\u062e\u0648\u0633\u060c \u0627\u0644\u0645\u062a\u0631\u0648\u0628\u0648\u0644\u064a\u062a","@id":"https:\/\/www.orthodoxonline.org\/theology\/#\/schema\/person\/0a9d572114b79a21c1bee3963411ece8"},"headline":"5: 9- \u0627\u0644\u0635\u0644\u0627\u0629 \u0645\u0646 \u0623\u062c\u0644 \u0627\u0644\u0622\u062e\u0631\u064a\u0646","datePublished":"2011-02-18T19:12:43+00:00","mainEntityOfPage":{"@id":"https:\/\/www.orthodoxonline.org\/theology\/orthodox-library\/virtues-and-spiritual-life\/a-night-in-the-desert-of-the-holy-mountain-discussion-with-a-hermit-on-the-jesus-prayer\/part-v-chapter-ix-saying-the-jesus-prayer-for-others\/"},"wordCount":14,"publisher":{"@id":"https:\/\/www.orthodoxonline.org\/theology\/#organization"},"image":{"@id":"https:\/\/www.orthodoxonline.org\/theology\/orthodox-library\/virtues-and-spiritual-life\/a-night-in-the-desert-of-the-holy-mountain-discussion-with-a-hermit-on-the-jesus-prayer\/part-v-chapter-ix-saying-the-jesus-prayer-for-others\/#primaryimage"},"thumbnailUrl":"https:\/\/www.orthodoxonline.org\/theology\/wp-content\/uploads\/sites\/3\/2015\/03\/Orthodoxonline-Logo-Featured-Post.png","keywords":["\u0627\u0644\u0635\u0644\u0627\u0629","\u0627\u0644\u0635\u0644\u0627\u0629 \u0645\u0646 \u0623\u062c\u0644 \u0627\u0644\u0622\u062e\u0631\u064a\u0646"],"articleSection":["\u0623\u0645\u0633\u064a\u0629 \u0641\u064a \u0628\u0631\u064a\u0629 \u0627\u0644\u062c\u0628\u0644 \u0627\u0644\u0645\u0642\u062f\u0633 \u0622\u062b\u0648\u0633 - \u062d\u0648\u0627\u0631 \u062d\u0648\u0644 \u0627\u0644\u0635\u0644\u0627\u0629"],"inLanguage":"tr"},{"@type":"WebPage","@id":"https:\/\/www.orthodoxonline.org\/theology\/orthodox-library\/virtues-and-spiritual-life\/a-night-in-the-desert-of-the-holy-mountain-discussion-with-a-hermit-on-the-jesus-prayer\/part-v-chapter-ix-saying-the-jesus-prayer-for-others\/","url":"https:\/\/www.orthodoxonline.org\/theology\/orthodox-library\/virtues-and-spiritual-life\/a-night-in-the-desert-of-the-holy-mountain-discussion-with-a-hermit-on-the-jesus-prayer\/part-v-chapter-ix-saying-the-jesus-prayer-for-others\/","name":"5:9- Ba\u015fkalar\u0131 i\u00e7in dua etmek - Kutsal Athos Da\u011f\u0131&#039;n\u0131n \u00e7\u00f6l\u00fcnde bir ak\u015fam - Dua \u00fczerine diyalog - Ortodoks \u00c7evrimi\u00e7i A\u011f\u0131","isPartOf":{"@id":"https:\/\/www.orthodoxonline.org\/theology\/#website"},"primaryImageOfPage":{"@id":"https:\/\/www.orthodoxonline.org\/theology\/orthodox-library\/virtues-and-spiritual-life\/a-night-in-the-desert-of-the-holy-mountain-discussion-with-a-hermit-on-the-jesus-prayer\/part-v-chapter-ix-saying-the-jesus-prayer-for-others\/#primaryimage"},"image":{"@id":"https:\/\/www.orthodoxonline.org\/theology\/orthodox-library\/virtues-and-spiritual-life\/a-night-in-the-desert-of-the-holy-mountain-discussion-with-a-hermit-on-the-jesus-prayer\/part-v-chapter-ix-saying-the-jesus-prayer-for-others\/#primaryimage"},"thumbnailUrl":"https:\/\/www.orthodoxonline.org\/theology\/wp-content\/uploads\/sites\/3\/2015\/03\/Orthodoxonline-Logo-Featured-Post.png","datePublished":"2011-02-18T19:12:43+00:00","description":": - \u0647\u0630\u0627 \u062d\u0642 \u0623\u064a\u0647\u0627 \u0627\u0644\u0634\u064a\u062e. \u0625\u0646\u0646\u0627 \u0644\u0645 \u0646\u0642\u0644 \u062d\u062a\u0649 \u0627\u0644\u0622\u0646 \u0634\u064a\u0626\u0627\u064b \u0639\u0646 \u201c\u0627\u0644\u0635\u0644\u0627\u0629\u201d \u0645\u0646 \u0623\u062c\u0644 \u0627\u0644\u0622\u062e\u0631\u064a\u0646 \u0641\u0643\u064a\u0641 \u064a\u0645\u0643\u0646 \u0644\u0644\u0645\u0631\u0621 \u0627\u0633\u062a\u062e\u062f\u0627\u0645\u0647\u0627 \u0641\u064a \u0647\u0630\u0627 \u0627\u0644\u0633\u0628\u064a\u0644\u061f - \u0641\u064a \u0627\u0644\u0639\u0627\u0644\u0645 \u064a\u0627 \u0623\u0628\u062a\u0650 \u0627\u0644\u0643\u062b\u064a\u0631 \u0645\u0646 \u0627\u0644\u0634\u0642\u0627\u0621. \u0645\u0648\u0627\u0636\u064a\u0639 \u0645\u062a\u0635\u0644\u0629: \u0627\u0644\u0635\u0644\u0627\u0629, \u0627\u0644\u0635\u0644\u0627\u0629 \u0645\u0646 \u0623\u062c\u0644 \u0627\u0644\u0622\u062e\u0631\u064a\u0646","breadcrumb":{"@id":"https:\/\/www.orthodoxonline.org\/theology\/orthodox-library\/virtues-and-spiritual-life\/a-night-in-the-desert-of-the-holy-mountain-discussion-with-a-hermit-on-the-jesus-prayer\/part-v-chapter-ix-saying-the-jesus-prayer-for-others\/#breadcrumb"},"inLanguage":"tr","potentialAction":[{"@type":"ReadAction","target":["https:\/\/www.orthodoxonline.org\/theology\/orthodox-library\/virtues-and-spiritual-life\/a-night-in-the-desert-of-the-holy-mountain-discussion-with-a-hermit-on-the-jesus-prayer\/part-v-chapter-ix-saying-the-jesus-prayer-for-others\/"]}]},{"@type":"ImageObject","inLanguage":"tr","@id":"https:\/\/www.orthodoxonline.org\/theology\/orthodox-library\/virtues-and-spiritual-life\/a-night-in-the-desert-of-the-holy-mountain-discussion-with-a-hermit-on-the-jesus-prayer\/part-v-chapter-ix-saying-the-jesus-prayer-for-others\/#primaryimage","url":"https:\/\/www.orthodoxonline.org\/theology\/wp-content\/uploads\/sites\/3\/2015\/03\/Orthodoxonline-Logo-Featured-Post.png","contentUrl":"https:\/\/www.orthodoxonline.org\/theology\/wp-content\/uploads\/sites\/3\/2015\/03\/Orthodoxonline-Logo-Featured-Post.png","width":919,"height":400},{"@type":"BreadcrumbList","@id":"https:\/\/www.orthodoxonline.org\/theology\/orthodox-library\/virtues-and-spiritual-life\/a-night-in-the-desert-of-the-holy-mountain-discussion-with-a-hermit-on-the-jesus-prayer\/part-v-chapter-ix-saying-the-jesus-prayer-for-others\/#breadcrumb","itemListElement":[{"@type":"ListItem","position":1,"name":"\u0627\u0644\u0631\u0626\u064a\u0633\u064a\u0629","item":"https:\/\/www.orthodoxonline.org\/theology\/"},{"@type":"ListItem","position":2,"name":"\u0627\u0644\u0645\u0643\u062a\u0628\u0629 \u0627\u0644\u0623\u0631\u062b\u0648\u0630\u0643\u0633\u064a\u0629","item":"https:\/\/www.orthodoxonline.org\/theology\/orthodox-library\/"},{"@type":"ListItem","position":3,"name":"\u0627\u0644\u0641\u0636\u0627\u0626\u0644 \u0648\u0627\u0644\u062d\u064a\u0627\u0629 \u0627\u0644\u0631\u0648\u062d\u064a\u0629","item":"https:\/\/www.orthodoxonline.org\/theology\/orthodox-library\/virtues-and-spiritual-life\/"},{"@type":"ListItem","position":4,"name":"\u0623\u0645\u0633\u064a\u0629 \u0641\u064a \u0628\u0631\u064a\u0629 \u0627\u0644\u062c\u0628\u0644 \u0627\u0644\u0645\u0642\u062f\u0633 \u0622\u062b\u0648\u0633 - \u062d\u0648\u0627\u0631 \u062d\u0648\u0644 \u0627\u0644\u0635\u0644\u0627\u0629","item":"https:\/\/www.orthodoxonline.org\/theology\/orthodox-library\/virtues-and-spiritual-life\/a-night-in-the-desert-of-the-holy-mountain-discussion-with-a-hermit-on-the-jesus-prayer\/"},{"@type":"ListItem","position":5,"name":"5: 9- \u0627\u0644\u0635\u0644\u0627\u0629 \u0645\u0646 \u0623\u062c\u0644 \u0627\u0644\u0622\u062e\u0631\u064a\u0646"}]},{"@type":"WebSite","@id":"https:\/\/www.orthodoxonline.org\/theology\/#website","url":"https:\/\/www.orthodoxonline.org\/theology\/","name":"Ortodoks \u00c7evrimi\u00e7i","description":"\u0625\u064a\u0645\u0627\u0646\u060c \u0639\u0642\u0627\u0626\u062f\u060c \u062a\u0627\u0631\u064a\u062e\u060c \u0644\u064a\u062a\u0648\u0631\u062c\u064a\u0629 \u0648\u062d\u064a\u0627\u0629 \u0627\u0644\u0643\u0646\u064a\u0633\u0629 \u0627\u0644\u0623\u0631\u062b\u0648\u0630\u0643\u0633\u064a\u0629 - \u0627\u0644\u0631\u0648\u0645 \u0627\u0644\u0623\u0631\u062b\u0648\u0630\u0643\u0633","publisher":{"@id":"https:\/\/www.orthodoxonline.org\/theology\/#organization"},"alternateName":"\u0634\u0628\u0643\u0629 \u0623\u0631\u062b\u0648\u0630\u0643\u0633 \u0623\u0648\u0646\u0644\u0627\u064a\u0646","potentialAction":[{"@type":"SearchAction","target":{"@type":"EntryPoint","urlTemplate":"https:\/\/www.orthodoxonline.org\/theology\/?s={search_term_string}"},"query-input":{"@type":"PropertyValueSpecification","valueRequired":true,"valueName":"search_term_string"}}],"inLanguage":"tr"},{"@type":"Organization","@id":"https:\/\/www.orthodoxonline.org\/theology\/#organization","name":"Ortodoks \u00c7evrimi\u00e7i A\u011f\u0131","url":"https:\/\/www.orthodoxonline.org\/theology\/","logo":{"@type":"ImageObject","inLanguage":"tr","@id":"https:\/\/www.orthodoxonline.org\/theology\/#\/schema\/logo\/image\/","url":"https:\/\/www.orthodoxonline.org\/theology\/wp-content\/uploads\/sites\/3\/2023\/07\/Logo-Header.png","contentUrl":"https:\/\/www.orthodoxonline.org\/theology\/wp-content\/uploads\/sites\/3\/2023\/07\/Logo-Header.png","width":200,"height":200,"caption":"\u0634\u0628\u0643\u0629 \u0623\u0631\u062b\u0648\u0630\u0643\u0633 \u0623\u0648\u0646\u0644\u0627\u064a\u0646"},"image":{"@id":"https:\/\/www.orthodoxonline.org\/theology\/#\/schema\/logo\/image\/"},"sameAs":["https:\/\/facebook.com\/orthodoxonline","https:\/\/x.com\/orthodoxonline","https:\/\/www.instagram.com\/orthodoxonline\/","https:\/\/www.youtube.com\/orthodoxonline"],"foundingDate":"2006-09-20"},{"@type":"Person","@id":"https:\/\/www.orthodoxonline.org\/theology\/#\/schema\/person\/0a9d572114b79a21c1bee3963411ece8","name":"Erotheus Vlachos, Metropolit","image":{"@type":"ImageObject","inLanguage":"tr","@id":"https:\/\/www.orthodoxonline.org\/theology\/wp-content\/litespeed\/avatar\/3\/397a9a50b65b9562ffe2edadf498ce22.jpg?ver=1777460384","url":"https:\/\/www.orthodoxonline.org\/theology\/wp-content\/litespeed\/avatar\/3\/397a9a50b65b9562ffe2edadf498ce22.jpg?ver=1777460384","contentUrl":"https:\/\/www.orthodoxonline.org\/theology\/wp-content\/litespeed\/avatar\/3\/397a9a50b65b9562ffe2edadf498ce22.jpg?ver=1777460384","caption":"\u0625\u064a\u0631\u0648\u062b\u064a\u0648\u0633 \u0641\u0644\u0627\u062e\u0648\u0633\u060c \u0627\u0644\u0645\u062a\u0631\u0648\u0628\u0648\u0644\u064a\u062a"},"url":"http:\/\/www.orthodoxonline.org\/theology\/tr\/author\/metr-hierotheos-vlachos-of-nafpaktos-ierotheos\/"}]}},"wps_subtitle":"","amp_enabled":true,"_links":{"self":[{"href":"http:\/\/www.orthodoxonline.org\/theology\/tr\/wp-json\/wp\/v2\/posts\/2722","targetHints":{"allow":["GET"]}}],"collection":[{"href":"http:\/\/www.orthodoxonline.org\/theology\/tr\/wp-json\/wp\/v2\/posts"}],"about":[{"href":"http:\/\/www.orthodoxonline.org\/theology\/tr\/wp-json\/wp\/v2\/types\/post"}],"author":[{"embeddable":true,"href":"http:\/\/www.orthodoxonline.org\/theology\/tr\/wp-json\/wp\/v2\/users\/31"}],"replies":[{"embeddable":true,"href":"http:\/\/www.orthodoxonline.org\/theology\/tr\/wp-json\/wp\/v2\/comments?post=2722"}],"version-history":[{"count":0,"href":"http:\/\/www.orthodoxonline.org\/theology\/tr\/wp-json\/wp\/v2\/posts\/2722\/revisions"}],"wp:featuredmedia":[{"embeddable":true,"href":"http:\/\/www.orthodoxonline.org\/theology\/tr\/wp-json\/wp\/v2\/media\/3449"}],"wp:attachment":[{"href":"http:\/\/www.orthodoxonline.org\/theology\/tr\/wp-json\/wp\/v2\/media?parent=2722"}],"wp:term":[{"taxonomy":"category","embeddable":true,"href":"http:\/\/www.orthodoxonline.org\/theology\/tr\/wp-json\/wp\/v2\/categories?post=2722"},{"taxonomy":"post_tag","embeddable":true,"href":"http:\/\/www.orthodoxonline.org\/theology\/tr\/wp-json\/wp\/v2\/tags?post=2722"}],"curies":[{"name":"wp","href":"https:\/\/api.w.org\/{rel}","templated":true}]}}